{"id":843,"date":"2015-03-05T16:00:09","date_gmt":"2015-03-05T15:00:09","guid":{"rendered":"https:\/\/www.anjaekstroem.dk\/?p=843"},"modified":"2015-03-05T16:00:09","modified_gmt":"2015-03-05T15:00:09","slug":"konkurrencevinderen-uma-fotoshoot","status":"publish","type":"post","link":"https:\/\/anjaekstroem.dk\/es\/el-ganador-del-concurso-uma-sesion-de-fotos\/","title":{"rendered":"La ganadora del concurso Uma \u2013 su sesi\u00f3n de fotos"},"content":{"rendered":"<p>Hace unos meses imprim\u00ed un concurso de &quot;regalos&quot;, ya sabes, del tipo que le gusta y comparte mi p\u00e1gina de Facebook y todo eso...<\/p>\n<p>La ganadora del concurso fue Uma ????<\/p>\n<p>Uma es una joven adolescente con una modelo en ciernes en su vientre, por lo que tenerla en el estudio fue realmente agradable. Uma ten\u00eda a su madre con ella y juntas descubrieron que les gusta esta foto entre muchas otras ???? Qui\u00e9n sabe, \u00bftal vez la veas mucho m\u00e1s en el futuro?<\/p>\n<p>Recuerda seguirnos en Instagram: anjaekstroem y Facebook.<\/p>\n<p>Fot\u00f3grafo: Yo \/\/ Modelo: Uma<\/p>","protected":false},"excerpt":{"rendered":"<p>Hace unos meses imprim\u00ed un concurso de &quot;regalos&quot;, ya sabes, del tipo que le gusta y comparte mi p\u00e1gina de Facebook y todo eso... La ganadora del concurso fue Uma ???? Uma es una joven adolescente con una modelo en ciernes en su vientre, por lo que tenerla en el estudio fue realmente agradable. Uma ten\u00eda a su madre con ella y [...]<\/p>","protected":false},"author":3,"featured_media":844,"comment_status":"open","ping_status":"open","sticky":false,"template":"","format":"standard","meta":{"_acf_changed":false,"iawp_total_views":22,"footnotes":""},"categories":[71],"tags":[],"class_list":["post-843","post","type-post","status-publish","format-standard","has-post-thumbnail","hentry","category-lidt-af-hvert"],"acf":[],"yoast_head":"<!-- This site is optimized with the Yoast SEO plugin v23.5 - https:\/\/yoast.com\/wordpress\/plugins\/seo\/ -->\n<title>Konkurrencevinderen Uma - hendes fotoshoot<\/title>\n<meta name=\"description\" content=\"Uma blev konkurrencevinderen - og det kom der de fineste billeder ud af. Jeg havde udskrevet en Giveaway konkurrence p\u00e5 Facebook\" \/>\n<meta name=\"robots\" content=\"index, follow, max-snippet:-1, max-image-preview:large, max-video-preview:-1\" \/>\n<link rel=\"canonical\" href=\"https:\/\/anjaekstroem.dk\/es\/el-ganador-del-concurso-uma-sesion-de-fotos\/\" \/>\n<meta property=\"og:locale\" content=\"es_ES\" \/>\n<meta property=\"og:type\" content=\"article\" \/>\n<meta property=\"og:title\" content=\"Konkurrencevinderen Uma - hendes fotoshoot\" \/>\n<meta property=\"og:description\" content=\"Uma blev konkurrencevinderen - og det kom der de fineste billeder ud af. Jeg havde udskrevet en Giveaway konkurrence p\u00e5 Facebook\" \/>\n<meta property=\"og:url\" content=\"https:\/\/anjaekstroem.dk\/es\/el-ganador-del-concurso-uma-sesion-de-fotos\/\" \/>\n<meta property=\"og:site_name\" content=\"Anja Ekstr\u00f8m Creative\" \/>\n<meta property=\"article:published_time\" content=\"2015-03-05T15:00:09+00:00\" \/>\n<meta property=\"og:image\" content=\"https:\/\/anjaekstroem.dk\/wp-content\/uploads\/2016\/07\/uma.jpg\" \/>\n\t<meta property=\"og:image:width\" content=\"2000\" \/>\n\t<meta property=\"og:image:height\" content=\"1333\" \/>\n\t<meta property=\"og:image:type\" content=\"image\/jpeg\" \/>\n<meta name=\"author\" content=\"Anja Ekstr\u00f8m\" \/>\n<meta name=\"twitter:card\" content=\"summary_large_image\" \/>\n<meta name=\"twitter:label1\" content=\"Escrito por\" \/>\n\t<meta name=\"twitter:data1\" content=\"Anja Ekstr\u00f8m\" \/>\n<script type=\"application\/ld+json\" class=\"yoast-schema-graph\">{\"@context\":\"https:\/\/schema.org\",\"@graph\":[{\"@type\":\"Article\",\"@id\":\"https:\/\/anjaekstroem.dk\/konkurrencevinderen-uma-fotoshoot\/#article\",\"isPartOf\":{\"@id\":\"https:\/\/anjaekstroem.dk\/konkurrencevinderen-uma-fotoshoot\/\"},\"author\":{\"name\":\"Anja Ekstr\u00f8m\",\"@id\":\"https:\/\/anjaekstroem.dk\/#\/schema\/person\/ae301236eee86c4cc45c9a0b9b018b26\"},\"headline\":\"Konkurrence-vinderen Uma \u2013 hendes fotoshoot\",\"datePublished\":\"2015-03-05T15:00:09+00:00\",\"dateModified\":\"2015-03-05T15:00:09+00:00\",\"mainEntityOfPage\":{\"@id\":\"https:\/\/anjaekstroem.dk\/konkurrencevinderen-uma-fotoshoot\/\"},\"wordCount\":103,\"commentCount\":25,\"publisher\":{\"@id\":\"https:\/\/anjaekstroem.dk\/#organization\"},\"image\":{\"@id\":\"https:\/\/anjaekstroem.dk\/konkurrencevinderen-uma-fotoshoot\/#primaryimage\"},\"thumbnailUrl\":\"https:\/\/anjaekstroem.dk\/wp-content\/uploads\/2016\/07\/uma.jpg\",\"articleSection\":[\"Lidt af hvert\"],\"inLanguage\":\"es\",\"potentialAction\":[{\"@type\":\"CommentAction\",\"name\":\"Comment\",\"target\":[\"https:\/\/anjaekstroem.dk\/konkurrencevinderen-uma-fotoshoot\/#respond\"]}]},{\"@type\":\"WebPage\",\"@id\":\"https:\/\/anjaekstroem.dk\/konkurrencevinderen-uma-fotoshoot\/\",\"url\":\"https:\/\/anjaekstroem.dk\/konkurrencevinderen-uma-fotoshoot\/\",\"name\":\"Konkurrencevinderen Uma - hendes fotoshoot\",\"isPartOf\":{\"@id\":\"https:\/\/anjaekstroem.dk\/#website\"},\"primaryImageOfPage\":{\"@id\":\"https:\/\/anjaekstroem.dk\/konkurrencevinderen-uma-fotoshoot\/#primaryimage\"},\"image\":{\"@id\":\"https:\/\/anjaekstroem.dk\/konkurrencevinderen-uma-fotoshoot\/#primaryimage\"},\"thumbnailUrl\":\"https:\/\/anjaekstroem.dk\/wp-content\/uploads\/2016\/07\/uma.jpg\",\"datePublished\":\"2015-03-05T15:00:09+00:00\",\"dateModified\":\"2015-03-05T15:00:09+00:00\",\"description\":\"Uma blev konkurrencevinderen - og det kom der de fineste billeder ud af. Jeg havde udskrevet en Giveaway konkurrence p\u00e5 Facebook\",\"breadcrumb\":{\"@id\":\"https:\/\/anjaekstroem.dk\/konkurrencevinderen-uma-fotoshoot\/#breadcrumb\"},\"inLanguage\":\"es\",\"potentialAction\":[{\"@type\":\"ReadAction\",\"target\":[\"https:\/\/anjaekstroem.dk\/konkurrencevinderen-uma-fotoshoot\/\"]}]},{\"@type\":\"ImageObject\",\"inLanguage\":\"es\",\"@id\":\"https:\/\/anjaekstroem.dk\/konkurrencevinderen-uma-fotoshoot\/#primaryimage\",\"url\":\"https:\/\/anjaekstroem.dk\/wp-content\/uploads\/2016\/07\/uma.jpg\",\"contentUrl\":\"https:\/\/anjaekstroem.dk\/wp-content\/uploads\/2016\/07\/uma.jpg\",\"width\":2000,\"height\":1333},{\"@type\":\"BreadcrumbList\",\"@id\":\"https:\/\/anjaekstroem.dk\/konkurrencevinderen-uma-fotoshoot\/#breadcrumb\",\"itemListElement\":[{\"@type\":\"ListItem\",\"position\":1,\"name\":\"Hjem\",\"item\":\"https:\/\/anjaekstroem.dk\/\"},{\"@type\":\"ListItem\",\"position\":2,\"name\":\"Konkurrence-vinderen Uma \u2013 hendes fotoshoot\"}]},{\"@type\":\"WebSite\",\"@id\":\"https:\/\/anjaekstroem.dk\/#website\",\"url\":\"https:\/\/anjaekstroem.dk\/\",\"name\":\"Anja Ekstr\u00f8m Creative\",\"description\":\"Fotograf med sj\u00e6l\",\"publisher\":{\"@id\":\"https:\/\/anjaekstroem.dk\/#organization\"},\"potentialAction\":[{\"@type\":\"SearchAction\",\"target\":{\"@type\":\"EntryPoint\",\"urlTemplate\":\"https:\/\/anjaekstroem.dk\/?s={search_term_string}\"},\"query-input\":{\"@type\":\"PropertyValueSpecification\",\"valueRequired\":true,\"valueName\":\"search_term_string\"}}],\"inLanguage\":\"es\"},{\"@type\":\"Organization\",\"@id\":\"https:\/\/anjaekstroem.dk\/#organization\",\"name\":\"Anja Ekstr\u00f8m Creative\",\"url\":\"https:\/\/anjaekstroem.dk\/\",\"logo\":{\"@type\":\"ImageObject\",\"inLanguage\":\"es\",\"@id\":\"https:\/\/anjaekstroem.dk\/#\/schema\/logo\/image\/\",\"url\":\"https:\/\/anjaekstroem.dk\/wp-content\/uploads\/2021\/10\/AnjaEkstroem-03.png\",\"contentUrl\":\"https:\/\/anjaekstroem.dk\/wp-content\/uploads\/2021\/10\/AnjaEkstroem-03.png\",\"width\":2560,\"height\":662,\"caption\":\"Anja Ekstr\u00f8m Creative\"},\"image\":{\"@id\":\"https:\/\/anjaekstroem.dk\/#\/schema\/logo\/image\/\"}},{\"@type\":\"Person\",\"@id\":\"https:\/\/anjaekstroem.dk\/#\/schema\/person\/ae301236eee86c4cc45c9a0b9b018b26\",\"name\":\"Anja Ekstr\u00f8m\",\"url\":\"https:\/\/anjaekstroem.dk\/es\/author\/anja\/\"}]}<\/script>\n<!-- \/ Yoast SEO plugin. -->","yoast_head_json":{"title":"Konkurrencevinderen Uma - hendes fotoshoot","description":"Uma blev konkurrencevinderen - og det kom der de fineste billeder ud af. Jeg havde udskrevet en Giveaway konkurrence p\u00e5 Facebook","robots":{"index":"index","follow":"follow","max-snippet":"max-snippet:-1","max-image-preview":"max-image-preview:large","max-video-preview":"max-video-preview:-1"},"canonical":"https:\/\/anjaekstroem.dk\/es\/el-ganador-del-concurso-uma-sesion-de-fotos\/","og_locale":"es_ES","og_type":"article","og_title":"Konkurrencevinderen Uma - hendes fotoshoot","og_description":"Uma blev konkurrencevinderen - og det kom der de fineste billeder ud af. Jeg havde udskrevet en Giveaway konkurrence p\u00e5 Facebook","og_url":"https:\/\/anjaekstroem.dk\/es\/el-ganador-del-concurso-uma-sesion-de-fotos\/","og_site_name":"Anja Ekstr\u00f8m Creative","article_published_time":"2015-03-05T15:00:09+00:00","og_image":[{"width":2000,"height":1333,"url":"https:\/\/anjaekstroem.dk\/wp-content\/uploads\/2016\/07\/uma.jpg","type":"image\/jpeg"}],"author":"Anja Ekstr\u00f8m","twitter_card":"summary_large_image","twitter_misc":{"Escrito por":"Anja Ekstr\u00f8m"},"schema":{"@context":"https:\/\/schema.org","@graph":[{"@type":"Article","@id":"https:\/\/anjaekstroem.dk\/konkurrencevinderen-uma-fotoshoot\/#article","isPartOf":{"@id":"https:\/\/anjaekstroem.dk\/konkurrencevinderen-uma-fotoshoot\/"},"author":{"name":"Anja Ekstr\u00f8m","@id":"https:\/\/anjaekstroem.dk\/#\/schema\/person\/ae301236eee86c4cc45c9a0b9b018b26"},"headline":"Konkurrence-vinderen Uma \u2013 hendes fotoshoot","datePublished":"2015-03-05T15:00:09+00:00","dateModified":"2015-03-05T15:00:09+00:00","mainEntityOfPage":{"@id":"https:\/\/anjaekstroem.dk\/konkurrencevinderen-uma-fotoshoot\/"},"wordCount":103,"commentCount":25,"publisher":{"@id":"https:\/\/anjaekstroem.dk\/#organization"},"image":{"@id":"https:\/\/anjaekstroem.dk\/konkurrencevinderen-uma-fotoshoot\/#primaryimage"},"thumbnailUrl":"https:\/\/anjaekstroem.dk\/wp-content\/uploads\/2016\/07\/uma.jpg","articleSection":["Lidt af hvert"],"inLanguage":"es","potentialAction":[{"@type":"CommentAction","name":"Comment","target":["https:\/\/anjaekstroem.dk\/konkurrencevinderen-uma-fotoshoot\/#respond"]}]},{"@type":"WebPage","@id":"https:\/\/anjaekstroem.dk\/konkurrencevinderen-uma-fotoshoot\/","url":"https:\/\/anjaekstroem.dk\/konkurrencevinderen-uma-fotoshoot\/","name":"Konkurrencevinderen Uma - hendes fotoshoot","isPartOf":{"@id":"https:\/\/anjaekstroem.dk\/#website"},"primaryImageOfPage":{"@id":"https:\/\/anjaekstroem.dk\/konkurrencevinderen-uma-fotoshoot\/#primaryimage"},"image":{"@id":"https:\/\/anjaekstroem.dk\/konkurrencevinderen-uma-fotoshoot\/#primaryimage"},"thumbnailUrl":"https:\/\/anjaekstroem.dk\/wp-content\/uploads\/2016\/07\/uma.jpg","datePublished":"2015-03-05T15:00:09+00:00","dateModified":"2015-03-05T15:00:09+00:00","description":"Uma blev konkurrencevinderen - og det kom der de fineste billeder ud af. Jeg havde udskrevet en Giveaway konkurrence p\u00e5 Facebook","breadcrumb":{"@id":"https:\/\/anjaekstroem.dk\/konkurrencevinderen-uma-fotoshoot\/#breadcrumb"},"inLanguage":"es","potentialAction":[{"@type":"ReadAction","target":["https:\/\/anjaekstroem.dk\/konkurrencevinderen-uma-fotoshoot\/"]}]},{"@type":"ImageObject","inLanguage":"es","@id":"https:\/\/anjaekstroem.dk\/konkurrencevinderen-uma-fotoshoot\/#primaryimage","url":"https:\/\/anjaekstroem.dk\/wp-content\/uploads\/2016\/07\/uma.jpg","contentUrl":"https:\/\/anjaekstroem.dk\/wp-content\/uploads\/2016\/07\/uma.jpg","width":2000,"height":1333},{"@type":"BreadcrumbList","@id":"https:\/\/anjaekstroem.dk\/konkurrencevinderen-uma-fotoshoot\/#breadcrumb","itemListElement":[{"@type":"ListItem","position":1,"name":"Hjem","item":"https:\/\/anjaekstroem.dk\/"},{"@type":"ListItem","position":2,"name":"Konkurrence-vinderen Uma \u2013 hendes fotoshoot"}]},{"@type":"WebSite","@id":"https:\/\/anjaekstroem.dk\/#website","url":"https:\/\/anjaekstroem.dk\/","name":"Anja Ekstr\u00f8m Creative","description":"Fotograf med sj\u00e6l","publisher":{"@id":"https:\/\/anjaekstroem.dk\/#organization"},"potentialAction":[{"@type":"SearchAction","target":{"@type":"EntryPoint","urlTemplate":"https:\/\/anjaekstroem.dk\/?s={search_term_string}"},"query-input":{"@type":"PropertyValueSpecification","valueRequired":true,"valueName":"search_term_string"}}],"inLanguage":"es"},{"@type":"Organization","@id":"https:\/\/anjaekstroem.dk\/#organization","name":"Anja Ekstr\u00f8m Creative","url":"https:\/\/anjaekstroem.dk\/","logo":{"@type":"ImageObject","inLanguage":"es","@id":"https:\/\/anjaekstroem.dk\/#\/schema\/logo\/image\/","url":"https:\/\/anjaekstroem.dk\/wp-content\/uploads\/2021\/10\/AnjaEkstroem-03.png","contentUrl":"https:\/\/anjaekstroem.dk\/wp-content\/uploads\/2021\/10\/AnjaEkstroem-03.png","width":2560,"height":662,"caption":"Anja Ekstr\u00f8m Creative"},"image":{"@id":"https:\/\/anjaekstroem.dk\/#\/schema\/logo\/image\/"}},{"@type":"Person","@id":"https:\/\/anjaekstroem.dk\/#\/schema\/person\/ae301236eee86c4cc45c9a0b9b018b26","name":"Anja Ekstr\u00f8m","url":"https:\/\/anjaekstroem.dk\/es\/author\/anja\/"}]}},"_links":{"self":[{"href":"https:\/\/anjaekstroem.dk\/es\/wp-json\/wp\/v2\/posts\/843","targetHints":{"allow":["GET"]}}],"collection":[{"href":"https:\/\/anjaekstroem.dk\/es\/wp-json\/wp\/v2\/posts"}],"about":[{"href":"https:\/\/anjaekstroem.dk\/es\/wp-json\/wp\/v2\/types\/post"}],"author":[{"embeddable":true,"href":"https:\/\/anjaekstroem.dk\/es\/wp-json\/wp\/v2\/users\/3"}],"replies":[{"embeddable":true,"href":"https:\/\/anjaekstroem.dk\/es\/wp-json\/wp\/v2\/comments?post=843"}],"version-history":[{"count":0,"href":"https:\/\/anjaekstroem.dk\/es\/wp-json\/wp\/v2\/posts\/843\/revisions"}],"wp:featuredmedia":[{"embeddable":true,"href":"https:\/\/anjaekstroem.dk\/es\/wp-json\/wp\/v2\/media\/844"}],"wp:attachment":[{"href":"https:\/\/anjaekstroem.dk\/es\/wp-json\/wp\/v2\/media?parent=843"}],"wp:term":[{"taxonomy":"category","embeddable":true,"href":"https:\/\/anjaekstroem.dk\/es\/wp-json\/wp\/v2\/categories?post=843"},{"taxonomy":"post_tag","embeddable":true,"href":"https:\/\/anjaekstroem.dk\/es\/wp-json\/wp\/v2\/tags?post=843"}],"curies":[{"name":"wp","href":"https:\/\/api.w.org\/{rel}","templated":true}]}}