{"id":766,"date":"2015-08-25T15:37:55","date_gmt":"2015-08-25T13:37:55","guid":{"rendered":"https:\/\/www.anjaekstroem.dk\/?p=766"},"modified":"2015-08-25T15:37:55","modified_gmt":"2015-08-25T13:37:55","slug":"de-vanvittige-ideer-er-nogle-gange-de-fedeste","status":"publish","type":"post","link":"https:\/\/anjaekstroem.dk\/es\/las-ideas-mas-locas-a-veces-son-las-mas-geniales\/","title":{"rendered":"Las ideas m\u00e1s locas a veces son las M\u00c1S GENIALES"},"content":{"rendered":"<p>\u00bfSabes que... tienes una idea loca... piensas, &quot;no, eso es demasiado loco&quot;, pero no puedes dejar de pensar? Hay humo en el fondo - la vida contin\u00faa y DE REPENTE conoces a otra persona que est\u00e1 igual de loca si no m\u00e1s - juntos se les ocurre una idea LOCA... y ENTONCES se vuelve loco...<\/p>\n<p>Realmente AMO las sesiones de fotos creativas, algo que no es como &quot;todo lo dem\u00e1s&quot;... s\u00f3lo que de vez en cuando, puedes volverte loco ????<\/p>\n<p>Conoc\u00ed a Jesper Kristian... un fot\u00f3grafo de Aalborg que REALMENTE est\u00e1 en camino... est\u00e1 tan loco... crea los arreglos florales m\u00e1s bellos y salvajes en sus sesiones... \u00a1\u00c9L MISMO! No me llev\u00f3 mucho tiempo convencer a Jesper Kristian de un viaje a Copenhague, en mi estudio (Studio CPH), pero no de tomar sus propias fotograf\u00edas... noooo no.... Se supon\u00eda que \u00e9l ser\u00eda un &quot;estilista&quot; en mi sesi\u00f3n de fotos y har\u00eda algunos de sus hermosos arreglos florales. Afortunadamente para M\u00cd, \u00e9l est\u00e1 muy contento con MI trabajo, por lo que dijo S\u00cd inmediatamente, sin dudarlo\u2026. ahora hab\u00eda que planificar\u2026.<\/p>\n<p>Acordamos 2 estilos: uno con forma de &quot;hongo&quot; y un &quot;casco&quot;, por as\u00ed decirlo... Fotografiar\u00eda algunos con luz natural y otros con luces de estudio, para darle a las dos hermosas configuraciones &quot;cada una su propia vida&quot;. si tiene sentido\u2026.<\/p>\n<p>Le pregunt\u00e9 a mi bella amiga modelo Linea si quer\u00eda ser &quot;v\u00edctima&quot; y S\u00cd lo har\u00eda. \u00a1Susanne tambi\u00e9n quer\u00eda ser nuestra maquilladora y tambi\u00e9n vino desde Jutlandia para manejar los pinceles! \u00a1\u00a1Qu\u00e9 equipo!!<br \/>\n<strong><br \/>\nEn el set:<\/strong><br \/>\nModelo: <a href=\"https:\/\/www.facebook.com\/lineakalnaes?fref=ts\">L\u00ednea Kornby Kaln\u00e6s<\/a><br \/>\nMaquillaje\/Peinado: <a href=\"https:\/\/www.facebook.com\/MakeupArtistSusMarxen\/?pnref=lhc\">Susanne Marxen<\/a><br \/>\nMaestro de las flores: <a href=\"https:\/\/www.facebook.com\/JesperKristianPhotography\/?fref=ts&amp;locale=da_DK\">jespe cristiano<\/a><br \/>\nFot\u00f3grafo\/Retoque: (yo) <a href=\"http:\/\/www.facebook.com\/AEkstroem\">Anja Ekstrom<\/a><\/p>\n<p>Haga clic en los nombres para acceder a las respectivas p\u00e1ginas de Facebook.<\/p>\n<p>\u00a1\u00a1DISFRUTAR!! \u2013 \u00a1\u00a1LO HICISTE!!<br \/>\n<strong>XOXO<br \/>\nAnja<\/strong><\/p>\n<p>LAS HERMOSAS FOTOS TERMINADAS:<\/p>","protected":false},"excerpt":{"rendered":"<p>\u00bfSabes que... tienes una idea loca... piensas, &quot;no, eso es demasiado loco&quot;, pero no puedes dejar de pensar? Hay humo de fondo - la vida contin\u00faa y DE REPENTE conoces a otra persona que est\u00e1 igual de loca si no m\u00e1s - juntos se les ocurre una idea LOCA... y ENTONCES [\u2026]<\/p>","protected":false},"author":3,"featured_media":772,"comment_status":"open","ping_status":"open","sticky":false,"template":"","format":"standard","meta":{"_acf_changed":false,"iawp_total_views":61,"footnotes":""},"categories":[52,71,53],"tags":[],"class_list":["post-766","post","type-post","status-publish","format-standard","has-post-thumbnail","hentry","category-fotoshoots","category-lidt-af-hvert","category-magasiner"],"acf":[],"yoast_head":"<!-- This site is optimized with the Yoast SEO plugin v23.5 - https:\/\/yoast.com\/wordpress\/plugins\/seo\/ -->\n<title>De vanvittige ideer er nogle gange de fedeste<\/title>\n<meta name=\"description\" content=\"Kender I det n\u00e5r man f\u00e5r en vanvittig id\u00e9 og bare t\u00e6nker..aaarrh - det er for cracy, men man kan ikke slippe tanken?Den ryger i baggrunden\" \/>\n<meta name=\"robots\" content=\"index, follow, max-snippet:-1, max-image-preview:large, max-video-preview:-1\" \/>\n<link rel=\"canonical\" href=\"https:\/\/anjaekstroem.dk\/es\/las-ideas-mas-locas-a-veces-son-las-mas-geniales\/\" \/>\n<meta property=\"og:locale\" content=\"es_ES\" \/>\n<meta property=\"og:type\" content=\"article\" \/>\n<meta property=\"og:title\" content=\"De vanvittige ideer er nogle gange de fedeste\" \/>\n<meta property=\"og:description\" content=\"Kender I det n\u00e5r man f\u00e5r en vanvittig id\u00e9 og bare t\u00e6nker..aaarrh - det er for cracy, men man kan ikke slippe tanken?Den ryger i baggrunden\" \/>\n<meta property=\"og:url\" content=\"https:\/\/anjaekstroem.dk\/es\/las-ideas-mas-locas-a-veces-son-las-mas-geniales\/\" \/>\n<meta property=\"og:site_name\" content=\"Anja Ekstr\u00f8m Creative\" \/>\n<meta property=\"article:published_time\" content=\"2015-08-25T13:37:55+00:00\" \/>\n<meta property=\"og:image\" content=\"https:\/\/anjaekstroem.dk\/wp-content\/uploads\/2016\/07\/beauty-blomster.jpg\" \/>\n\t<meta property=\"og:image:width\" content=\"900\" \/>\n\t<meta property=\"og:image:height\" content=\"1350\" \/>\n\t<meta property=\"og:image:type\" content=\"image\/jpeg\" \/>\n<meta name=\"author\" content=\"Anja Ekstr\u00f8m\" \/>\n<meta name=\"twitter:card\" content=\"summary_large_image\" \/>\n<meta name=\"twitter:label1\" content=\"Escrito por\" \/>\n\t<meta name=\"twitter:data1\" content=\"Anja Ekstr\u00f8m\" \/>\n\t<meta name=\"twitter:label2\" content=\"Tiempo de lectura\" \/>\n\t<meta name=\"twitter:data2\" content=\"2 minutos\" \/>\n<script type=\"application\/ld+json\" class=\"yoast-schema-graph\">{\"@context\":\"https:\/\/schema.org\",\"@graph\":[{\"@type\":\"Article\",\"@id\":\"https:\/\/anjaekstroem.dk\/de-vanvittige-ideer-er-nogle-gange-de-fedeste\/#article\",\"isPartOf\":{\"@id\":\"https:\/\/anjaekstroem.dk\/de-vanvittige-ideer-er-nogle-gange-de-fedeste\/\"},\"author\":{\"name\":\"Anja Ekstr\u00f8m\",\"@id\":\"https:\/\/anjaekstroem.dk\/#\/schema\/person\/ae301236eee86c4cc45c9a0b9b018b26\"},\"headline\":\"De vanvittige ideer er nogle gange de FEDESTE\",\"datePublished\":\"2015-08-25T13:37:55+00:00\",\"dateModified\":\"2015-08-25T13:37:55+00:00\",\"mainEntityOfPage\":{\"@id\":\"https:\/\/anjaekstroem.dk\/de-vanvittige-ideer-er-nogle-gange-de-fedeste\/\"},\"wordCount\":322,\"commentCount\":30,\"publisher\":{\"@id\":\"https:\/\/anjaekstroem.dk\/#organization\"},\"image\":{\"@id\":\"https:\/\/anjaekstroem.dk\/de-vanvittige-ideer-er-nogle-gange-de-fedeste\/#primaryimage\"},\"thumbnailUrl\":\"https:\/\/anjaekstroem.dk\/wp-content\/uploads\/2016\/07\/beauty-blomster.jpg\",\"articleSection\":[\"Fotoshoots\",\"Lidt af hvert\",\"Magasiner\"],\"inLanguage\":\"es\",\"potentialAction\":[{\"@type\":\"CommentAction\",\"name\":\"Comment\",\"target\":[\"https:\/\/anjaekstroem.dk\/de-vanvittige-ideer-er-nogle-gange-de-fedeste\/#respond\"]}]},{\"@type\":\"WebPage\",\"@id\":\"https:\/\/anjaekstroem.dk\/de-vanvittige-ideer-er-nogle-gange-de-fedeste\/\",\"url\":\"https:\/\/anjaekstroem.dk\/de-vanvittige-ideer-er-nogle-gange-de-fedeste\/\",\"name\":\"De vanvittige ideer er nogle gange de fedeste\",\"isPartOf\":{\"@id\":\"https:\/\/anjaekstroem.dk\/#website\"},\"primaryImageOfPage\":{\"@id\":\"https:\/\/anjaekstroem.dk\/de-vanvittige-ideer-er-nogle-gange-de-fedeste\/#primaryimage\"},\"image\":{\"@id\":\"https:\/\/anjaekstroem.dk\/de-vanvittige-ideer-er-nogle-gange-de-fedeste\/#primaryimage\"},\"thumbnailUrl\":\"https:\/\/anjaekstroem.dk\/wp-content\/uploads\/2016\/07\/beauty-blomster.jpg\",\"datePublished\":\"2015-08-25T13:37:55+00:00\",\"dateModified\":\"2015-08-25T13:37:55+00:00\",\"description\":\"Kender I det n\u00e5r man f\u00e5r en vanvittig id\u00e9 og bare t\u00e6nker..aaarrh - det er for cracy, men man kan ikke slippe tanken?Den ryger i baggrunden\",\"breadcrumb\":{\"@id\":\"https:\/\/anjaekstroem.dk\/de-vanvittige-ideer-er-nogle-gange-de-fedeste\/#breadcrumb\"},\"inLanguage\":\"es\",\"potentialAction\":[{\"@type\":\"ReadAction\",\"target\":[\"https:\/\/anjaekstroem.dk\/de-vanvittige-ideer-er-nogle-gange-de-fedeste\/\"]}]},{\"@type\":\"ImageObject\",\"inLanguage\":\"es\",\"@id\":\"https:\/\/anjaekstroem.dk\/de-vanvittige-ideer-er-nogle-gange-de-fedeste\/#primaryimage\",\"url\":\"https:\/\/anjaekstroem.dk\/wp-content\/uploads\/2016\/07\/beauty-blomster.jpg\",\"contentUrl\":\"https:\/\/anjaekstroem.dk\/wp-content\/uploads\/2016\/07\/beauty-blomster.jpg\",\"width\":900,\"height\":1350,\"caption\":\"Beauty blomster - fotograf Anja Ekstr\u00f8m K\u00f8benhavn\"},{\"@type\":\"BreadcrumbList\",\"@id\":\"https:\/\/anjaekstroem.dk\/de-vanvittige-ideer-er-nogle-gange-de-fedeste\/#breadcrumb\",\"itemListElement\":[{\"@type\":\"ListItem\",\"position\":1,\"name\":\"Hjem\",\"item\":\"https:\/\/anjaekstroem.dk\/\"},{\"@type\":\"ListItem\",\"position\":2,\"name\":\"De vanvittige ideer er nogle gange de FEDESTE\"}]},{\"@type\":\"WebSite\",\"@id\":\"https:\/\/anjaekstroem.dk\/#website\",\"url\":\"https:\/\/anjaekstroem.dk\/\",\"name\":\"Anja Ekstr\u00f8m Creative\",\"description\":\"Fotograf med sj\u00e6l\",\"publisher\":{\"@id\":\"https:\/\/anjaekstroem.dk\/#organization\"},\"potentialAction\":[{\"@type\":\"SearchAction\",\"target\":{\"@type\":\"EntryPoint\",\"urlTemplate\":\"https:\/\/anjaekstroem.dk\/?s={search_term_string}\"},\"query-input\":{\"@type\":\"PropertyValueSpecification\",\"valueRequired\":true,\"valueName\":\"search_term_string\"}}],\"inLanguage\":\"es\"},{\"@type\":\"Organization\",\"@id\":\"https:\/\/anjaekstroem.dk\/#organization\",\"name\":\"Anja Ekstr\u00f8m Creative\",\"url\":\"https:\/\/anjaekstroem.dk\/\",\"logo\":{\"@type\":\"ImageObject\",\"inLanguage\":\"es\",\"@id\":\"https:\/\/anjaekstroem.dk\/#\/schema\/logo\/image\/\",\"url\":\"https:\/\/anjaekstroem.dk\/wp-content\/uploads\/2021\/10\/AnjaEkstroem-03.png\",\"contentUrl\":\"https:\/\/anjaekstroem.dk\/wp-content\/uploads\/2021\/10\/AnjaEkstroem-03.png\",\"width\":2560,\"height\":662,\"caption\":\"Anja Ekstr\u00f8m Creative\"},\"image\":{\"@id\":\"https:\/\/anjaekstroem.dk\/#\/schema\/logo\/image\/\"}},{\"@type\":\"Person\",\"@id\":\"https:\/\/anjaekstroem.dk\/#\/schema\/person\/ae301236eee86c4cc45c9a0b9b018b26\",\"name\":\"Anja Ekstr\u00f8m\",\"url\":\"https:\/\/anjaekstroem.dk\/es\/author\/anja\/\"}]}<\/script>\n<!-- \/ Yoast SEO plugin. -->","yoast_head_json":{"title":"De vanvittige ideer er nogle gange de fedeste","description":"Kender I det n\u00e5r man f\u00e5r en vanvittig id\u00e9 og bare t\u00e6nker..aaarrh - det er for cracy, men man kan ikke slippe tanken?Den ryger i baggrunden","robots":{"index":"index","follow":"follow","max-snippet":"max-snippet:-1","max-image-preview":"max-image-preview:large","max-video-preview":"max-video-preview:-1"},"canonical":"https:\/\/anjaekstroem.dk\/es\/las-ideas-mas-locas-a-veces-son-las-mas-geniales\/","og_locale":"es_ES","og_type":"article","og_title":"De vanvittige ideer er nogle gange de fedeste","og_description":"Kender I det n\u00e5r man f\u00e5r en vanvittig id\u00e9 og bare t\u00e6nker..aaarrh - det er for cracy, men man kan ikke slippe tanken?Den ryger i baggrunden","og_url":"https:\/\/anjaekstroem.dk\/es\/las-ideas-mas-locas-a-veces-son-las-mas-geniales\/","og_site_name":"Anja Ekstr\u00f8m Creative","article_published_time":"2015-08-25T13:37:55+00:00","og_image":[{"width":900,"height":1350,"url":"https:\/\/anjaekstroem.dk\/wp-content\/uploads\/2016\/07\/beauty-blomster.jpg","type":"image\/jpeg"}],"author":"Anja Ekstr\u00f8m","twitter_card":"summary_large_image","twitter_misc":{"Escrito por":"Anja Ekstr\u00f8m","Tiempo de lectura":"2 minutos"},"schema":{"@context":"https:\/\/schema.org","@graph":[{"@type":"Article","@id":"https:\/\/anjaekstroem.dk\/de-vanvittige-ideer-er-nogle-gange-de-fedeste\/#article","isPartOf":{"@id":"https:\/\/anjaekstroem.dk\/de-vanvittige-ideer-er-nogle-gange-de-fedeste\/"},"author":{"name":"Anja Ekstr\u00f8m","@id":"https:\/\/anjaekstroem.dk\/#\/schema\/person\/ae301236eee86c4cc45c9a0b9b018b26"},"headline":"De vanvittige ideer er nogle gange de FEDESTE","datePublished":"2015-08-25T13:37:55+00:00","dateModified":"2015-08-25T13:37:55+00:00","mainEntityOfPage":{"@id":"https:\/\/anjaekstroem.dk\/de-vanvittige-ideer-er-nogle-gange-de-fedeste\/"},"wordCount":322,"commentCount":30,"publisher":{"@id":"https:\/\/anjaekstroem.dk\/#organization"},"image":{"@id":"https:\/\/anjaekstroem.dk\/de-vanvittige-ideer-er-nogle-gange-de-fedeste\/#primaryimage"},"thumbnailUrl":"https:\/\/anjaekstroem.dk\/wp-content\/uploads\/2016\/07\/beauty-blomster.jpg","articleSection":["Fotoshoots","Lidt af hvert","Magasiner"],"inLanguage":"es","potentialAction":[{"@type":"CommentAction","name":"Comment","target":["https:\/\/anjaekstroem.dk\/de-vanvittige-ideer-er-nogle-gange-de-fedeste\/#respond"]}]},{"@type":"WebPage","@id":"https:\/\/anjaekstroem.dk\/de-vanvittige-ideer-er-nogle-gange-de-fedeste\/","url":"https:\/\/anjaekstroem.dk\/de-vanvittige-ideer-er-nogle-gange-de-fedeste\/","name":"De vanvittige ideer er nogle gange de fedeste","isPartOf":{"@id":"https:\/\/anjaekstroem.dk\/#website"},"primaryImageOfPage":{"@id":"https:\/\/anjaekstroem.dk\/de-vanvittige-ideer-er-nogle-gange-de-fedeste\/#primaryimage"},"image":{"@id":"https:\/\/anjaekstroem.dk\/de-vanvittige-ideer-er-nogle-gange-de-fedeste\/#primaryimage"},"thumbnailUrl":"https:\/\/anjaekstroem.dk\/wp-content\/uploads\/2016\/07\/beauty-blomster.jpg","datePublished":"2015-08-25T13:37:55+00:00","dateModified":"2015-08-25T13:37:55+00:00","description":"Kender I det n\u00e5r man f\u00e5r en vanvittig id\u00e9 og bare t\u00e6nker..aaarrh - det er for cracy, men man kan ikke slippe tanken?Den ryger i baggrunden","breadcrumb":{"@id":"https:\/\/anjaekstroem.dk\/de-vanvittige-ideer-er-nogle-gange-de-fedeste\/#breadcrumb"},"inLanguage":"es","potentialAction":[{"@type":"ReadAction","target":["https:\/\/anjaekstroem.dk\/de-vanvittige-ideer-er-nogle-gange-de-fedeste\/"]}]},{"@type":"ImageObject","inLanguage":"es","@id":"https:\/\/anjaekstroem.dk\/de-vanvittige-ideer-er-nogle-gange-de-fedeste\/#primaryimage","url":"https:\/\/anjaekstroem.dk\/wp-content\/uploads\/2016\/07\/beauty-blomster.jpg","contentUrl":"https:\/\/anjaekstroem.dk\/wp-content\/uploads\/2016\/07\/beauty-blomster.jpg","width":900,"height":1350,"caption":"Beauty blomster - fotograf Anja Ekstr\u00f8m K\u00f8benhavn"},{"@type":"BreadcrumbList","@id":"https:\/\/anjaekstroem.dk\/de-vanvittige-ideer-er-nogle-gange-de-fedeste\/#breadcrumb","itemListElement":[{"@type":"ListItem","position":1,"name":"Hjem","item":"https:\/\/anjaekstroem.dk\/"},{"@type":"ListItem","position":2,"name":"De vanvittige ideer er nogle gange de FEDESTE"}]},{"@type":"WebSite","@id":"https:\/\/anjaekstroem.dk\/#website","url":"https:\/\/anjaekstroem.dk\/","name":"Anja Ekstr\u00f8m Creative","description":"Fotograf med sj\u00e6l","publisher":{"@id":"https:\/\/anjaekstroem.dk\/#organization"},"potentialAction":[{"@type":"SearchAction","target":{"@type":"EntryPoint","urlTemplate":"https:\/\/anjaekstroem.dk\/?s={search_term_string}"},"query-input":{"@type":"PropertyValueSpecification","valueRequired":true,"valueName":"search_term_string"}}],"inLanguage":"es"},{"@type":"Organization","@id":"https:\/\/anjaekstroem.dk\/#organization","name":"Anja Ekstr\u00f8m Creative","url":"https:\/\/anjaekstroem.dk\/","logo":{"@type":"ImageObject","inLanguage":"es","@id":"https:\/\/anjaekstroem.dk\/#\/schema\/logo\/image\/","url":"https:\/\/anjaekstroem.dk\/wp-content\/uploads\/2021\/10\/AnjaEkstroem-03.png","contentUrl":"https:\/\/anjaekstroem.dk\/wp-content\/uploads\/2021\/10\/AnjaEkstroem-03.png","width":2560,"height":662,"caption":"Anja Ekstr\u00f8m Creative"},"image":{"@id":"https:\/\/anjaekstroem.dk\/#\/schema\/logo\/image\/"}},{"@type":"Person","@id":"https:\/\/anjaekstroem.dk\/#\/schema\/person\/ae301236eee86c4cc45c9a0b9b018b26","name":"Anja Ekstr\u00f8m","url":"https:\/\/anjaekstroem.dk\/es\/author\/anja\/"}]}},"_links":{"self":[{"href":"https:\/\/anjaekstroem.dk\/es\/wp-json\/wp\/v2\/posts\/766","targetHints":{"allow":["GET"]}}],"collection":[{"href":"https:\/\/anjaekstroem.dk\/es\/wp-json\/wp\/v2\/posts"}],"about":[{"href":"https:\/\/anjaekstroem.dk\/es\/wp-json\/wp\/v2\/types\/post"}],"author":[{"embeddable":true,"href":"https:\/\/anjaekstroem.dk\/es\/wp-json\/wp\/v2\/users\/3"}],"replies":[{"embeddable":true,"href":"https:\/\/anjaekstroem.dk\/es\/wp-json\/wp\/v2\/comments?post=766"}],"version-history":[{"count":0,"href":"https:\/\/anjaekstroem.dk\/es\/wp-json\/wp\/v2\/posts\/766\/revisions"}],"wp:featuredmedia":[{"embeddable":true,"href":"https:\/\/anjaekstroem.dk\/es\/wp-json\/wp\/v2\/media\/772"}],"wp:attachment":[{"href":"https:\/\/anjaekstroem.dk\/es\/wp-json\/wp\/v2\/media?parent=766"}],"wp:term":[{"taxonomy":"category","embeddable":true,"href":"https:\/\/anjaekstroem.dk\/es\/wp-json\/wp\/v2\/categories?post=766"},{"taxonomy":"post_tag","embeddable":true,"href":"https:\/\/anjaekstroem.dk\/es\/wp-json\/wp\/v2\/tags?post=766"}],"curies":[{"name":"wp","href":"https:\/\/api.w.org\/{rel}","templated":true}]}}