{"id":755,"date":"2015-09-03T15:33:34","date_gmt":"2015-09-03T13:33:34","guid":{"rendered":"https:\/\/www.anjaekstroem.dk\/?p=755"},"modified":"2015-09-03T15:33:34","modified_gmt":"2015-09-03T13:33:34","slug":"nar-det-endelig-lykkedes","status":"publish","type":"post","link":"https:\/\/anjaekstroem.dk\/es\/cuando-finalmente-tuvo-exito\/","title":{"rendered":"Cuando FINALMENTE tuvo \u00e9xito"},"content":{"rendered":"<p><strong>Por el momento, s\u00f3lo puedo decirme feliz... Estoy feliz hasta la m\u00e9dula y muy emocionado por lo que el tiempo traer\u00e1...<\/strong><\/p>\n<p>Cuando las cosas finalmente funcionan y sientes que has progresado un poco con tu pasi\u00f3n (l\u00e9ase: mi fotograf\u00eda), te sientes TAN agradable por dentro.<\/p>\n<p>S\u00ed, puedo sentarme f\u00e1cilmente y arrancarme el pelo porque tengo muchos proyectos en marcha, pero cuando realmente te sientas y piensas en ello, te agradezco... despu\u00e9s de todo, eso es b\u00e1sicamente lo que quiero... estar ocupado en la &quot;tienda de fotograf\u00eda&quot;<\/p>\n<p>\u00bfEs un per\u00edodo? S\u00ed, tal vez lo sea... \u00a1\u00a1\u00a1PERO SE SIENTE BIEN!!! y realmente lo disfruto. \u00bfEn este momento parece que finalmente funcion\u00f3?<\/p>\n<p>Estos son algunos de los proyectos de los que puedo revelar fotos (no todos son clientes, algunos tambi\u00e9n son proyectos m\u00edos) para que tengas algunas noticias desde aqu\u00ed.... el resto vendr\u00e1 m\u00e1s adelante ya que son proyectos secretos, pero ser\u00e1 MUY bueno y no puedo esperar para mostr\u00e1rselos.<\/p>\n<p>Recuerda que puedes seguirme aqu\u00ed, en Instagram: @anjaekstroem y en <a href=\"http:\/\/www.facebook.com\/AEkstroem\">Facebook<\/a><\/p>\n<p>Est\u00e9n atentos: \u00a1pr\u00f3ximamente habr\u00e1 un SORTEO con algunos productos incre\u00edbles!<\/p>\n<p><strong>xoxo<br \/>\nAnja<\/strong><\/p>","protected":false},"excerpt":{"rendered":"<p>Por el momento s\u00f3lo puedo llamarme feliz... Estoy feliz hasta la m\u00e9dula y muy emocionado por lo que el tiempo traer\u00e1... Cuando las cosas finalmente funcionan y sientes que est\u00e1s progresando con tu pasi\u00f3n (l\u00e9ase: mi fotograf\u00eda), te sientes TAN agradable por dentro. S\u00ed, puedo sentarme y llorar f\u00e1cilmente [\u2026]<\/p>","protected":false},"author":3,"featured_media":756,"comment_status":"open","ping_status":"open","sticky":false,"template":"","format":"standard","meta":{"_acf_changed":false,"iawp_total_views":23,"footnotes":""},"categories":[71],"tags":[],"class_list":["post-755","post","type-post","status-publish","format-standard","has-post-thumbnail","hentry","category-lidt-af-hvert"],"acf":[],"yoast_head":"<!-- This site is optimized with the Yoast SEO plugin v23.5 - https:\/\/yoast.com\/wordpress\/plugins\/seo\/ -->\n<title>N\u00e5r det ENDELIG lykkedes - Anja Ekstr\u00f8m Creative<\/title>\n<meta name=\"description\" content=\"N\u00e5r det endelig lykkedes..Jeg kan i \u00f8jeblikket kun prise mig lykkelig. Jeg er helt glad indeni maven og kan slet ikke vente p\u00e5 at se hvad fremtiden\" \/>\n<meta name=\"robots\" content=\"index, follow, max-snippet:-1, max-image-preview:large, max-video-preview:-1\" \/>\n<link rel=\"canonical\" href=\"https:\/\/anjaekstroem.dk\/es\/cuando-finalmente-tuvo-exito\/\" \/>\n<meta property=\"og:locale\" content=\"es_ES\" \/>\n<meta property=\"og:type\" content=\"article\" \/>\n<meta property=\"og:title\" content=\"N\u00e5r det ENDELIG lykkedes - Anja Ekstr\u00f8m Creative\" \/>\n<meta property=\"og:description\" content=\"N\u00e5r det endelig lykkedes..Jeg kan i \u00f8jeblikket kun prise mig lykkelig. Jeg er helt glad indeni maven og kan slet ikke vente p\u00e5 at se hvad fremtiden\" \/>\n<meta property=\"og:url\" content=\"https:\/\/anjaekstroem.dk\/es\/cuando-finalmente-tuvo-exito\/\" \/>\n<meta property=\"og:site_name\" content=\"Anja Ekstr\u00f8m Creative\" \/>\n<meta property=\"article:published_time\" content=\"2015-09-03T13:33:34+00:00\" \/>\n<meta property=\"og:image\" content=\"https:\/\/anjaekstroem.dk\/wp-content\/uploads\/2016\/07\/mode-fotograf-2.jpg\" \/>\n\t<meta property=\"og:image:width\" content=\"1000\" \/>\n\t<meta property=\"og:image:height\" content=\"729\" \/>\n\t<meta property=\"og:image:type\" content=\"image\/jpeg\" \/>\n<meta name=\"author\" content=\"Anja Ekstr\u00f8m\" \/>\n<meta name=\"twitter:card\" content=\"summary_large_image\" \/>\n<meta name=\"twitter:label1\" content=\"Escrito por\" \/>\n\t<meta name=\"twitter:data1\" content=\"Anja Ekstr\u00f8m\" \/>\n\t<meta name=\"twitter:label2\" content=\"Tiempo de lectura\" \/>\n\t<meta name=\"twitter:data2\" content=\"1 minuto\" \/>\n<script type=\"application\/ld+json\" class=\"yoast-schema-graph\">{\"@context\":\"https:\/\/schema.org\",\"@graph\":[{\"@type\":\"Article\",\"@id\":\"https:\/\/anjaekstroem.dk\/nar-det-endelig-lykkedes\/#article\",\"isPartOf\":{\"@id\":\"https:\/\/anjaekstroem.dk\/nar-det-endelig-lykkedes\/\"},\"author\":{\"name\":\"Anja Ekstr\u00f8m\",\"@id\":\"https:\/\/anjaekstroem.dk\/#\/schema\/person\/ae301236eee86c4cc45c9a0b9b018b26\"},\"headline\":\"N\u00e5r det ENDELIG lykkedes\",\"datePublished\":\"2015-09-03T13:33:34+00:00\",\"dateModified\":\"2015-09-03T13:33:34+00:00\",\"mainEntityOfPage\":{\"@id\":\"https:\/\/anjaekstroem.dk\/nar-det-endelig-lykkedes\/\"},\"wordCount\":217,\"commentCount\":28,\"publisher\":{\"@id\":\"https:\/\/anjaekstroem.dk\/#organization\"},\"image\":{\"@id\":\"https:\/\/anjaekstroem.dk\/nar-det-endelig-lykkedes\/#primaryimage\"},\"thumbnailUrl\":\"https:\/\/anjaekstroem.dk\/wp-content\/uploads\/2016\/07\/mode-fotograf-2.jpg\",\"articleSection\":[\"Lidt af hvert\"],\"inLanguage\":\"es\",\"potentialAction\":[{\"@type\":\"CommentAction\",\"name\":\"Comment\",\"target\":[\"https:\/\/anjaekstroem.dk\/nar-det-endelig-lykkedes\/#respond\"]}]},{\"@type\":\"WebPage\",\"@id\":\"https:\/\/anjaekstroem.dk\/nar-det-endelig-lykkedes\/\",\"url\":\"https:\/\/anjaekstroem.dk\/nar-det-endelig-lykkedes\/\",\"name\":\"N\u00e5r det ENDELIG lykkedes - Anja Ekstr\u00f8m Creative\",\"isPartOf\":{\"@id\":\"https:\/\/anjaekstroem.dk\/#website\"},\"primaryImageOfPage\":{\"@id\":\"https:\/\/anjaekstroem.dk\/nar-det-endelig-lykkedes\/#primaryimage\"},\"image\":{\"@id\":\"https:\/\/anjaekstroem.dk\/nar-det-endelig-lykkedes\/#primaryimage\"},\"thumbnailUrl\":\"https:\/\/anjaekstroem.dk\/wp-content\/uploads\/2016\/07\/mode-fotograf-2.jpg\",\"datePublished\":\"2015-09-03T13:33:34+00:00\",\"dateModified\":\"2015-09-03T13:33:34+00:00\",\"description\":\"N\u00e5r det endelig lykkedes..Jeg kan i \u00f8jeblikket kun prise mig lykkelig. Jeg er helt glad indeni maven og kan slet ikke vente p\u00e5 at se hvad fremtiden\",\"breadcrumb\":{\"@id\":\"https:\/\/anjaekstroem.dk\/nar-det-endelig-lykkedes\/#breadcrumb\"},\"inLanguage\":\"es\",\"potentialAction\":[{\"@type\":\"ReadAction\",\"target\":[\"https:\/\/anjaekstroem.dk\/nar-det-endelig-lykkedes\/\"]}]},{\"@type\":\"ImageObject\",\"inLanguage\":\"es\",\"@id\":\"https:\/\/anjaekstroem.dk\/nar-det-endelig-lykkedes\/#primaryimage\",\"url\":\"https:\/\/anjaekstroem.dk\/wp-content\/uploads\/2016\/07\/mode-fotograf-2.jpg\",\"contentUrl\":\"https:\/\/anjaekstroem.dk\/wp-content\/uploads\/2016\/07\/mode-fotograf-2.jpg\",\"width\":1000,\"height\":729,\"caption\":\"Fotograf Anja Ekstr\u00f8m\"},{\"@type\":\"BreadcrumbList\",\"@id\":\"https:\/\/anjaekstroem.dk\/nar-det-endelig-lykkedes\/#breadcrumb\",\"itemListElement\":[{\"@type\":\"ListItem\",\"position\":1,\"name\":\"Hjem\",\"item\":\"https:\/\/anjaekstroem.dk\/\"},{\"@type\":\"ListItem\",\"position\":2,\"name\":\"N\u00e5r det ENDELIG lykkedes\"}]},{\"@type\":\"WebSite\",\"@id\":\"https:\/\/anjaekstroem.dk\/#website\",\"url\":\"https:\/\/anjaekstroem.dk\/\",\"name\":\"Anja Ekstr\u00f8m Creative\",\"description\":\"Fotograf med sj\u00e6l\",\"publisher\":{\"@id\":\"https:\/\/anjaekstroem.dk\/#organization\"},\"potentialAction\":[{\"@type\":\"SearchAction\",\"target\":{\"@type\":\"EntryPoint\",\"urlTemplate\":\"https:\/\/anjaekstroem.dk\/?s={search_term_string}\"},\"query-input\":{\"@type\":\"PropertyValueSpecification\",\"valueRequired\":true,\"valueName\":\"search_term_string\"}}],\"inLanguage\":\"es\"},{\"@type\":\"Organization\",\"@id\":\"https:\/\/anjaekstroem.dk\/#organization\",\"name\":\"Anja Ekstr\u00f8m Creative\",\"url\":\"https:\/\/anjaekstroem.dk\/\",\"logo\":{\"@type\":\"ImageObject\",\"inLanguage\":\"es\",\"@id\":\"https:\/\/anjaekstroem.dk\/#\/schema\/logo\/image\/\",\"url\":\"https:\/\/anjaekstroem.dk\/wp-content\/uploads\/2021\/10\/AnjaEkstroem-03.png\",\"contentUrl\":\"https:\/\/anjaekstroem.dk\/wp-content\/uploads\/2021\/10\/AnjaEkstroem-03.png\",\"width\":2560,\"height\":662,\"caption\":\"Anja Ekstr\u00f8m Creative\"},\"image\":{\"@id\":\"https:\/\/anjaekstroem.dk\/#\/schema\/logo\/image\/\"}},{\"@type\":\"Person\",\"@id\":\"https:\/\/anjaekstroem.dk\/#\/schema\/person\/ae301236eee86c4cc45c9a0b9b018b26\",\"name\":\"Anja Ekstr\u00f8m\",\"url\":\"https:\/\/anjaekstroem.dk\/es\/author\/anja\/\"}]}<\/script>\n<!-- \/ Yoast SEO plugin. -->","yoast_head_json":{"title":"N\u00e5r det ENDELIG lykkedes - Anja Ekstr\u00f8m Creative","description":"N\u00e5r det endelig lykkedes..Jeg kan i \u00f8jeblikket kun prise mig lykkelig. Jeg er helt glad indeni maven og kan slet ikke vente p\u00e5 at se hvad fremtiden","robots":{"index":"index","follow":"follow","max-snippet":"max-snippet:-1","max-image-preview":"max-image-preview:large","max-video-preview":"max-video-preview:-1"},"canonical":"https:\/\/anjaekstroem.dk\/es\/cuando-finalmente-tuvo-exito\/","og_locale":"es_ES","og_type":"article","og_title":"N\u00e5r det ENDELIG lykkedes - Anja Ekstr\u00f8m Creative","og_description":"N\u00e5r det endelig lykkedes..Jeg kan i \u00f8jeblikket kun prise mig lykkelig. Jeg er helt glad indeni maven og kan slet ikke vente p\u00e5 at se hvad fremtiden","og_url":"https:\/\/anjaekstroem.dk\/es\/cuando-finalmente-tuvo-exito\/","og_site_name":"Anja Ekstr\u00f8m Creative","article_published_time":"2015-09-03T13:33:34+00:00","og_image":[{"width":1000,"height":729,"url":"https:\/\/anjaekstroem.dk\/wp-content\/uploads\/2016\/07\/mode-fotograf-2.jpg","type":"image\/jpeg"}],"author":"Anja Ekstr\u00f8m","twitter_card":"summary_large_image","twitter_misc":{"Escrito por":"Anja Ekstr\u00f8m","Tiempo de lectura":"1 minuto"},"schema":{"@context":"https:\/\/schema.org","@graph":[{"@type":"Article","@id":"https:\/\/anjaekstroem.dk\/nar-det-endelig-lykkedes\/#article","isPartOf":{"@id":"https:\/\/anjaekstroem.dk\/nar-det-endelig-lykkedes\/"},"author":{"name":"Anja Ekstr\u00f8m","@id":"https:\/\/anjaekstroem.dk\/#\/schema\/person\/ae301236eee86c4cc45c9a0b9b018b26"},"headline":"N\u00e5r det ENDELIG lykkedes","datePublished":"2015-09-03T13:33:34+00:00","dateModified":"2015-09-03T13:33:34+00:00","mainEntityOfPage":{"@id":"https:\/\/anjaekstroem.dk\/nar-det-endelig-lykkedes\/"},"wordCount":217,"commentCount":28,"publisher":{"@id":"https:\/\/anjaekstroem.dk\/#organization"},"image":{"@id":"https:\/\/anjaekstroem.dk\/nar-det-endelig-lykkedes\/#primaryimage"},"thumbnailUrl":"https:\/\/anjaekstroem.dk\/wp-content\/uploads\/2016\/07\/mode-fotograf-2.jpg","articleSection":["Lidt af hvert"],"inLanguage":"es","potentialAction":[{"@type":"CommentAction","name":"Comment","target":["https:\/\/anjaekstroem.dk\/nar-det-endelig-lykkedes\/#respond"]}]},{"@type":"WebPage","@id":"https:\/\/anjaekstroem.dk\/nar-det-endelig-lykkedes\/","url":"https:\/\/anjaekstroem.dk\/nar-det-endelig-lykkedes\/","name":"N\u00e5r det ENDELIG lykkedes - Anja Ekstr\u00f8m Creative","isPartOf":{"@id":"https:\/\/anjaekstroem.dk\/#website"},"primaryImageOfPage":{"@id":"https:\/\/anjaekstroem.dk\/nar-det-endelig-lykkedes\/#primaryimage"},"image":{"@id":"https:\/\/anjaekstroem.dk\/nar-det-endelig-lykkedes\/#primaryimage"},"thumbnailUrl":"https:\/\/anjaekstroem.dk\/wp-content\/uploads\/2016\/07\/mode-fotograf-2.jpg","datePublished":"2015-09-03T13:33:34+00:00","dateModified":"2015-09-03T13:33:34+00:00","description":"N\u00e5r det endelig lykkedes..Jeg kan i \u00f8jeblikket kun prise mig lykkelig. Jeg er helt glad indeni maven og kan slet ikke vente p\u00e5 at se hvad fremtiden","breadcrumb":{"@id":"https:\/\/anjaekstroem.dk\/nar-det-endelig-lykkedes\/#breadcrumb"},"inLanguage":"es","potentialAction":[{"@type":"ReadAction","target":["https:\/\/anjaekstroem.dk\/nar-det-endelig-lykkedes\/"]}]},{"@type":"ImageObject","inLanguage":"es","@id":"https:\/\/anjaekstroem.dk\/nar-det-endelig-lykkedes\/#primaryimage","url":"https:\/\/anjaekstroem.dk\/wp-content\/uploads\/2016\/07\/mode-fotograf-2.jpg","contentUrl":"https:\/\/anjaekstroem.dk\/wp-content\/uploads\/2016\/07\/mode-fotograf-2.jpg","width":1000,"height":729,"caption":"Fotograf Anja Ekstr\u00f8m"},{"@type":"BreadcrumbList","@id":"https:\/\/anjaekstroem.dk\/nar-det-endelig-lykkedes\/#breadcrumb","itemListElement":[{"@type":"ListItem","position":1,"name":"Hjem","item":"https:\/\/anjaekstroem.dk\/"},{"@type":"ListItem","position":2,"name":"N\u00e5r det ENDELIG lykkedes"}]},{"@type":"WebSite","@id":"https:\/\/anjaekstroem.dk\/#website","url":"https:\/\/anjaekstroem.dk\/","name":"Anja Ekstr\u00f8m Creative","description":"Fotograf med sj\u00e6l","publisher":{"@id":"https:\/\/anjaekstroem.dk\/#organization"},"potentialAction":[{"@type":"SearchAction","target":{"@type":"EntryPoint","urlTemplate":"https:\/\/anjaekstroem.dk\/?s={search_term_string}"},"query-input":{"@type":"PropertyValueSpecification","valueRequired":true,"valueName":"search_term_string"}}],"inLanguage":"es"},{"@type":"Organization","@id":"https:\/\/anjaekstroem.dk\/#organization","name":"Anja Ekstr\u00f8m Creative","url":"https:\/\/anjaekstroem.dk\/","logo":{"@type":"ImageObject","inLanguage":"es","@id":"https:\/\/anjaekstroem.dk\/#\/schema\/logo\/image\/","url":"https:\/\/anjaekstroem.dk\/wp-content\/uploads\/2021\/10\/AnjaEkstroem-03.png","contentUrl":"https:\/\/anjaekstroem.dk\/wp-content\/uploads\/2021\/10\/AnjaEkstroem-03.png","width":2560,"height":662,"caption":"Anja Ekstr\u00f8m Creative"},"image":{"@id":"https:\/\/anjaekstroem.dk\/#\/schema\/logo\/image\/"}},{"@type":"Person","@id":"https:\/\/anjaekstroem.dk\/#\/schema\/person\/ae301236eee86c4cc45c9a0b9b018b26","name":"Anja Ekstr\u00f8m","url":"https:\/\/anjaekstroem.dk\/es\/author\/anja\/"}]}},"_links":{"self":[{"href":"https:\/\/anjaekstroem.dk\/es\/wp-json\/wp\/v2\/posts\/755","targetHints":{"allow":["GET"]}}],"collection":[{"href":"https:\/\/anjaekstroem.dk\/es\/wp-json\/wp\/v2\/posts"}],"about":[{"href":"https:\/\/anjaekstroem.dk\/es\/wp-json\/wp\/v2\/types\/post"}],"author":[{"embeddable":true,"href":"https:\/\/anjaekstroem.dk\/es\/wp-json\/wp\/v2\/users\/3"}],"replies":[{"embeddable":true,"href":"https:\/\/anjaekstroem.dk\/es\/wp-json\/wp\/v2\/comments?post=755"}],"version-history":[{"count":0,"href":"https:\/\/anjaekstroem.dk\/es\/wp-json\/wp\/v2\/posts\/755\/revisions"}],"wp:featuredmedia":[{"embeddable":true,"href":"https:\/\/anjaekstroem.dk\/es\/wp-json\/wp\/v2\/media\/756"}],"wp:attachment":[{"href":"https:\/\/anjaekstroem.dk\/es\/wp-json\/wp\/v2\/media?parent=755"}],"wp:term":[{"taxonomy":"category","embeddable":true,"href":"https:\/\/anjaekstroem.dk\/es\/wp-json\/wp\/v2\/categories?post=755"},{"taxonomy":"post_tag","embeddable":true,"href":"https:\/\/anjaekstroem.dk\/es\/wp-json\/wp\/v2\/tags?post=755"}],"curies":[{"name":"wp","href":"https:\/\/api.w.org\/{rel}","templated":true}]}}