{"id":4084,"date":"2023-06-23T10:46:28","date_gmt":"2023-06-23T08:46:28","guid":{"rendered":"https:\/\/www.anjaekstroem.dk\/?p=4084"},"modified":"2024-08-26T13:30:11","modified_gmt":"2024-08-26T11:30:11","slug":"fra-tekniske-udfordringer-til-international-succes","status":"publish","type":"post","link":"https:\/\/anjaekstroem.dk\/es\/de-los-desafios-tecnicos-al-exito-internacional-2\/","title":{"rendered":"De los desaf\u00edos t\u00e9cnicos al \u00e9xito internacional"},"content":{"rendered":"<h2>De los desaf\u00edos t\u00e9cnicos al \u00e9xito internacional<\/h2>\n<p>Quiero contarles la historia de c\u00f3mo super\u00e9 desaf\u00edos t\u00e9cnicos y desarroll\u00e9 mi voz creativa para convertirme en un fot\u00f3grafo reconocido internacionalmente. S\u00edgueme mientras comparto mis experiencias, consejos y trucos para ayudarte en tu camino hacia vivir tu sue\u00f1o de convertirte en fot\u00f3grafo.<\/p>\n<h4>Convierta los desaf\u00edos en oportunidades:<\/h4>\n<p>Comprender los manuales t\u00e9cnicos puede ser un desaf\u00edo para muchos de nosotros. Pero eleg\u00ed asumir este desaf\u00edo, darle la vuelta y descubrir: \u00a1\u00a1\u00a1NO APRENDO UNA MIERDA CON UN MANUAL!!!! A trav\u00e9s de ense\u00f1anza personal 1-1, cursos y talleres, obtuve una comprensi\u00f3n de los aspectos t\u00e9cnicos de la fotograf\u00eda.<\/p>\n<p>Al construir una s\u00f3lida base de conocimientos y practicar mis habilidades, gradualmente comenc\u00e9 a dominar los detalles t\u00e9cnicos. Sin embargo, ha habido MUCHAS situaciones de prueba y error, y as\u00ed es como se aprende MUCHO.... simplemente dispara &quot;manos a la obra&quot; con las manos en la masa del bollo.<\/p>\n<h4>El descubrimiento de mi voz creativa:<\/h4>\n<p>Mientras trabajaba en los aspectos t\u00e9cnicos s\u00faper desafiantes, sab\u00eda que mi creatividad era mi mayor fortaleza. Comenc\u00e9 a explorar diferentes g\u00e9neros, experimentar con composiciones y expresar mis sentimientos a trav\u00e9s de mis im\u00e1genes. Aqu\u00ed es donde encontr\u00e9 mi voz \u00fanica como fot\u00f3grafo. Aprend\u00ed a mirar m\u00e1s all\u00e1 de lo t\u00e9cnico y crear im\u00e1genes que contaran historias y evocaran emociones en ustedes, mis &quot;destinatarios&quot;.<\/p>\n<p>He pasado 10 a\u00f1os desarrollando mi &quot;instinto&quot;, pero desde el principio tuve una visi\u00f3n clara de lo que creo que es genial o no; tiene que hacer que mi est\u00f3mago hormiguee cuando veo una imagen; de lo contrario, no lo ser\u00e1. seleccionado. Si estoy parado en el estudio con algo que realmente no &quot;siento&quot;, sacudo la bolsa, cambio la luz, muevo la modelo, cambio la ropa de la modelo o ALGO que pueda cambiar lo que no funciona del todo.<\/p>\n<h4>Construyendo una marca profesional:<\/h4>\n<p>Una parte importante de vivir su sue\u00f1o como fot\u00f3grafo fue construir una marca profesional. Comenc\u00e9 a crear mi propio sitio web y a actualizar mis perfiles de redes sociales con mis mejores trabajos. Tambi\u00e9n particip\u00e9 en eventos con grandes oportunidades de networking y conect\u00e9 con otros fot\u00f3grafos y clientes potenciales. Esto me dio la oportunidad de presentar mi trabajo a un p\u00fablico objetivo m\u00e1s amplio y crear una fuerte presencia en l\u00ednea.<\/p>\n<h4>Conquista del campo de juego internacional:<\/h4>\n<p>Uno de mis mayores sue\u00f1os era convertirme en un fot\u00f3grafo reconocido internacionalmente. Al organizar sesiones de fotos internacionales para m\u00ed, tuve la oportunidad de ganar exposici\u00f3n, networking y reconocimiento a nivel global. Cada vez que he realizado una sesi\u00f3n de fotos en el extranjero, la red se ha ampliado con nuevos modelos y maquilladores, etc.<\/p>\n<p>Asist\u00ed a talleres y eventos alrededor del mundo donde aprend\u00ed de ellos. <strong>mejor<\/strong> dentro de la industria. Esta experiencia internacional ampli\u00f3 mi red y abri\u00f3 puertas a oportunidades interesantes. Nombres como <a href=\"https:\/\/www.instagram.com\/lindsayadler_photo\/\">Lindsay Adler<\/a> y <a href=\"https:\/\/www.instagram.com\/tina_eisen\/\">tina eisen<\/a> est\u00e1 en la lista de fot\u00f3grafos REALMENTE talentosos que me han ense\u00f1ado y tengo que decir WAUW, donde aprendes mucho, pero el impulso de creatividad y motivaci\u00f3n que obtienes al participar en talleres es simplemente una oleada de felicidad y no puedes esperando practicar lo que has aprendido t\u00fa mismo.<\/p>\n<p><img fetchpriority=\"high\" decoding=\"async\" src=\"https:\/\/anjaekstroem.dk\/wp-content\/uploads\/2023\/06\/20180328-Anja-med-kamera-1-300x232.png\" alt=\"Fot\u00f3grafa Anja Ekstr\u00f8m\" width=\"529\" height=\"409\" class=\"alignnone  wp-image-4089\" \/><\/p>\n<h4>Viviendo tu sue\u00f1o:<\/h4>\n<p>Hoy me siento honrado de poder decir que estoy viviendo mi sue\u00f1o como fot\u00f3grafo profesional internacional. Tengo la oportunidad de viajar a destinos incre\u00edbles, trabajar con personas inspiradoras y contar historias a trav\u00e9s de mis fotograf\u00edas. Pero el camino hacia el \u00e9xito no siempre fue f\u00e1cil. Requiri\u00f3 mucho trabajo duro, paciencia y perseverancia. Como se mencion\u00f3 anteriormente, no se llega durmiendo, \u00a1pero el viaje es hermoso!<\/p>\n<h4>Consejos para seguir tus sue\u00f1os fotogr\u00e1ficos:<\/h4>\n<ol>\n<li>Acepte los desaf\u00edos t\u00e9cnicos como oportunidades de aprendizaje y crecimiento; no se deje intimidar, pero posiblemente busque ayuda de otras personas que &quot;hablen su idioma&quot; si no lo entiende; todos aprendemos de diferentes maneras<\/li>\n<li>Encuentra tu voz creativa \u00fanica y d\u00e9jala brillar a trav\u00e9s de tus fotos: \u00a1defiende tu estilo! \u00a1Es \u00fanico!<\/li>\n<li>Construya una marca profesional creando un sitio web, actualizando sus perfiles de redes sociales y asistiendo a exposiciones y eventos relevantes. Hoy en d\u00eda, el talento no es suficiente: \u00a1hay que ser VISIBLE! y esto se aplica a las redes sociales, networking, etc.<\/li>\n<li>Busque oportunidades internacionales a trav\u00e9s de la participaci\u00f3n en concursos de fotograf\u00eda, talleres y eventos de networking. (Podr\u00eda ser mi taller en Espa\u00f1a - ver m\u00e1s <a href=\"https:\/\/www.anjaekstroemworkshop.com\/produkter\/p\/1-uges-fotograf-bootcamp-i-spanien-september-2023\">AQU\u00cd<\/a>)<\/li>\n<li>Sea persistente y no permita que la adversidad le impida perseguir sus sue\u00f1os. Es un trabajo duro \u2013 tambi\u00e9n con uno mismo\u2026. pero HOMBRE! \u00a1Qu\u00e9 viaje tan fant\u00e1stico es, a pesar de las monta\u00f1as que hay que escalar y los dragones que hay que matar!<\/li>\n<\/ol>\n<p>Perseguir tus sue\u00f1os fotogr\u00e1ficos puede ser un viaje desafiante pero incre\u00edblemente gratificante. Al superar los desaf\u00edos t\u00e9cnicos y desarrollar su voz creativa, puede alcanzar el \u00e9xito y ganarse la vida con su pasi\u00f3n como fot\u00f3grafo. No dejes que nada te impida seguir tus sue\u00f1os y crear im\u00e1genes que hablen al coraz\u00f3n y al alma.<\/p>\n<p>\u00a1Deber\u00edas sentarte con mariposas en el est\u00f3mago y estar ORGULLOSO de ti mismo porque T\u00da est\u00e1s haciendo lo necesario para cumplir TU sue\u00f1o!<\/p>\n<p>Gracias por seguir leyendo. Espero que tengas algo en la &quot;bolsa de regalos&quot; y te deseo todo lo mejor en tu viaje como fot\u00f3grafo.<\/p>\n<h4>D\u00e9jame ayudarte<\/h4>\n<p>D\u00e9jame ayudarte a convertirte en un fot\u00f3grafo s\u00faper h\u00e1bil que publica sus hermosas fotograf\u00edas en revistas extranjeras, etc. Echa un vistazo a mis talleres de 1 d\u00eda, pero tambi\u00e9n hazte el favor de ver mi campamento de entrenamiento para fot\u00f3grafos de 8 d\u00edas, que se lleva a cabo en: SPAAAANIEEEN; consulta mi publicaci\u00f3n de blog anterior al respecto AQU\u00cd. \u00a1Te puedo prometer que ser\u00e1 la mejor inversi\u00f3n en tus sue\u00f1os de fot\u00f3grafo que puedas hacerte!<\/p>\n<p><a href=\"https:\/\/www.anjaekstroemworkshop.com\/produkter\">Puedes ver los talleres aqu\u00ed.<\/a> \/\/ <a href=\"https:\/\/www.anjaekstroemworkshop.com\/produkter\/p\/1-uges-fotograf-bootcamp-i-spanien-september-2023\">Bootcamp en Espa\u00f1a lo puedes ver aqu\u00ed<\/a><\/p>\n<p>Siempre puedes enviar un SMS al 25157676 o un correo electr\u00f3nico a anja@anjaekstroem.dk si tienes alguna pregunta sobre cualquiera de los talleres\/bootcamps.<\/p>\n<p>Disfruta del verano y ll\u00e9nate de un bol bien fr\u00edo \ud83d\ude09<\/p>\n<p>XOXO<\/p>\n<p>Anja<\/p>\n<p>&nbsp;<\/p>","protected":false},"excerpt":{"rendered":"<p>De los desaf\u00edos t\u00e9cnicos al \u00e9xito internacional Me gustar\u00eda contarles la historia de c\u00f3mo super\u00e9 los desaf\u00edos t\u00e9cnicos y desarroll\u00e9 mi voz creativa para convertirme en un fot\u00f3grafo reconocido internacionalmente. S\u00edgueme mientras comparto mis experiencias, consejos y trucos para ayudarte en tu camino hacia vivir tu sue\u00f1o de convertirte en [\u2026]<\/p>","protected":false},"author":3,"featured_media":4190,"comment_status":"closed","ping_status":"closed","sticky":false,"template":"","format":"standard","meta":{"_acf_changed":false,"iawp_total_views":49,"footnotes":""},"categories":[71],"tags":[],"class_list":["post-4084","post","type-post","status-publish","format-standard","has-post-thumbnail","hentry","category-lidt-af-hvert"],"acf":[],"yoast_head":"<!-- This site is optimized with the Yoast SEO plugin v23.5 - https:\/\/yoast.com\/wordpress\/plugins\/seo\/ -->\n<title>Fra tekniske udfordringer til international succes<\/title>\n<meta name=\"description\" content=\"Fra tekniske udfordringer til international succes. Min rejse for at overvinde tekniske mangler og finde min kreative stemme som fotograf.\" \/>\n<meta name=\"robots\" content=\"index, follow, max-snippet:-1, max-image-preview:large, max-video-preview:-1\" \/>\n<link rel=\"canonical\" href=\"https:\/\/anjaekstroem.dk\/es\/de-los-desafios-tecnicos-al-exito-internacional-2\/\" \/>\n<meta property=\"og:locale\" content=\"es_ES\" \/>\n<meta property=\"og:type\" content=\"article\" \/>\n<meta property=\"og:title\" content=\"Fra tekniske udfordringer til international succes\" \/>\n<meta property=\"og:description\" content=\"Fra tekniske udfordringer til international succes. Min rejse for at overvinde tekniske mangler og finde min kreative stemme som fotograf.\" \/>\n<meta property=\"og:url\" content=\"https:\/\/anjaekstroem.dk\/es\/de-los-desafios-tecnicos-al-exito-internacional-2\/\" \/>\n<meta property=\"og:site_name\" content=\"Anja Ekstr\u00f8m Creative\" \/>\n<meta property=\"article:published_time\" content=\"2023-06-23T08:46:28+00:00\" \/>\n<meta property=\"article:modified_time\" content=\"2024-08-26T11:30:11+00:00\" \/>\n<meta property=\"og:image\" content=\"https:\/\/anjaekstroem.dk\/wp-content\/uploads\/2023\/06\/20190622-_16A9561-Edit-scaled-1.jpg\" \/>\n\t<meta property=\"og:image:width\" content=\"2560\" \/>\n\t<meta property=\"og:image:height\" content=\"1707\" \/>\n\t<meta property=\"og:image:type\" content=\"image\/jpeg\" \/>\n<meta name=\"author\" content=\"Anja Ekstr\u00f8m\" \/>\n<meta name=\"twitter:card\" content=\"summary_large_image\" \/>\n<meta name=\"twitter:label1\" content=\"Escrito por\" \/>\n\t<meta name=\"twitter:data1\" content=\"Anja Ekstr\u00f8m\" \/>\n\t<meta name=\"twitter:label2\" content=\"Tiempo de lectura\" \/>\n\t<meta name=\"twitter:data2\" content=\"6 minutos\" \/>\n<script type=\"application\/ld+json\" class=\"yoast-schema-graph\">{\"@context\":\"https:\/\/schema.org\",\"@graph\":[{\"@type\":\"Article\",\"@id\":\"https:\/\/anjaekstroem.dk\/fra-tekniske-udfordringer-til-international-succes\/#article\",\"isPartOf\":{\"@id\":\"https:\/\/anjaekstroem.dk\/fra-tekniske-udfordringer-til-international-succes\/\"},\"author\":{\"name\":\"Anja Ekstr\u00f8m\",\"@id\":\"https:\/\/anjaekstroem.dk\/#\/schema\/person\/ae301236eee86c4cc45c9a0b9b018b26\"},\"headline\":\"Fra tekniske udfordringer til international succes\",\"datePublished\":\"2023-06-23T08:46:28+00:00\",\"dateModified\":\"2024-08-26T11:30:11+00:00\",\"mainEntityOfPage\":{\"@id\":\"https:\/\/anjaekstroem.dk\/fra-tekniske-udfordringer-til-international-succes\/\"},\"wordCount\":1088,\"publisher\":{\"@id\":\"https:\/\/anjaekstroem.dk\/#organization\"},\"image\":{\"@id\":\"https:\/\/anjaekstroem.dk\/fra-tekniske-udfordringer-til-international-succes\/#primaryimage\"},\"thumbnailUrl\":\"https:\/\/anjaekstroem.dk\/wp-content\/uploads\/2023\/06\/20190622-_16A9561-Edit-scaled-1.jpg\",\"articleSection\":[\"Lidt af hvert\"],\"inLanguage\":\"es\"},{\"@type\":\"WebPage\",\"@id\":\"https:\/\/anjaekstroem.dk\/fra-tekniske-udfordringer-til-international-succes\/\",\"url\":\"https:\/\/anjaekstroem.dk\/fra-tekniske-udfordringer-til-international-succes\/\",\"name\":\"Fra tekniske udfordringer til international succes\",\"isPartOf\":{\"@id\":\"https:\/\/anjaekstroem.dk\/#website\"},\"primaryImageOfPage\":{\"@id\":\"https:\/\/anjaekstroem.dk\/fra-tekniske-udfordringer-til-international-succes\/#primaryimage\"},\"image\":{\"@id\":\"https:\/\/anjaekstroem.dk\/fra-tekniske-udfordringer-til-international-succes\/#primaryimage\"},\"thumbnailUrl\":\"https:\/\/anjaekstroem.dk\/wp-content\/uploads\/2023\/06\/20190622-_16A9561-Edit-scaled-1.jpg\",\"datePublished\":\"2023-06-23T08:46:28+00:00\",\"dateModified\":\"2024-08-26T11:30:11+00:00\",\"description\":\"Fra tekniske udfordringer til international succes. Min rejse for at overvinde tekniske mangler og finde min kreative stemme som fotograf.\",\"breadcrumb\":{\"@id\":\"https:\/\/anjaekstroem.dk\/fra-tekniske-udfordringer-til-international-succes\/#breadcrumb\"},\"inLanguage\":\"es\",\"potentialAction\":[{\"@type\":\"ReadAction\",\"target\":[\"https:\/\/anjaekstroem.dk\/fra-tekniske-udfordringer-til-international-succes\/\"]}]},{\"@type\":\"ImageObject\",\"inLanguage\":\"es\",\"@id\":\"https:\/\/anjaekstroem.dk\/fra-tekniske-udfordringer-til-international-succes\/#primaryimage\",\"url\":\"https:\/\/anjaekstroem.dk\/wp-content\/uploads\/2023\/06\/20190622-_16A9561-Edit-scaled-1.jpg\",\"contentUrl\":\"https:\/\/anjaekstroem.dk\/wp-content\/uploads\/2023\/06\/20190622-_16A9561-Edit-scaled-1.jpg\",\"width\":2560,\"height\":1707,\"caption\":\"Portr\u00e6t Anja Ekstr\u00f8m\"},{\"@type\":\"BreadcrumbList\",\"@id\":\"https:\/\/anjaekstroem.dk\/fra-tekniske-udfordringer-til-international-succes\/#breadcrumb\",\"itemListElement\":[{\"@type\":\"ListItem\",\"position\":1,\"name\":\"Hjem\",\"item\":\"https:\/\/anjaekstroem.dk\/\"},{\"@type\":\"ListItem\",\"position\":2,\"name\":\"Fra tekniske udfordringer til international succes\"}]},{\"@type\":\"WebSite\",\"@id\":\"https:\/\/anjaekstroem.dk\/#website\",\"url\":\"https:\/\/anjaekstroem.dk\/\",\"name\":\"Anja Ekstr\u00f8m Creative\",\"description\":\"Fotograf med sj\u00e6l\",\"publisher\":{\"@id\":\"https:\/\/anjaekstroem.dk\/#organization\"},\"potentialAction\":[{\"@type\":\"SearchAction\",\"target\":{\"@type\":\"EntryPoint\",\"urlTemplate\":\"https:\/\/anjaekstroem.dk\/?s={search_term_string}\"},\"query-input\":{\"@type\":\"PropertyValueSpecification\",\"valueRequired\":true,\"valueName\":\"search_term_string\"}}],\"inLanguage\":\"es\"},{\"@type\":\"Organization\",\"@id\":\"https:\/\/anjaekstroem.dk\/#organization\",\"name\":\"Anja Ekstr\u00f8m Creative\",\"url\":\"https:\/\/anjaekstroem.dk\/\",\"logo\":{\"@type\":\"ImageObject\",\"inLanguage\":\"es\",\"@id\":\"https:\/\/anjaekstroem.dk\/#\/schema\/logo\/image\/\",\"url\":\"https:\/\/anjaekstroem.dk\/wp-content\/uploads\/2021\/10\/AnjaEkstroem-03.png\",\"contentUrl\":\"https:\/\/anjaekstroem.dk\/wp-content\/uploads\/2021\/10\/AnjaEkstroem-03.png\",\"width\":2560,\"height\":662,\"caption\":\"Anja Ekstr\u00f8m Creative\"},\"image\":{\"@id\":\"https:\/\/anjaekstroem.dk\/#\/schema\/logo\/image\/\"}},{\"@type\":\"Person\",\"@id\":\"https:\/\/anjaekstroem.dk\/#\/schema\/person\/ae301236eee86c4cc45c9a0b9b018b26\",\"name\":\"Anja Ekstr\u00f8m\",\"url\":\"https:\/\/anjaekstroem.dk\/es\/author\/anja\/\"}]}<\/script>\n<!-- \/ Yoast SEO plugin. -->","yoast_head_json":{"title":"Fra tekniske udfordringer til international succes","description":"Fra tekniske udfordringer til international succes. Min rejse for at overvinde tekniske mangler og finde min kreative stemme som fotograf.","robots":{"index":"index","follow":"follow","max-snippet":"max-snippet:-1","max-image-preview":"max-image-preview:large","max-video-preview":"max-video-preview:-1"},"canonical":"https:\/\/anjaekstroem.dk\/es\/de-los-desafios-tecnicos-al-exito-internacional-2\/","og_locale":"es_ES","og_type":"article","og_title":"Fra tekniske udfordringer til international succes","og_description":"Fra tekniske udfordringer til international succes. Min rejse for at overvinde tekniske mangler og finde min kreative stemme som fotograf.","og_url":"https:\/\/anjaekstroem.dk\/es\/de-los-desafios-tecnicos-al-exito-internacional-2\/","og_site_name":"Anja Ekstr\u00f8m Creative","article_published_time":"2023-06-23T08:46:28+00:00","article_modified_time":"2024-08-26T11:30:11+00:00","og_image":[{"width":2560,"height":1707,"url":"https:\/\/anjaekstroem.dk\/wp-content\/uploads\/2023\/06\/20190622-_16A9561-Edit-scaled-1.jpg","type":"image\/jpeg"}],"author":"Anja Ekstr\u00f8m","twitter_card":"summary_large_image","twitter_misc":{"Escrito por":"Anja Ekstr\u00f8m","Tiempo de lectura":"6 minutos"},"schema":{"@context":"https:\/\/schema.org","@graph":[{"@type":"Article","@id":"https:\/\/anjaekstroem.dk\/fra-tekniske-udfordringer-til-international-succes\/#article","isPartOf":{"@id":"https:\/\/anjaekstroem.dk\/fra-tekniske-udfordringer-til-international-succes\/"},"author":{"name":"Anja Ekstr\u00f8m","@id":"https:\/\/anjaekstroem.dk\/#\/schema\/person\/ae301236eee86c4cc45c9a0b9b018b26"},"headline":"Fra tekniske udfordringer til international succes","datePublished":"2023-06-23T08:46:28+00:00","dateModified":"2024-08-26T11:30:11+00:00","mainEntityOfPage":{"@id":"https:\/\/anjaekstroem.dk\/fra-tekniske-udfordringer-til-international-succes\/"},"wordCount":1088,"publisher":{"@id":"https:\/\/anjaekstroem.dk\/#organization"},"image":{"@id":"https:\/\/anjaekstroem.dk\/fra-tekniske-udfordringer-til-international-succes\/#primaryimage"},"thumbnailUrl":"https:\/\/anjaekstroem.dk\/wp-content\/uploads\/2023\/06\/20190622-_16A9561-Edit-scaled-1.jpg","articleSection":["Lidt af hvert"],"inLanguage":"es"},{"@type":"WebPage","@id":"https:\/\/anjaekstroem.dk\/fra-tekniske-udfordringer-til-international-succes\/","url":"https:\/\/anjaekstroem.dk\/fra-tekniske-udfordringer-til-international-succes\/","name":"Fra tekniske udfordringer til international succes","isPartOf":{"@id":"https:\/\/anjaekstroem.dk\/#website"},"primaryImageOfPage":{"@id":"https:\/\/anjaekstroem.dk\/fra-tekniske-udfordringer-til-international-succes\/#primaryimage"},"image":{"@id":"https:\/\/anjaekstroem.dk\/fra-tekniske-udfordringer-til-international-succes\/#primaryimage"},"thumbnailUrl":"https:\/\/anjaekstroem.dk\/wp-content\/uploads\/2023\/06\/20190622-_16A9561-Edit-scaled-1.jpg","datePublished":"2023-06-23T08:46:28+00:00","dateModified":"2024-08-26T11:30:11+00:00","description":"Fra tekniske udfordringer til international succes. Min rejse for at overvinde tekniske mangler og finde min kreative stemme som fotograf.","breadcrumb":{"@id":"https:\/\/anjaekstroem.dk\/fra-tekniske-udfordringer-til-international-succes\/#breadcrumb"},"inLanguage":"es","potentialAction":[{"@type":"ReadAction","target":["https:\/\/anjaekstroem.dk\/fra-tekniske-udfordringer-til-international-succes\/"]}]},{"@type":"ImageObject","inLanguage":"es","@id":"https:\/\/anjaekstroem.dk\/fra-tekniske-udfordringer-til-international-succes\/#primaryimage","url":"https:\/\/anjaekstroem.dk\/wp-content\/uploads\/2023\/06\/20190622-_16A9561-Edit-scaled-1.jpg","contentUrl":"https:\/\/anjaekstroem.dk\/wp-content\/uploads\/2023\/06\/20190622-_16A9561-Edit-scaled-1.jpg","width":2560,"height":1707,"caption":"Portr\u00e6t Anja Ekstr\u00f8m"},{"@type":"BreadcrumbList","@id":"https:\/\/anjaekstroem.dk\/fra-tekniske-udfordringer-til-international-succes\/#breadcrumb","itemListElement":[{"@type":"ListItem","position":1,"name":"Hjem","item":"https:\/\/anjaekstroem.dk\/"},{"@type":"ListItem","position":2,"name":"Fra tekniske udfordringer til international succes"}]},{"@type":"WebSite","@id":"https:\/\/anjaekstroem.dk\/#website","url":"https:\/\/anjaekstroem.dk\/","name":"Anja Ekstr\u00f8m Creative","description":"Fotograf med sj\u00e6l","publisher":{"@id":"https:\/\/anjaekstroem.dk\/#organization"},"potentialAction":[{"@type":"SearchAction","target":{"@type":"EntryPoint","urlTemplate":"https:\/\/anjaekstroem.dk\/?s={search_term_string}"},"query-input":{"@type":"PropertyValueSpecification","valueRequired":true,"valueName":"search_term_string"}}],"inLanguage":"es"},{"@type":"Organization","@id":"https:\/\/anjaekstroem.dk\/#organization","name":"Anja Ekstr\u00f8m Creative","url":"https:\/\/anjaekstroem.dk\/","logo":{"@type":"ImageObject","inLanguage":"es","@id":"https:\/\/anjaekstroem.dk\/#\/schema\/logo\/image\/","url":"https:\/\/anjaekstroem.dk\/wp-content\/uploads\/2021\/10\/AnjaEkstroem-03.png","contentUrl":"https:\/\/anjaekstroem.dk\/wp-content\/uploads\/2021\/10\/AnjaEkstroem-03.png","width":2560,"height":662,"caption":"Anja Ekstr\u00f8m Creative"},"image":{"@id":"https:\/\/anjaekstroem.dk\/#\/schema\/logo\/image\/"}},{"@type":"Person","@id":"https:\/\/anjaekstroem.dk\/#\/schema\/person\/ae301236eee86c4cc45c9a0b9b018b26","name":"Anja Ekstr\u00f8m","url":"https:\/\/anjaekstroem.dk\/es\/author\/anja\/"}]}},"_links":{"self":[{"href":"https:\/\/anjaekstroem.dk\/es\/wp-json\/wp\/v2\/posts\/4084","targetHints":{"allow":["GET"]}}],"collection":[{"href":"https:\/\/anjaekstroem.dk\/es\/wp-json\/wp\/v2\/posts"}],"about":[{"href":"https:\/\/anjaekstroem.dk\/es\/wp-json\/wp\/v2\/types\/post"}],"author":[{"embeddable":true,"href":"https:\/\/anjaekstroem.dk\/es\/wp-json\/wp\/v2\/users\/3"}],"replies":[{"embeddable":true,"href":"https:\/\/anjaekstroem.dk\/es\/wp-json\/wp\/v2\/comments?post=4084"}],"version-history":[{"count":1,"href":"https:\/\/anjaekstroem.dk\/es\/wp-json\/wp\/v2\/posts\/4084\/revisions"}],"predecessor-version":[{"id":6372,"href":"https:\/\/anjaekstroem.dk\/es\/wp-json\/wp\/v2\/posts\/4084\/revisions\/6372"}],"wp:featuredmedia":[{"embeddable":true,"href":"https:\/\/anjaekstroem.dk\/es\/wp-json\/wp\/v2\/media\/4190"}],"wp:attachment":[{"href":"https:\/\/anjaekstroem.dk\/es\/wp-json\/wp\/v2\/media?parent=4084"}],"wp:term":[{"taxonomy":"category","embeddable":true,"href":"https:\/\/anjaekstroem.dk\/es\/wp-json\/wp\/v2\/categories?post=4084"},{"taxonomy":"post_tag","embeddable":true,"href":"https:\/\/anjaekstroem.dk\/es\/wp-json\/wp\/v2\/tags?post=4084"}],"curies":[{"name":"wp","href":"https:\/\/api.w.org\/{rel}","templated":true}]}}