{"id":3254,"date":"2022-02-26T18:14:48","date_gmt":"2022-02-26T17:14:48","guid":{"rendered":"https:\/\/www.anjaekstroem.dk\/?p=3254"},"modified":"2024-08-26T13:29:31","modified_gmt":"2024-08-26T11:29:31","slug":"faa-din-egen-internationale-kampagne","status":"publish","type":"post","link":"https:\/\/anjaekstroem.dk\/es\/consigue-tu-propia-campana-internacional\/","title":{"rendered":"Obt\u00e9n tu propio internacional campa\u00f1a"},"content":{"rendered":"<h2>Obt\u00e9n tu propio internacional campa\u00f1a<\/h2>\n<h3>Si, suena muy bien \u00bfno?\u2026..<\/h3>\n<p>Puedes tener tu propia campa\u00f1a internacional, filmada bajo el sol y las palmeras... \u00bfPero C\u00d3MO????<\/p>\n<p>Como muchos saben, las campa\u00f1as internacionales pueden costar much\u00edsimos miles de coronas, ya que se lleva todo un equipo en avi\u00f3n, con el catering, el hotel, etc., tienen un entendimiento com\u00fan, etc., por lo que muchos prefieren tener su &quot;propio&quot; fot\u00f3grafo. con ellos y no contratar a alguien de quien no saben nada.<\/p>\n<p>De todos modos, termina siendo m\u00e1s de lo esperado y las marcas m\u00e1s peque\u00f1as (quiz\u00e1s nuevas) no necesariamente tienen ese tipo de presupuesto para la pr\u00f3xima campa\u00f1a en el sitio web, las redes sociales, etc.<\/p>\n<h4>\u00a1Tengo una soluci\u00f3n para eso!<\/h4>\n<p>Digamos que vendes\/dise\u00f1as ropa de mujer y eres nueva en el mercado. No tienes entre 30.000 y 70.000 euros para gastar en el extranjero, pero sue\u00f1as con el aspecto internacional de tus fotograf\u00edas. YO S\u00c9 DE CUALQUIERA lo que es quererlo TODO\u2026. NUUUUU... \u00a1pero no tienes las finanzas para simplemente rendirte! Nunca he sido bueno en el concepto de &quot;Comer para nutrirme&quot;, pero as\u00ed tiene que ser a veces... \u00a1PERO AHORA NO!<\/p>\n<p>Te pones en contacto conmigo y me dices qu\u00e9 quieres que contengan las fotos en t\u00e9rminos de ubicaci\u00f3n, estilo, tipo de modelo, ambiente\/estado de \u00e1nimo, etc., cu\u00e1ntos estilos, etc. se trata de<\/p>\n<p>Me llevo una modelo + tus productos a la soleada costa de Espa\u00f1a (<a href=\"https:\/\/www.google.com\/maps\/place\/29770+Torrox+Costa,+M%C3%A1laga,+Spanien\/@36.7324982,-3.9630656,14z\/data=!3m1!4b1!4m5!3m4!1s0xd723a898c69cceb:0xc358756be5d629fb!8m2!3d36.7325!4d-3.945556\">mapa aqu\u00ed)<\/a>. Rodamos una serie basada en tus instrucciones y deseos. Te env\u00edo un adelanto de lo que hemos hecho para que puedas sentarte tranquilamente en Dinamarca y estar con nosotros durante todo el camino. Dedico mucho tiempo a cada toma para que haya espacio para que puedas decir: &quot;Solo me faltan algunas piezas en este escenario&quot; o algo similar, y luego tenemos tiempo para capturarlo antes de viajar de regreso.<\/p>\n<h4>As\u00ed que salvas a TODO el equipo, yo me asegurar\u00e9 de eso.<\/h4>\n<p>Soy responsable de todas las cosas pr\u00e1cticas junto con usted. Juntos encontraremos el\/los modelo(s) que se adapten a la expresi\u00f3n que deseas. Probablemente te ayudar\u00e9 a convertir tu visi\u00f3n en realidad, para que puedas sentarte y ver crecer y crecer al beb\u00e9 de tu marca en el campo visual.<\/p>\n<p>Ver sus productos fotografiados profesionalmente bajo el sol y las palmeras es para muchos una experiencia FANT\u00c1STICA.<\/p>\n<h4>\u00bfPor qu\u00e9 estoy haciendo esto?<\/h4>\n<p>Creo y me apasiona ayudarnos unos a otros y retribuir. \u00a1Soy una APASIONADA por el emprendimiento y realmente me gustar\u00eda ser una peque\u00f1a parte de tu \u00e9xito futuro si puedo!<\/p>\n<p>Realmente creo que hay un enorme potencial en esto. \u00a1Es por eso que tambi\u00e9n puse &quot;dinero donde est\u00e1 mi boca&quot; y baj\u00e9 el precio de mi imagen SIGNIFICATIVAMENTE para comenzar con esto! \u00a1\u00a1Me encanta TODO sobre esto!! y as\u00ed naci\u00f3 &quot;Consigue tu propia campa\u00f1a internacional&quot;.<\/p>\n<p>Si desea saber m\u00e1s sobre los aspectos financieros, env\u00edeme un correo electr\u00f3nico o un SMS y con gusto se lo explicar\u00e9. Prometo que es un precio MUCHO m\u00e1s aceptable que el descrito anteriormente \ud83d\ude09<\/p>\n<p>Contacto: anja@anjaekstroem.dk \/\/ 25157676 \u2013 puedes encontrar algo de Los \u00c1ngeles y Espa\u00f1a <a href=\"https:\/\/anjaekstroem.dk\/es\/fotografo-de-moda\/\">AQU\u00cd<\/a><\/p>\n<p>Solo arrojar\u00e9 algunos aqu\u00ed:<\/p>\n<p><img fetchpriority=\"high\" decoding=\"async\" class=\"alignnone size-medium wp-image-2601\" src=\"https:\/\/www.anjaekstroem.dk\/wp-content\/uploads\/2020\/06\/20200303-20200303-DSC03103-Edit-4-300x204.jpg\" alt=\"Anja Ekstr\u00f8m, fot\u00f3grafa de moda de Ball International\" width=\"300\" height=\"204\" \/><img decoding=\"async\" class=\"alignnone size-medium wp-image-1894\" src=\"https:\/\/anjaekstroem.dk\/wp-content\/uploads\/2018\/10\/madeline-ford-photographer-anja-ekstrom-4-300x200.jpg\" alt=\"Los \u00c1ngeles Madeline Ford fot\u00f3grafa de moda Anja Ekstr\u00f8m\" width=\"300\" height=\"200\" srcset=\"https:\/\/anjaekstroem.dk\/wp-content\/uploads\/2018\/10\/madeline-ford-photographer-anja-ekstrom-4-300x200.jpg 300w, https:\/\/anjaekstroem.dk\/wp-content\/uploads\/2018\/10\/madeline-ford-photographer-anja-ekstrom-4-600x400.jpg 600w, https:\/\/anjaekstroem.dk\/wp-content\/uploads\/2018\/10\/madeline-ford-photographer-anja-ekstrom-4-1024x683.jpg 1024w, https:\/\/anjaekstroem.dk\/wp-content\/uploads\/2018\/10\/madeline-ford-photographer-anja-ekstrom-4-768x512.jpg 768w, https:\/\/anjaekstroem.dk\/wp-content\/uploads\/2018\/10\/madeline-ford-photographer-anja-ekstrom-4-1536x1024.jpg 1536w, https:\/\/anjaekstroem.dk\/wp-content\/uploads\/2018\/10\/madeline-ford-photographer-anja-ekstrom-4.jpg 2048w\" sizes=\"(max-width: 300px) 100vw, 300px\" \/><img decoding=\"async\" class=\"alignnone size-medium wp-image-1755\" src=\"https:\/\/anjaekstroem.dk\/wp-content\/uploads\/2018\/03\/416A4960-3-300x200.jpg\" alt=\"fot\u00f3grafa de moda Anja Ekstr\u00f8m\" width=\"300\" height=\"200\" srcset=\"https:\/\/anjaekstroem.dk\/wp-content\/uploads\/2018\/03\/416A4960-3-300x200.jpg 300w, https:\/\/anjaekstroem.dk\/wp-content\/uploads\/2018\/03\/416A4960-3-600x400.jpg 600w, https:\/\/anjaekstroem.dk\/wp-content\/uploads\/2018\/03\/416A4960-3-1024x683.jpg 1024w, https:\/\/anjaekstroem.dk\/wp-content\/uploads\/2018\/03\/416A4960-3-768x512.jpg 768w, https:\/\/anjaekstroem.dk\/wp-content\/uploads\/2018\/03\/416A4960-3-1536x1024.jpg 1536w, https:\/\/anjaekstroem.dk\/wp-content\/uploads\/2018\/03\/416A4960-3.jpg 2048w\" sizes=\"(max-width: 300px) 100vw, 300px\" \/><img loading=\"lazy\" decoding=\"async\" class=\"alignnone size-medium wp-image-1896\" src=\"https:\/\/anjaekstroem.dk\/wp-content\/uploads\/2018\/10\/madeline-ford-photographer-anja-ekstrom-25-300x200.jpg\" alt=\"Los \u00c1ngeles Anja Ekstrom\" width=\"300\" height=\"200\" \/><\/p>\n<p><img loading=\"lazy\" decoding=\"async\" class=\"alignnone size-medium wp-image-2602\" src=\"https:\/\/www.anjaekstroem.dk\/wp-content\/uploads\/2020\/06\/20200303-20200303-DSC03415-Edit-Edit-300x200.jpg\" alt=\"Ball International por la fot\u00f3grafa de moda Anja Ekstr\u00f8m\" width=\"300\" height=\"200\" \/><img loading=\"lazy\" decoding=\"async\" class=\"alignnone size-medium wp-image-1901\" src=\"https:\/\/anjaekstroem.dk\/wp-content\/uploads\/2018\/10\/Madeline-Ford-photographer-Anja-Ekstrom-7-300x200.jpg\" alt=\"La fot\u00f3grafa de moda Anja Ekstr\u00f8m\" width=\"300\" height=\"200\" srcset=\"https:\/\/anjaekstroem.dk\/wp-content\/uploads\/2018\/10\/Madeline-Ford-photographer-Anja-Ekstrom-7-300x200.jpg 300w, https:\/\/anjaekstroem.dk\/wp-content\/uploads\/2018\/10\/Madeline-Ford-photographer-Anja-Ekstrom-7-600x400.jpg 600w, https:\/\/anjaekstroem.dk\/wp-content\/uploads\/2018\/10\/Madeline-Ford-photographer-Anja-Ekstrom-7-1024x683.jpg 1024w, https:\/\/anjaekstroem.dk\/wp-content\/uploads\/2018\/10\/Madeline-Ford-photographer-Anja-Ekstrom-7-768x512.jpg 768w, https:\/\/anjaekstroem.dk\/wp-content\/uploads\/2018\/10\/Madeline-Ford-photographer-Anja-Ekstrom-7-1536x1024.jpg 1536w, https:\/\/anjaekstroem.dk\/wp-content\/uploads\/2018\/10\/Madeline-Ford-photographer-Anja-Ekstrom-7.jpg 2048w\" sizes=\"(max-width: 300px) 100vw, 300px\" \/><img loading=\"lazy\" decoding=\"async\" class=\"alignnone size-medium wp-image-2604\" src=\"https:\/\/www.anjaekstroem.dk\/wp-content\/uploads\/2020\/06\/20200304-20200304-DSC04448-Edit-300x200.jpg\" alt=\"\" width=\"300\" height=\"200\" \/><img loading=\"lazy\" decoding=\"async\" class=\"alignnone size-medium wp-image-1761\" src=\"https:\/\/anjaekstroem.dk\/wp-content\/uploads\/2018\/03\/416A5061-300x200.jpg\" alt=\"La fot\u00f3grafa de moda Anja Ekstr\u00f8m\" width=\"300\" height=\"200\" srcset=\"https:\/\/anjaekstroem.dk\/wp-content\/uploads\/2018\/03\/416A5061-300x200.jpg 300w, https:\/\/anjaekstroem.dk\/wp-content\/uploads\/2018\/03\/416A5061-600x400.jpg 600w, https:\/\/anjaekstroem.dk\/wp-content\/uploads\/2018\/03\/416A5061-1024x683.jpg 1024w, https:\/\/anjaekstroem.dk\/wp-content\/uploads\/2018\/03\/416A5061-768x512.jpg 768w, https:\/\/anjaekstroem.dk\/wp-content\/uploads\/2018\/03\/416A5061-1536x1025.jpg 1536w, https:\/\/anjaekstroem.dk\/wp-content\/uploads\/2018\/03\/416A5061.jpg 2048w\" sizes=\"(max-width: 300px) 100vw, 300px\" \/><\/p>\n<p>XOXO<\/p>\n<p>Anja<\/p>","protected":false},"excerpt":{"rendered":"<p>Consigue tu propia campa\u00f1a internacional S\u00ed, suena muy bien, \u00bfverdad?\u2026.. Puedes tener tu propia campa\u00f1a internacional, filmada bajo el sol y el crujido de las palmeras\u2026.. \u00bfPero C\u00d3MO???? Como muchos saben, las campa\u00f1as internacionales pueden costar muchos, muchos, muchos miles de coronas, ya que llevas en avi\u00f3n a todo un equipo, con comida, hotel, etc., etc. Alternativamente, puedes contratar [\u2026]<\/p>","protected":false},"author":3,"featured_media":1895,"comment_status":"open","ping_status":"open","sticky":false,"template":"","format":"standard","meta":{"_acf_changed":false,"iawp_total_views":31,"footnotes":""},"categories":[52,71,53],"tags":[66,67,68,69,70],"class_list":["post-3254","post","type-post","status-publish","format-standard","has-post-thumbnail","hentry","category-fotoshoots","category-lidt-af-hvert","category-magasiner","tag-branding","tag-international-kampagne","tag-lookbook","tag-mode","tag-spanien"],"acf":[],"yoast_head":"<!-- This site is optimized with the Yoast SEO plugin v23.5 - https:\/\/yoast.com\/wordpress\/plugins\/seo\/ -->\n<title>F\u00e5 din egen internationale kampagne - Anja Ekstr\u00f8m Creative<\/title>\n<meta name=\"description\" content=\"F\u00e5 din egen internationale kampagne Er du et mindre brand med \u00f8nsket om billeder med et internationalt look men har et lille budget?\" \/>\n<meta name=\"robots\" content=\"index, follow, max-snippet:-1, max-image-preview:large, max-video-preview:-1\" \/>\n<link rel=\"canonical\" href=\"https:\/\/anjaekstroem.dk\/es\/consigue-tu-propia-campana-internacional\/\" \/>\n<meta property=\"og:locale\" content=\"es_ES\" \/>\n<meta property=\"og:type\" content=\"article\" \/>\n<meta property=\"og:title\" content=\"F\u00e5 din egen internationale kampagne - Anja Ekstr\u00f8m Creative\" \/>\n<meta property=\"og:description\" content=\"F\u00e5 din egen internationale kampagne Er du et mindre brand med \u00f8nsket om billeder med et internationalt look men har et lille budget?\" \/>\n<meta property=\"og:url\" content=\"https:\/\/anjaekstroem.dk\/es\/consigue-tu-propia-campana-internacional\/\" \/>\n<meta property=\"og:site_name\" content=\"Anja Ekstr\u00f8m Creative\" \/>\n<meta property=\"article:published_time\" content=\"2022-02-26T17:14:48+00:00\" \/>\n<meta property=\"article:modified_time\" content=\"2024-08-26T11:29:31+00:00\" \/>\n<meta property=\"og:image\" content=\"https:\/\/anjaekstroem.dk\/wp-content\/uploads\/2018\/10\/madeline-ford-photographer-anja-ekstrom-12.jpg\" \/>\n\t<meta property=\"og:image:width\" content=\"2048\" \/>\n\t<meta property=\"og:image:height\" content=\"1365\" \/>\n\t<meta property=\"og:image:type\" content=\"image\/jpeg\" \/>\n<meta name=\"author\" content=\"Anja Ekstr\u00f8m\" \/>\n<meta name=\"twitter:card\" content=\"summary_large_image\" \/>\n<meta name=\"twitter:label1\" content=\"Escrito por\" \/>\n\t<meta name=\"twitter:data1\" content=\"Anja Ekstr\u00f8m\" \/>\n\t<meta name=\"twitter:label2\" content=\"Tiempo de lectura\" \/>\n\t<meta name=\"twitter:data2\" content=\"5 minutos\" \/>\n<script type=\"application\/ld+json\" class=\"yoast-schema-graph\">{\"@context\":\"https:\/\/schema.org\",\"@graph\":[{\"@type\":\"Article\",\"@id\":\"https:\/\/anjaekstroem.dk\/faa-din-egen-internationale-kampagne\/#article\",\"isPartOf\":{\"@id\":\"https:\/\/anjaekstroem.dk\/faa-din-egen-internationale-kampagne\/\"},\"author\":{\"name\":\"Anja Ekstr\u00f8m\",\"@id\":\"https:\/\/anjaekstroem.dk\/#\/schema\/person\/ae301236eee86c4cc45c9a0b9b018b26\"},\"headline\":\"F\u00e5 din egen internationale kampagne\",\"datePublished\":\"2022-02-26T17:14:48+00:00\",\"dateModified\":\"2024-08-26T11:29:31+00:00\",\"mainEntityOfPage\":{\"@id\":\"https:\/\/anjaekstroem.dk\/faa-din-egen-internationale-kampagne\/\"},\"wordCount\":582,\"commentCount\":27,\"publisher\":{\"@id\":\"https:\/\/anjaekstroem.dk\/#organization\"},\"image\":{\"@id\":\"https:\/\/anjaekstroem.dk\/faa-din-egen-internationale-kampagne\/#primaryimage\"},\"thumbnailUrl\":\"https:\/\/anjaekstroem.dk\/wp-content\/uploads\/2018\/10\/madeline-ford-photographer-anja-ekstrom-12.jpg\",\"keywords\":[\"branding\",\"international kampagne\",\"lookbook\",\"mode\",\"spanien\"],\"articleSection\":[\"Fotoshoots\",\"Lidt af hvert\",\"Magasiner\"],\"inLanguage\":\"es\",\"potentialAction\":[{\"@type\":\"CommentAction\",\"name\":\"Comment\",\"target\":[\"https:\/\/anjaekstroem.dk\/faa-din-egen-internationale-kampagne\/#respond\"]}]},{\"@type\":\"WebPage\",\"@id\":\"https:\/\/anjaekstroem.dk\/faa-din-egen-internationale-kampagne\/\",\"url\":\"https:\/\/anjaekstroem.dk\/faa-din-egen-internationale-kampagne\/\",\"name\":\"F\u00e5 din egen internationale kampagne - Anja Ekstr\u00f8m Creative\",\"isPartOf\":{\"@id\":\"https:\/\/anjaekstroem.dk\/#website\"},\"primaryImageOfPage\":{\"@id\":\"https:\/\/anjaekstroem.dk\/faa-din-egen-internationale-kampagne\/#primaryimage\"},\"image\":{\"@id\":\"https:\/\/anjaekstroem.dk\/faa-din-egen-internationale-kampagne\/#primaryimage\"},\"thumbnailUrl\":\"https:\/\/anjaekstroem.dk\/wp-content\/uploads\/2018\/10\/madeline-ford-photographer-anja-ekstrom-12.jpg\",\"datePublished\":\"2022-02-26T17:14:48+00:00\",\"dateModified\":\"2024-08-26T11:29:31+00:00\",\"description\":\"F\u00e5 din egen internationale kampagne Er du et mindre brand med \u00f8nsket om billeder med et internationalt look men har et lille budget?\",\"breadcrumb\":{\"@id\":\"https:\/\/anjaekstroem.dk\/faa-din-egen-internationale-kampagne\/#breadcrumb\"},\"inLanguage\":\"es\",\"potentialAction\":[{\"@type\":\"ReadAction\",\"target\":[\"https:\/\/anjaekstroem.dk\/faa-din-egen-internationale-kampagne\/\"]}]},{\"@type\":\"ImageObject\",\"inLanguage\":\"es\",\"@id\":\"https:\/\/anjaekstroem.dk\/faa-din-egen-internationale-kampagne\/#primaryimage\",\"url\":\"https:\/\/anjaekstroem.dk\/wp-content\/uploads\/2018\/10\/madeline-ford-photographer-anja-ekstrom-12.jpg\",\"contentUrl\":\"https:\/\/anjaekstroem.dk\/wp-content\/uploads\/2018\/10\/madeline-ford-photographer-anja-ekstrom-12.jpg\",\"width\":2048,\"height\":1365,\"caption\":\"Los Angeles modekampagne skudt af Anja Ekstr\u00f8m\"},{\"@type\":\"BreadcrumbList\",\"@id\":\"https:\/\/anjaekstroem.dk\/faa-din-egen-internationale-kampagne\/#breadcrumb\",\"itemListElement\":[{\"@type\":\"ListItem\",\"position\":1,\"name\":\"Hjem\",\"item\":\"https:\/\/anjaekstroem.dk\/\"},{\"@type\":\"ListItem\",\"position\":2,\"name\":\"F\u00e5 din egen internationale kampagne\"}]},{\"@type\":\"WebSite\",\"@id\":\"https:\/\/anjaekstroem.dk\/#website\",\"url\":\"https:\/\/anjaekstroem.dk\/\",\"name\":\"Anja Ekstr\u00f8m Creative\",\"description\":\"Fotograf med sj\u00e6l\",\"publisher\":{\"@id\":\"https:\/\/anjaekstroem.dk\/#organization\"},\"potentialAction\":[{\"@type\":\"SearchAction\",\"target\":{\"@type\":\"EntryPoint\",\"urlTemplate\":\"https:\/\/anjaekstroem.dk\/?s={search_term_string}\"},\"query-input\":{\"@type\":\"PropertyValueSpecification\",\"valueRequired\":true,\"valueName\":\"search_term_string\"}}],\"inLanguage\":\"es\"},{\"@type\":\"Organization\",\"@id\":\"https:\/\/anjaekstroem.dk\/#organization\",\"name\":\"Anja Ekstr\u00f8m Creative\",\"url\":\"https:\/\/anjaekstroem.dk\/\",\"logo\":{\"@type\":\"ImageObject\",\"inLanguage\":\"es\",\"@id\":\"https:\/\/anjaekstroem.dk\/#\/schema\/logo\/image\/\",\"url\":\"https:\/\/anjaekstroem.dk\/wp-content\/uploads\/2021\/10\/AnjaEkstroem-03.png\",\"contentUrl\":\"https:\/\/anjaekstroem.dk\/wp-content\/uploads\/2021\/10\/AnjaEkstroem-03.png\",\"width\":2560,\"height\":662,\"caption\":\"Anja Ekstr\u00f8m Creative\"},\"image\":{\"@id\":\"https:\/\/anjaekstroem.dk\/#\/schema\/logo\/image\/\"}},{\"@type\":\"Person\",\"@id\":\"https:\/\/anjaekstroem.dk\/#\/schema\/person\/ae301236eee86c4cc45c9a0b9b018b26\",\"name\":\"Anja Ekstr\u00f8m\",\"url\":\"https:\/\/anjaekstroem.dk\/es\/author\/anja\/\"}]}<\/script>\n<!-- \/ Yoast SEO plugin. -->","yoast_head_json":{"title":"F\u00e5 din egen internationale kampagne - Anja Ekstr\u00f8m Creative","description":"F\u00e5 din egen internationale kampagne Er du et mindre brand med \u00f8nsket om billeder med et internationalt look men har et lille budget?","robots":{"index":"index","follow":"follow","max-snippet":"max-snippet:-1","max-image-preview":"max-image-preview:large","max-video-preview":"max-video-preview:-1"},"canonical":"https:\/\/anjaekstroem.dk\/es\/consigue-tu-propia-campana-internacional\/","og_locale":"es_ES","og_type":"article","og_title":"F\u00e5 din egen internationale kampagne - Anja Ekstr\u00f8m Creative","og_description":"F\u00e5 din egen internationale kampagne Er du et mindre brand med \u00f8nsket om billeder med et internationalt look men har et lille budget?","og_url":"https:\/\/anjaekstroem.dk\/es\/consigue-tu-propia-campana-internacional\/","og_site_name":"Anja Ekstr\u00f8m Creative","article_published_time":"2022-02-26T17:14:48+00:00","article_modified_time":"2024-08-26T11:29:31+00:00","og_image":[{"width":2048,"height":1365,"url":"https:\/\/anjaekstroem.dk\/wp-content\/uploads\/2018\/10\/madeline-ford-photographer-anja-ekstrom-12.jpg","type":"image\/jpeg"}],"author":"Anja Ekstr\u00f8m","twitter_card":"summary_large_image","twitter_misc":{"Escrito por":"Anja Ekstr\u00f8m","Tiempo de lectura":"5 minutos"},"schema":{"@context":"https:\/\/schema.org","@graph":[{"@type":"Article","@id":"https:\/\/anjaekstroem.dk\/faa-din-egen-internationale-kampagne\/#article","isPartOf":{"@id":"https:\/\/anjaekstroem.dk\/faa-din-egen-internationale-kampagne\/"},"author":{"name":"Anja Ekstr\u00f8m","@id":"https:\/\/anjaekstroem.dk\/#\/schema\/person\/ae301236eee86c4cc45c9a0b9b018b26"},"headline":"F\u00e5 din egen internationale kampagne","datePublished":"2022-02-26T17:14:48+00:00","dateModified":"2024-08-26T11:29:31+00:00","mainEntityOfPage":{"@id":"https:\/\/anjaekstroem.dk\/faa-din-egen-internationale-kampagne\/"},"wordCount":582,"commentCount":27,"publisher":{"@id":"https:\/\/anjaekstroem.dk\/#organization"},"image":{"@id":"https:\/\/anjaekstroem.dk\/faa-din-egen-internationale-kampagne\/#primaryimage"},"thumbnailUrl":"https:\/\/anjaekstroem.dk\/wp-content\/uploads\/2018\/10\/madeline-ford-photographer-anja-ekstrom-12.jpg","keywords":["branding","international kampagne","lookbook","mode","spanien"],"articleSection":["Fotoshoots","Lidt af hvert","Magasiner"],"inLanguage":"es","potentialAction":[{"@type":"CommentAction","name":"Comment","target":["https:\/\/anjaekstroem.dk\/faa-din-egen-internationale-kampagne\/#respond"]}]},{"@type":"WebPage","@id":"https:\/\/anjaekstroem.dk\/faa-din-egen-internationale-kampagne\/","url":"https:\/\/anjaekstroem.dk\/faa-din-egen-internationale-kampagne\/","name":"F\u00e5 din egen internationale kampagne - Anja Ekstr\u00f8m Creative","isPartOf":{"@id":"https:\/\/anjaekstroem.dk\/#website"},"primaryImageOfPage":{"@id":"https:\/\/anjaekstroem.dk\/faa-din-egen-internationale-kampagne\/#primaryimage"},"image":{"@id":"https:\/\/anjaekstroem.dk\/faa-din-egen-internationale-kampagne\/#primaryimage"},"thumbnailUrl":"https:\/\/anjaekstroem.dk\/wp-content\/uploads\/2018\/10\/madeline-ford-photographer-anja-ekstrom-12.jpg","datePublished":"2022-02-26T17:14:48+00:00","dateModified":"2024-08-26T11:29:31+00:00","description":"F\u00e5 din egen internationale kampagne Er du et mindre brand med \u00f8nsket om billeder med et internationalt look men har et lille budget?","breadcrumb":{"@id":"https:\/\/anjaekstroem.dk\/faa-din-egen-internationale-kampagne\/#breadcrumb"},"inLanguage":"es","potentialAction":[{"@type":"ReadAction","target":["https:\/\/anjaekstroem.dk\/faa-din-egen-internationale-kampagne\/"]}]},{"@type":"ImageObject","inLanguage":"es","@id":"https:\/\/anjaekstroem.dk\/faa-din-egen-internationale-kampagne\/#primaryimage","url":"https:\/\/anjaekstroem.dk\/wp-content\/uploads\/2018\/10\/madeline-ford-photographer-anja-ekstrom-12.jpg","contentUrl":"https:\/\/anjaekstroem.dk\/wp-content\/uploads\/2018\/10\/madeline-ford-photographer-anja-ekstrom-12.jpg","width":2048,"height":1365,"caption":"Los Angeles modekampagne skudt af Anja Ekstr\u00f8m"},{"@type":"BreadcrumbList","@id":"https:\/\/anjaekstroem.dk\/faa-din-egen-internationale-kampagne\/#breadcrumb","itemListElement":[{"@type":"ListItem","position":1,"name":"Hjem","item":"https:\/\/anjaekstroem.dk\/"},{"@type":"ListItem","position":2,"name":"F\u00e5 din egen internationale kampagne"}]},{"@type":"WebSite","@id":"https:\/\/anjaekstroem.dk\/#website","url":"https:\/\/anjaekstroem.dk\/","name":"Anja Ekstr\u00f8m Creative","description":"Fotograf med sj\u00e6l","publisher":{"@id":"https:\/\/anjaekstroem.dk\/#organization"},"potentialAction":[{"@type":"SearchAction","target":{"@type":"EntryPoint","urlTemplate":"https:\/\/anjaekstroem.dk\/?s={search_term_string}"},"query-input":{"@type":"PropertyValueSpecification","valueRequired":true,"valueName":"search_term_string"}}],"inLanguage":"es"},{"@type":"Organization","@id":"https:\/\/anjaekstroem.dk\/#organization","name":"Anja Ekstr\u00f8m Creative","url":"https:\/\/anjaekstroem.dk\/","logo":{"@type":"ImageObject","inLanguage":"es","@id":"https:\/\/anjaekstroem.dk\/#\/schema\/logo\/image\/","url":"https:\/\/anjaekstroem.dk\/wp-content\/uploads\/2021\/10\/AnjaEkstroem-03.png","contentUrl":"https:\/\/anjaekstroem.dk\/wp-content\/uploads\/2021\/10\/AnjaEkstroem-03.png","width":2560,"height":662,"caption":"Anja Ekstr\u00f8m Creative"},"image":{"@id":"https:\/\/anjaekstroem.dk\/#\/schema\/logo\/image\/"}},{"@type":"Person","@id":"https:\/\/anjaekstroem.dk\/#\/schema\/person\/ae301236eee86c4cc45c9a0b9b018b26","name":"Anja Ekstr\u00f8m","url":"https:\/\/anjaekstroem.dk\/es\/author\/anja\/"}]}},"_links":{"self":[{"href":"https:\/\/anjaekstroem.dk\/es\/wp-json\/wp\/v2\/posts\/3254","targetHints":{"allow":["GET"]}}],"collection":[{"href":"https:\/\/anjaekstroem.dk\/es\/wp-json\/wp\/v2\/posts"}],"about":[{"href":"https:\/\/anjaekstroem.dk\/es\/wp-json\/wp\/v2\/types\/post"}],"author":[{"embeddable":true,"href":"https:\/\/anjaekstroem.dk\/es\/wp-json\/wp\/v2\/users\/3"}],"replies":[{"embeddable":true,"href":"https:\/\/anjaekstroem.dk\/es\/wp-json\/wp\/v2\/comments?post=3254"}],"version-history":[{"count":1,"href":"https:\/\/anjaekstroem.dk\/es\/wp-json\/wp\/v2\/posts\/3254\/revisions"}],"predecessor-version":[{"id":5675,"href":"https:\/\/anjaekstroem.dk\/es\/wp-json\/wp\/v2\/posts\/3254\/revisions\/5675"}],"wp:featuredmedia":[{"embeddable":true,"href":"https:\/\/anjaekstroem.dk\/es\/wp-json\/wp\/v2\/media\/1895"}],"wp:attachment":[{"href":"https:\/\/anjaekstroem.dk\/es\/wp-json\/wp\/v2\/media?parent=3254"}],"wp:term":[{"taxonomy":"category","embeddable":true,"href":"https:\/\/anjaekstroem.dk\/es\/wp-json\/wp\/v2\/categories?post=3254"},{"taxonomy":"post_tag","embeddable":true,"href":"https:\/\/anjaekstroem.dk\/es\/wp-json\/wp\/v2\/tags?post=3254"}],"curies":[{"name":"wp","href":"https:\/\/api.w.org\/{rel}","templated":true}]}}