{"id":2227,"date":"2016-07-18T14:53:41","date_gmt":"2016-07-18T12:53:41","guid":{"rendered":"https:\/\/www.anjaekstroem.dk\/?p=998"},"modified":"2016-07-18T14:53:41","modified_gmt":"2016-07-18T12:53:41","slug":"jeg-goer-det-jeg-toer-godt","status":"publish","type":"post","link":"https:\/\/anjaekstroem.dk\/es\/hago-lo-que-hago-bien\/","title":{"rendered":"\u00a1Lo hago! \u00a1\u00a1Me atrevo!!"},"content":{"rendered":"<p><strong><em>\u00a1Lo hago! \u00a1\u00a1Me atrevo!!<\/em><\/strong><\/p>\n<h2 class=\"p1\"><span class=\"s1\">Destaca como fot\u00f3grafo independiente a tiempo completo.<\/span><\/h2>\n<p class=\"p1\"><span class=\"s1\">\u00bfHay algo que provoque m\u00e1s ansiedad que imaginar un futuro sin ingresos econ\u00f3micos?<\/span><\/p>\n<p class=\"p1\"><span class=\"s1\">Para mi no\u2026. mi ansiedad interior, de no tener ingresos y poder sustentarme. Siempre me ha guiado en mis deberes profesionales\u2026. Durante m\u00e1s de 20 a\u00f1os he hecho \u201clo que se espera\u201d de una mujer de edad adulta\u2026 y a medida que crec\u00ed, las expectativas y obligaciones se volvieron cada vez mayores\u2026.<\/span><\/p>\n<p class=\"p1\"><span class=\"s1\">Cuando tom\u00e9 la c\u00e1mara por primera vez hace casi 4 a\u00f1os, supe que ESTO es lo que tengo que hacer por el resto de mi carrera... hasta que ya no puedo ver y tienes que arrancar la c\u00e1mara de mis crujientes dedos artr\u00edticos... pero una cosa es PENSARLO... otra es la realidad. Y entonces el demonio de la ansiedad interior da un paso adelante y comienza a susurrar TODAS las razones para NO convertirme en fot\u00f3grafo de tiempo completo... todas las razones por las que deber\u00eda conservar ese trabajo de oficina que s\u00f3lo &quot;estorba&quot; mi pasi\u00f3n...<\/span><\/p>\n<p class=\"p1\"><span class=\"s1\">Ahora he hecho lo PEOR que he hecho en mi vida.... Entonces, muy en serio: el m\u00e1s salvaje.<\/span><\/p>\n<p class=\"p1\"><span class=\"s1\">He puesto mi renuncia sobre la mesa del jefe\u2026. SIN tener un nuevo trabajo\u2026..Porque ahora me toca vivir de mi pasi\u00f3n!!!!!<\/span><\/p>\n<h3 class=\"p1\"><strong><span class=\"s1\">QUIERO SER FOT\u00d3GRAFO A TIEMPO COMPLETO - \u00a1Lo estoy haciendo! \u00a1\u00a1Me atrevo!!<\/span><\/strong><\/h3>\n<p class=\"p1\"><span class=\"s1\">Si supieras lo nervioso que estaba... y estoy... pero realmente es la elecci\u00f3n correcta para m\u00ed.<\/span><\/p>\n<p class=\"p1\"><span class=\"s1\">AMO esa decisi\u00f3n y puedo sentir en mis huesos que ES la elecci\u00f3n correcta... Estoy deseando que llegue el 1\/8 cuando REALMENTE comience mi aventura.<\/span><\/p>\n<p class=\"p1\"><strong><span class=\"s1\">AHORA es cuando los necesito a USTEDES, muchachos:<\/span><\/strong><\/p>\n<p class=\"p1\"><span class=\"s1\">Necesito toda la ayuda que pueda conseguir para correr la voz. Quiero pedirte ayuda para decirle a tu jefe que hago retratos de negocios, para decirle a tus hijas que hago portafolios de modelos, para decirle a tus amigos dise\u00f1adores que hago lookbooks, para decirles a tus hijos que vas con un fot\u00f3grafo con el toda la familia, para decirles a tus agentes que necesitas nuevas fotos de prensa, portadas de \u00e1lbumes, portadas de libros, retratos, etc, etc.... \u00bfY que deben ser tomadas en Anja Ekstr\u00f8m Photography?<\/span><\/p>\n<p class=\"p1\"><span class=\"s1\">Puede consultar TODAS las plataformas a continuaci\u00f3n y estar\u00e9 encantado de ofrecerle una oferta sin compromiso para la fotograf\u00eda en mi estudio en Vanl\u00f8se o &quot;en exteriores&quot;.<\/span><\/p>\n<p class=\"p1\"><span class=\"s1\"><a href=\"https:\/\/anjaekstroem.dk\/es\/\">anjaekstroem.dk<\/a> \u2013 <a href=\"http:\/\/Instagram.com\/anjaekstroem\">Instagram.com\/anjaekstroem <\/a>\u2013 <a href=\"http:\/\/facebook.com\/anjaekstroem\">Facebook.com\/AEkstroem<\/a> \u2013 LinkedIn<\/span><\/p>\n<p class=\"p1\"><span class=\"s1\">Vamos amigos, S\u00c9 que podemos crear magia y vibrar juntos.<\/span><\/p>\n<p class=\"p1\"><span class=\"s1\">Tu ayuda y apoyo es indispensable y realmente estoy muy feliz de sentir todo el amor que me muestras.<\/span><\/p>\n<p class=\"p1\"><span class=\"s1\">XOXO<\/span><\/p>\n<p class=\"p1\"><span class=\"s1\">Anja<\/span><\/p>","protected":false},"excerpt":{"rendered":"<p>\u00a1Lo hago! \u00a1\u00a1Me atrevo!! Estallar como fot\u00f3grafo independiente a tiempo completo \u00bfHay algo que provoque m\u00e1s ansiedad que imaginar un futuro sin ingresos econ\u00f3micos? Para mi no\u2026. mi ansiedad interior, de no tener ingresos y poder sustentarme. Siempre me ha guiado en mis deberes profesionales\u2026. por m\u00e1s de 20 [\u2026]<\/p>","protected":false},"author":3,"featured_media":4164,"comment_status":"open","ping_status":"open","sticky":false,"template":"","format":"standard","meta":{"_acf_changed":false,"iawp_total_views":24,"footnotes":""},"categories":[71],"tags":[],"class_list":["post-2227","post","type-post","status-publish","format-standard","has-post-thumbnail","hentry","category-lidt-af-hvert"],"acf":[],"yoast_head":"<!-- This site is optimized with the Yoast SEO plugin v23.5 - https:\/\/yoast.com\/wordpress\/plugins\/seo\/ -->\n<title>Jeg g\u00f8r det! Jeg t\u00f8r godt!! - Anja Ekstr\u00f8m Creative<\/title>\n<meta name=\"description\" content=\"Jeg g\u00f8r det! Jeg t\u00f8r godt!! Du skal til at kaste dig ud i en fremtid uden finansiel sikkerhed? Velkommen iv\u00e6rks\u00e6tter!\" \/>\n<meta name=\"robots\" content=\"index, follow, max-snippet:-1, max-image-preview:large, max-video-preview:-1\" \/>\n<link rel=\"canonical\" href=\"https:\/\/anjaekstroem.dk\/es\/hago-lo-que-hago-bien\/\" \/>\n<meta property=\"og:locale\" content=\"es_ES\" \/>\n<meta property=\"og:type\" content=\"article\" \/>\n<meta property=\"og:title\" content=\"Jeg g\u00f8r det! Jeg t\u00f8r godt!! - Anja Ekstr\u00f8m Creative\" \/>\n<meta property=\"og:description\" content=\"Jeg g\u00f8r det! Jeg t\u00f8r godt!! Du skal til at kaste dig ud i en fremtid uden finansiel sikkerhed? Velkommen iv\u00e6rks\u00e6tter!\" \/>\n<meta property=\"og:url\" content=\"https:\/\/anjaekstroem.dk\/es\/hago-lo-que-hago-bien\/\" \/>\n<meta property=\"og:site_name\" content=\"Anja Ekstr\u00f8m Creative\" \/>\n<meta property=\"article:published_time\" content=\"2016-07-18T12:53:41+00:00\" \/>\n<meta property=\"og:image\" content=\"https:\/\/anjaekstroem.dk\/wp-content\/uploads\/2016\/07\/ekstroem-logo-blog.jpg\" \/>\n\t<meta property=\"og:image:width\" content=\"800\" \/>\n\t<meta property=\"og:image:height\" content=\"601\" \/>\n\t<meta property=\"og:image:type\" content=\"image\/jpeg\" \/>\n<meta name=\"author\" content=\"Anja Ekstr\u00f8m\" \/>\n<meta name=\"twitter:card\" content=\"summary_large_image\" \/>\n<meta name=\"twitter:label1\" content=\"Escrito por\" \/>\n\t<meta name=\"twitter:data1\" content=\"Anja Ekstr\u00f8m\" \/>\n\t<meta name=\"twitter:label2\" content=\"Tiempo de lectura\" \/>\n\t<meta name=\"twitter:data2\" content=\"3 minutos\" \/>\n<script type=\"application\/ld+json\" class=\"yoast-schema-graph\">{\"@context\":\"https:\/\/schema.org\",\"@graph\":[{\"@type\":\"Article\",\"@id\":\"https:\/\/anjaekstroem.dk\/jeg-goer-det-jeg-toer-godt\/#article\",\"isPartOf\":{\"@id\":\"https:\/\/anjaekstroem.dk\/jeg-goer-det-jeg-toer-godt\/\"},\"author\":{\"name\":\"Anja Ekstr\u00f8m\",\"@id\":\"https:\/\/anjaekstroem.dk\/#\/schema\/person\/ae301236eee86c4cc45c9a0b9b018b26\"},\"headline\":\"Jeg g\u00f8r det! Jeg t\u00f8r godt!!\",\"datePublished\":\"2016-07-18T12:53:41+00:00\",\"dateModified\":\"2016-07-18T12:53:41+00:00\",\"mainEntityOfPage\":{\"@id\":\"https:\/\/anjaekstroem.dk\/jeg-goer-det-jeg-toer-godt\/\"},\"wordCount\":488,\"commentCount\":25,\"publisher\":{\"@id\":\"https:\/\/anjaekstroem.dk\/#organization\"},\"image\":{\"@id\":\"https:\/\/anjaekstroem.dk\/jeg-goer-det-jeg-toer-godt\/#primaryimage\"},\"thumbnailUrl\":\"https:\/\/anjaekstroem.dk\/wp-content\/uploads\/2016\/07\/ekstroem-logo-blog.jpg\",\"articleSection\":[\"Lidt af hvert\"],\"inLanguage\":\"es\",\"potentialAction\":[{\"@type\":\"CommentAction\",\"name\":\"Comment\",\"target\":[\"https:\/\/anjaekstroem.dk\/jeg-goer-det-jeg-toer-godt\/#respond\"]}]},{\"@type\":\"WebPage\",\"@id\":\"https:\/\/anjaekstroem.dk\/jeg-goer-det-jeg-toer-godt\/\",\"url\":\"https:\/\/anjaekstroem.dk\/jeg-goer-det-jeg-toer-godt\/\",\"name\":\"Jeg g\u00f8r det! Jeg t\u00f8r godt!! - Anja Ekstr\u00f8m Creative\",\"isPartOf\":{\"@id\":\"https:\/\/anjaekstroem.dk\/#website\"},\"primaryImageOfPage\":{\"@id\":\"https:\/\/anjaekstroem.dk\/jeg-goer-det-jeg-toer-godt\/#primaryimage\"},\"image\":{\"@id\":\"https:\/\/anjaekstroem.dk\/jeg-goer-det-jeg-toer-godt\/#primaryimage\"},\"thumbnailUrl\":\"https:\/\/anjaekstroem.dk\/wp-content\/uploads\/2016\/07\/ekstroem-logo-blog.jpg\",\"datePublished\":\"2016-07-18T12:53:41+00:00\",\"dateModified\":\"2016-07-18T12:53:41+00:00\",\"description\":\"Jeg g\u00f8r det! Jeg t\u00f8r godt!! Du skal til at kaste dig ud i en fremtid uden finansiel sikkerhed? Velkommen iv\u00e6rks\u00e6tter!\",\"breadcrumb\":{\"@id\":\"https:\/\/anjaekstroem.dk\/jeg-goer-det-jeg-toer-godt\/#breadcrumb\"},\"inLanguage\":\"es\",\"potentialAction\":[{\"@type\":\"ReadAction\",\"target\":[\"https:\/\/anjaekstroem.dk\/jeg-goer-det-jeg-toer-godt\/\"]}]},{\"@type\":\"ImageObject\",\"inLanguage\":\"es\",\"@id\":\"https:\/\/anjaekstroem.dk\/jeg-goer-det-jeg-toer-godt\/#primaryimage\",\"url\":\"https:\/\/anjaekstroem.dk\/wp-content\/uploads\/2016\/07\/ekstroem-logo-blog.jpg\",\"contentUrl\":\"https:\/\/anjaekstroem.dk\/wp-content\/uploads\/2016\/07\/ekstroem-logo-blog.jpg\",\"width\":800,\"height\":601},{\"@type\":\"BreadcrumbList\",\"@id\":\"https:\/\/anjaekstroem.dk\/jeg-goer-det-jeg-toer-godt\/#breadcrumb\",\"itemListElement\":[{\"@type\":\"ListItem\",\"position\":1,\"name\":\"Hjem\",\"item\":\"https:\/\/anjaekstroem.dk\/\"},{\"@type\":\"ListItem\",\"position\":2,\"name\":\"Jeg g\u00f8r det! Jeg t\u00f8r godt!!\"}]},{\"@type\":\"WebSite\",\"@id\":\"https:\/\/anjaekstroem.dk\/#website\",\"url\":\"https:\/\/anjaekstroem.dk\/\",\"name\":\"Anja Ekstr\u00f8m Creative\",\"description\":\"Fotograf med sj\u00e6l\",\"publisher\":{\"@id\":\"https:\/\/anjaekstroem.dk\/#organization\"},\"potentialAction\":[{\"@type\":\"SearchAction\",\"target\":{\"@type\":\"EntryPoint\",\"urlTemplate\":\"https:\/\/anjaekstroem.dk\/?s={search_term_string}\"},\"query-input\":{\"@type\":\"PropertyValueSpecification\",\"valueRequired\":true,\"valueName\":\"search_term_string\"}}],\"inLanguage\":\"es\"},{\"@type\":\"Organization\",\"@id\":\"https:\/\/anjaekstroem.dk\/#organization\",\"name\":\"Anja Ekstr\u00f8m Creative\",\"url\":\"https:\/\/anjaekstroem.dk\/\",\"logo\":{\"@type\":\"ImageObject\",\"inLanguage\":\"es\",\"@id\":\"https:\/\/anjaekstroem.dk\/#\/schema\/logo\/image\/\",\"url\":\"https:\/\/anjaekstroem.dk\/wp-content\/uploads\/2021\/10\/AnjaEkstroem-03.png\",\"contentUrl\":\"https:\/\/anjaekstroem.dk\/wp-content\/uploads\/2021\/10\/AnjaEkstroem-03.png\",\"width\":2560,\"height\":662,\"caption\":\"Anja Ekstr\u00f8m Creative\"},\"image\":{\"@id\":\"https:\/\/anjaekstroem.dk\/#\/schema\/logo\/image\/\"}},{\"@type\":\"Person\",\"@id\":\"https:\/\/anjaekstroem.dk\/#\/schema\/person\/ae301236eee86c4cc45c9a0b9b018b26\",\"name\":\"Anja Ekstr\u00f8m\",\"url\":\"https:\/\/anjaekstroem.dk\/es\/author\/anja\/\"}]}<\/script>\n<!-- \/ Yoast SEO plugin. -->","yoast_head_json":{"title":"Jeg g\u00f8r det! Jeg t\u00f8r godt!! - Anja Ekstr\u00f8m Creative","description":"Jeg g\u00f8r det! Jeg t\u00f8r godt!! Du skal til at kaste dig ud i en fremtid uden finansiel sikkerhed? Velkommen iv\u00e6rks\u00e6tter!","robots":{"index":"index","follow":"follow","max-snippet":"max-snippet:-1","max-image-preview":"max-image-preview:large","max-video-preview":"max-video-preview:-1"},"canonical":"https:\/\/anjaekstroem.dk\/es\/hago-lo-que-hago-bien\/","og_locale":"es_ES","og_type":"article","og_title":"Jeg g\u00f8r det! Jeg t\u00f8r godt!! - Anja Ekstr\u00f8m Creative","og_description":"Jeg g\u00f8r det! Jeg t\u00f8r godt!! Du skal til at kaste dig ud i en fremtid uden finansiel sikkerhed? Velkommen iv\u00e6rks\u00e6tter!","og_url":"https:\/\/anjaekstroem.dk\/es\/hago-lo-que-hago-bien\/","og_site_name":"Anja Ekstr\u00f8m Creative","article_published_time":"2016-07-18T12:53:41+00:00","og_image":[{"width":800,"height":601,"url":"https:\/\/anjaekstroem.dk\/wp-content\/uploads\/2016\/07\/ekstroem-logo-blog.jpg","type":"image\/jpeg"}],"author":"Anja Ekstr\u00f8m","twitter_card":"summary_large_image","twitter_misc":{"Escrito por":"Anja Ekstr\u00f8m","Tiempo de lectura":"3 minutos"},"schema":{"@context":"https:\/\/schema.org","@graph":[{"@type":"Article","@id":"https:\/\/anjaekstroem.dk\/jeg-goer-det-jeg-toer-godt\/#article","isPartOf":{"@id":"https:\/\/anjaekstroem.dk\/jeg-goer-det-jeg-toer-godt\/"},"author":{"name":"Anja Ekstr\u00f8m","@id":"https:\/\/anjaekstroem.dk\/#\/schema\/person\/ae301236eee86c4cc45c9a0b9b018b26"},"headline":"Jeg g\u00f8r det! Jeg t\u00f8r godt!!","datePublished":"2016-07-18T12:53:41+00:00","dateModified":"2016-07-18T12:53:41+00:00","mainEntityOfPage":{"@id":"https:\/\/anjaekstroem.dk\/jeg-goer-det-jeg-toer-godt\/"},"wordCount":488,"commentCount":25,"publisher":{"@id":"https:\/\/anjaekstroem.dk\/#organization"},"image":{"@id":"https:\/\/anjaekstroem.dk\/jeg-goer-det-jeg-toer-godt\/#primaryimage"},"thumbnailUrl":"https:\/\/anjaekstroem.dk\/wp-content\/uploads\/2016\/07\/ekstroem-logo-blog.jpg","articleSection":["Lidt af hvert"],"inLanguage":"es","potentialAction":[{"@type":"CommentAction","name":"Comment","target":["https:\/\/anjaekstroem.dk\/jeg-goer-det-jeg-toer-godt\/#respond"]}]},{"@type":"WebPage","@id":"https:\/\/anjaekstroem.dk\/jeg-goer-det-jeg-toer-godt\/","url":"https:\/\/anjaekstroem.dk\/jeg-goer-det-jeg-toer-godt\/","name":"Jeg g\u00f8r det! Jeg t\u00f8r godt!! - Anja Ekstr\u00f8m Creative","isPartOf":{"@id":"https:\/\/anjaekstroem.dk\/#website"},"primaryImageOfPage":{"@id":"https:\/\/anjaekstroem.dk\/jeg-goer-det-jeg-toer-godt\/#primaryimage"},"image":{"@id":"https:\/\/anjaekstroem.dk\/jeg-goer-det-jeg-toer-godt\/#primaryimage"},"thumbnailUrl":"https:\/\/anjaekstroem.dk\/wp-content\/uploads\/2016\/07\/ekstroem-logo-blog.jpg","datePublished":"2016-07-18T12:53:41+00:00","dateModified":"2016-07-18T12:53:41+00:00","description":"Jeg g\u00f8r det! Jeg t\u00f8r godt!! Du skal til at kaste dig ud i en fremtid uden finansiel sikkerhed? Velkommen iv\u00e6rks\u00e6tter!","breadcrumb":{"@id":"https:\/\/anjaekstroem.dk\/jeg-goer-det-jeg-toer-godt\/#breadcrumb"},"inLanguage":"es","potentialAction":[{"@type":"ReadAction","target":["https:\/\/anjaekstroem.dk\/jeg-goer-det-jeg-toer-godt\/"]}]},{"@type":"ImageObject","inLanguage":"es","@id":"https:\/\/anjaekstroem.dk\/jeg-goer-det-jeg-toer-godt\/#primaryimage","url":"https:\/\/anjaekstroem.dk\/wp-content\/uploads\/2016\/07\/ekstroem-logo-blog.jpg","contentUrl":"https:\/\/anjaekstroem.dk\/wp-content\/uploads\/2016\/07\/ekstroem-logo-blog.jpg","width":800,"height":601},{"@type":"BreadcrumbList","@id":"https:\/\/anjaekstroem.dk\/jeg-goer-det-jeg-toer-godt\/#breadcrumb","itemListElement":[{"@type":"ListItem","position":1,"name":"Hjem","item":"https:\/\/anjaekstroem.dk\/"},{"@type":"ListItem","position":2,"name":"Jeg g\u00f8r det! Jeg t\u00f8r godt!!"}]},{"@type":"WebSite","@id":"https:\/\/anjaekstroem.dk\/#website","url":"https:\/\/anjaekstroem.dk\/","name":"Anja Ekstr\u00f8m Creative","description":"Fotograf med sj\u00e6l","publisher":{"@id":"https:\/\/anjaekstroem.dk\/#organization"},"potentialAction":[{"@type":"SearchAction","target":{"@type":"EntryPoint","urlTemplate":"https:\/\/anjaekstroem.dk\/?s={search_term_string}"},"query-input":{"@type":"PropertyValueSpecification","valueRequired":true,"valueName":"search_term_string"}}],"inLanguage":"es"},{"@type":"Organization","@id":"https:\/\/anjaekstroem.dk\/#organization","name":"Anja Ekstr\u00f8m Creative","url":"https:\/\/anjaekstroem.dk\/","logo":{"@type":"ImageObject","inLanguage":"es","@id":"https:\/\/anjaekstroem.dk\/#\/schema\/logo\/image\/","url":"https:\/\/anjaekstroem.dk\/wp-content\/uploads\/2021\/10\/AnjaEkstroem-03.png","contentUrl":"https:\/\/anjaekstroem.dk\/wp-content\/uploads\/2021\/10\/AnjaEkstroem-03.png","width":2560,"height":662,"caption":"Anja Ekstr\u00f8m Creative"},"image":{"@id":"https:\/\/anjaekstroem.dk\/#\/schema\/logo\/image\/"}},{"@type":"Person","@id":"https:\/\/anjaekstroem.dk\/#\/schema\/person\/ae301236eee86c4cc45c9a0b9b018b26","name":"Anja Ekstr\u00f8m","url":"https:\/\/anjaekstroem.dk\/es\/author\/anja\/"}]}},"_links":{"self":[{"href":"https:\/\/anjaekstroem.dk\/es\/wp-json\/wp\/v2\/posts\/2227","targetHints":{"allow":["GET"]}}],"collection":[{"href":"https:\/\/anjaekstroem.dk\/es\/wp-json\/wp\/v2\/posts"}],"about":[{"href":"https:\/\/anjaekstroem.dk\/es\/wp-json\/wp\/v2\/types\/post"}],"author":[{"embeddable":true,"href":"https:\/\/anjaekstroem.dk\/es\/wp-json\/wp\/v2\/users\/3"}],"replies":[{"embeddable":true,"href":"https:\/\/anjaekstroem.dk\/es\/wp-json\/wp\/v2\/comments?post=2227"}],"version-history":[{"count":0,"href":"https:\/\/anjaekstroem.dk\/es\/wp-json\/wp\/v2\/posts\/2227\/revisions"}],"wp:featuredmedia":[{"embeddable":true,"href":"https:\/\/anjaekstroem.dk\/es\/wp-json\/wp\/v2\/media\/4164"}],"wp:attachment":[{"href":"https:\/\/anjaekstroem.dk\/es\/wp-json\/wp\/v2\/media?parent=2227"}],"wp:term":[{"taxonomy":"category","embeddable":true,"href":"https:\/\/anjaekstroem.dk\/es\/wp-json\/wp\/v2\/categories?post=2227"},{"taxonomy":"post_tag","embeddable":true,"href":"https:\/\/anjaekstroem.dk\/es\/wp-json\/wp\/v2\/tags?post=2227"}],"curies":[{"name":"wp","href":"https:\/\/api.w.org\/{rel}","templated":true}]}}