{"id":2216,"date":"2014-12-31T09:27:23","date_gmt":"2014-12-31T08:27:23","guid":{"rendered":"https:\/\/www.anjaekstroem.dk\/?p=896"},"modified":"2014-12-31T09:27:23","modified_gmt":"2014-12-31T08:27:23","slug":"stakkels-mig","status":"publish","type":"post","link":"https:\/\/anjaekstroem.dk\/es\/pobre-de-mi\/","title":{"rendered":"Pobre de m\u00ed..."},"content":{"rendered":"<p>Pobre, pobre de m\u00ed...<\/p>\n<p>\u00a1\u00a1PR\u00c1CTICA!! El despertador suena OTRA VEZ a las 05.40 \u2013 llamadas de trabajo\u2026..<\/p>\n<p>Mientras apago el reloj, mi amado se da vuelta hacia el otro lado y contin\u00faa gru\u00f1endo en sue\u00f1os\u2026<\/p>\n<p>Pensar que casi toda Dinamarca puede dormir y tomarse un tiempo libre cuando yo tengo que levantarme tan temprano e ir a trabajar.<\/p>\n<p>Sabes que est\u00e1s solo cuando te encuentras con menos de 10 coches en los tramos de autopista m\u00e1s transitados de Zelanda y el \u00fanico coche de la ciudad que circula es el cami\u00f3n de la basura.<\/p>\n<p>Tengo muchas ganas de que termine este d\u00eda de trabajo, porque entonces podr\u00e9 tener vacaciones hasta el lunes y luego podr\u00e9 divertirme editando todas las hermosas fotograf\u00edas que he tomado.<\/p>\n<p>(cr\u00e9dito de la foto: google)<\/p>\n<p><strong>FELIZ A\u00d1O NUEVO - \u00a1\u00a1\u00a1AHORA CU\u00cdDATE !!!!!<br \/>\nRECUERDA LAS GAFAS PARA EL TIRO DE MEDIANOCHE<\/strong><\/p>","protected":false},"excerpt":{"rendered":"<p>Pobre pobre de m\u00ed\u2026 \u00a1\u00a1PR\u00c1CTICA!! El despertador suena OTRA VEZ a las 05.40 \u2013 llamadas de trabajo\u2026.. Mientras apago el reloj, mi amado se da vuelta hacia el otro lado y sigue gru\u00f1endo mientras duerme\u2026 Piensa que casi toda Dinamarca puede dormir y tomarse un tiempo libre cuando tengo que levantarme tan temprano. y vas a trabajar Sabes que est\u00e1s solo cuando [\u2026]<\/p>","protected":false},"author":3,"featured_media":4122,"comment_status":"open","ping_status":"open","sticky":false,"template":"","format":"standard","meta":{"_acf_changed":false,"iawp_total_views":19,"footnotes":""},"categories":[71],"tags":[],"class_list":["post-2216","post","type-post","status-publish","format-standard","has-post-thumbnail","hentry","category-lidt-af-hvert"],"acf":[],"yoast_head":"<!-- This site is optimized with the Yoast SEO plugin v23.5 - https:\/\/yoast.com\/wordpress\/plugins\/seo\/ -->\n<title>Stakkels mig... v\u00e6kkeuret ringede IGEN alt for tidligt<\/title>\n<meta name=\"description\" content=\"Stakkels mig... \u00d8V. V\u00e6kkeuret ringede IGEN kl. 05.40 - arbejdet kalder. T\u00e6nk at n\u00e6sten hele Danmarks befolkning kan sove og holde fri n\u00e5r jeg\" \/>\n<meta name=\"robots\" content=\"index, follow, max-snippet:-1, max-image-preview:large, max-video-preview:-1\" \/>\n<link rel=\"canonical\" href=\"https:\/\/anjaekstroem.dk\/es\/pobre-de-mi\/\" \/>\n<meta property=\"og:locale\" content=\"es_ES\" \/>\n<meta property=\"og:type\" content=\"article\" \/>\n<meta property=\"og:title\" content=\"Stakkels mig... v\u00e6kkeuret ringede IGEN alt for tidligt\" \/>\n<meta property=\"og:description\" content=\"Stakkels mig... \u00d8V. V\u00e6kkeuret ringede IGEN kl. 05.40 - arbejdet kalder. T\u00e6nk at n\u00e6sten hele Danmarks befolkning kan sove og holde fri n\u00e5r jeg\" \/>\n<meta property=\"og:url\" content=\"https:\/\/anjaekstroem.dk\/es\/pobre-de-mi\/\" \/>\n<meta property=\"og:site_name\" content=\"Anja Ekstr\u00f8m Creative\" \/>\n<meta property=\"article:published_time\" content=\"2014-12-31T08:27:23+00:00\" \/>\n<meta property=\"og:image\" content=\"https:\/\/anjaekstroem.dk\/wp-content\/uploads\/2016\/07\/stakkels-mig-e1467790265379.jpg\" \/>\n\t<meta property=\"og:image:width\" content=\"953\" \/>\n\t<meta property=\"og:image:height\" content=\"629\" \/>\n\t<meta property=\"og:image:type\" content=\"image\/jpeg\" \/>\n<meta name=\"author\" content=\"Anja Ekstr\u00f8m\" \/>\n<meta name=\"twitter:card\" content=\"summary_large_image\" \/>\n<meta name=\"twitter:label1\" content=\"Escrito por\" \/>\n\t<meta name=\"twitter:data1\" content=\"Anja Ekstr\u00f8m\" \/>\n\t<meta name=\"twitter:label2\" content=\"Tiempo de lectura\" \/>\n\t<meta name=\"twitter:data2\" content=\"1 minuto\" \/>\n<script type=\"application\/ld+json\" class=\"yoast-schema-graph\">{\"@context\":\"https:\/\/schema.org\",\"@graph\":[{\"@type\":\"Article\",\"@id\":\"https:\/\/anjaekstroem.dk\/stakkels-mig\/#article\",\"isPartOf\":{\"@id\":\"https:\/\/anjaekstroem.dk\/stakkels-mig\/\"},\"author\":{\"name\":\"Anja Ekstr\u00f8m\",\"@id\":\"https:\/\/anjaekstroem.dk\/#\/schema\/person\/ae301236eee86c4cc45c9a0b9b018b26\"},\"headline\":\"Stakkels mig\u2026\",\"datePublished\":\"2014-12-31T08:27:23+00:00\",\"dateModified\":\"2014-12-31T08:27:23+00:00\",\"mainEntityOfPage\":{\"@id\":\"https:\/\/anjaekstroem.dk\/stakkels-mig\/\"},\"wordCount\":137,\"commentCount\":24,\"publisher\":{\"@id\":\"https:\/\/anjaekstroem.dk\/#organization\"},\"image\":{\"@id\":\"https:\/\/anjaekstroem.dk\/stakkels-mig\/#primaryimage\"},\"thumbnailUrl\":\"https:\/\/anjaekstroem.dk\/wp-content\/uploads\/2016\/07\/stakkels-mig-e1467790265379.jpg\",\"articleSection\":[\"Lidt af hvert\"],\"inLanguage\":\"es\",\"potentialAction\":[{\"@type\":\"CommentAction\",\"name\":\"Comment\",\"target\":[\"https:\/\/anjaekstroem.dk\/stakkels-mig\/#respond\"]}]},{\"@type\":\"WebPage\",\"@id\":\"https:\/\/anjaekstroem.dk\/stakkels-mig\/\",\"url\":\"https:\/\/anjaekstroem.dk\/stakkels-mig\/\",\"name\":\"Stakkels mig... v\u00e6kkeuret ringede IGEN alt for tidligt\",\"isPartOf\":{\"@id\":\"https:\/\/anjaekstroem.dk\/#website\"},\"primaryImageOfPage\":{\"@id\":\"https:\/\/anjaekstroem.dk\/stakkels-mig\/#primaryimage\"},\"image\":{\"@id\":\"https:\/\/anjaekstroem.dk\/stakkels-mig\/#primaryimage\"},\"thumbnailUrl\":\"https:\/\/anjaekstroem.dk\/wp-content\/uploads\/2016\/07\/stakkels-mig-e1467790265379.jpg\",\"datePublished\":\"2014-12-31T08:27:23+00:00\",\"dateModified\":\"2014-12-31T08:27:23+00:00\",\"description\":\"Stakkels mig... \u00d8V. V\u00e6kkeuret ringede IGEN kl. 05.40 - arbejdet kalder. T\u00e6nk at n\u00e6sten hele Danmarks befolkning kan sove og holde fri n\u00e5r jeg\",\"breadcrumb\":{\"@id\":\"https:\/\/anjaekstroem.dk\/stakkels-mig\/#breadcrumb\"},\"inLanguage\":\"es\",\"potentialAction\":[{\"@type\":\"ReadAction\",\"target\":[\"https:\/\/anjaekstroem.dk\/stakkels-mig\/\"]}]},{\"@type\":\"ImageObject\",\"inLanguage\":\"es\",\"@id\":\"https:\/\/anjaekstroem.dk\/stakkels-mig\/#primaryimage\",\"url\":\"https:\/\/anjaekstroem.dk\/wp-content\/uploads\/2016\/07\/stakkels-mig-e1467790265379.jpg\",\"contentUrl\":\"https:\/\/anjaekstroem.dk\/wp-content\/uploads\/2016\/07\/stakkels-mig-e1467790265379.jpg\",\"width\":953,\"height\":629},{\"@type\":\"BreadcrumbList\",\"@id\":\"https:\/\/anjaekstroem.dk\/stakkels-mig\/#breadcrumb\",\"itemListElement\":[{\"@type\":\"ListItem\",\"position\":1,\"name\":\"Hjem\",\"item\":\"https:\/\/anjaekstroem.dk\/\"},{\"@type\":\"ListItem\",\"position\":2,\"name\":\"Stakkels mig\u2026\"}]},{\"@type\":\"WebSite\",\"@id\":\"https:\/\/anjaekstroem.dk\/#website\",\"url\":\"https:\/\/anjaekstroem.dk\/\",\"name\":\"Anja Ekstr\u00f8m Creative\",\"description\":\"Fotograf med sj\u00e6l\",\"publisher\":{\"@id\":\"https:\/\/anjaekstroem.dk\/#organization\"},\"potentialAction\":[{\"@type\":\"SearchAction\",\"target\":{\"@type\":\"EntryPoint\",\"urlTemplate\":\"https:\/\/anjaekstroem.dk\/?s={search_term_string}\"},\"query-input\":{\"@type\":\"PropertyValueSpecification\",\"valueRequired\":true,\"valueName\":\"search_term_string\"}}],\"inLanguage\":\"es\"},{\"@type\":\"Organization\",\"@id\":\"https:\/\/anjaekstroem.dk\/#organization\",\"name\":\"Anja Ekstr\u00f8m Creative\",\"url\":\"https:\/\/anjaekstroem.dk\/\",\"logo\":{\"@type\":\"ImageObject\",\"inLanguage\":\"es\",\"@id\":\"https:\/\/anjaekstroem.dk\/#\/schema\/logo\/image\/\",\"url\":\"https:\/\/anjaekstroem.dk\/wp-content\/uploads\/2021\/10\/AnjaEkstroem-03.png\",\"contentUrl\":\"https:\/\/anjaekstroem.dk\/wp-content\/uploads\/2021\/10\/AnjaEkstroem-03.png\",\"width\":2560,\"height\":662,\"caption\":\"Anja Ekstr\u00f8m Creative\"},\"image\":{\"@id\":\"https:\/\/anjaekstroem.dk\/#\/schema\/logo\/image\/\"}},{\"@type\":\"Person\",\"@id\":\"https:\/\/anjaekstroem.dk\/#\/schema\/person\/ae301236eee86c4cc45c9a0b9b018b26\",\"name\":\"Anja Ekstr\u00f8m\",\"url\":\"https:\/\/anjaekstroem.dk\/es\/author\/anja\/\"}]}<\/script>\n<!-- \/ Yoast SEO plugin. -->","yoast_head_json":{"title":"Stakkels mig... v\u00e6kkeuret ringede IGEN alt for tidligt","description":"Stakkels mig... \u00d8V. V\u00e6kkeuret ringede IGEN kl. 05.40 - arbejdet kalder. T\u00e6nk at n\u00e6sten hele Danmarks befolkning kan sove og holde fri n\u00e5r jeg","robots":{"index":"index","follow":"follow","max-snippet":"max-snippet:-1","max-image-preview":"max-image-preview:large","max-video-preview":"max-video-preview:-1"},"canonical":"https:\/\/anjaekstroem.dk\/es\/pobre-de-mi\/","og_locale":"es_ES","og_type":"article","og_title":"Stakkels mig... v\u00e6kkeuret ringede IGEN alt for tidligt","og_description":"Stakkels mig... \u00d8V. V\u00e6kkeuret ringede IGEN kl. 05.40 - arbejdet kalder. T\u00e6nk at n\u00e6sten hele Danmarks befolkning kan sove og holde fri n\u00e5r jeg","og_url":"https:\/\/anjaekstroem.dk\/es\/pobre-de-mi\/","og_site_name":"Anja Ekstr\u00f8m Creative","article_published_time":"2014-12-31T08:27:23+00:00","og_image":[{"width":953,"height":629,"url":"https:\/\/anjaekstroem.dk\/wp-content\/uploads\/2016\/07\/stakkels-mig-e1467790265379.jpg","type":"image\/jpeg"}],"author":"Anja Ekstr\u00f8m","twitter_card":"summary_large_image","twitter_misc":{"Escrito por":"Anja Ekstr\u00f8m","Tiempo de lectura":"1 minuto"},"schema":{"@context":"https:\/\/schema.org","@graph":[{"@type":"Article","@id":"https:\/\/anjaekstroem.dk\/stakkels-mig\/#article","isPartOf":{"@id":"https:\/\/anjaekstroem.dk\/stakkels-mig\/"},"author":{"name":"Anja Ekstr\u00f8m","@id":"https:\/\/anjaekstroem.dk\/#\/schema\/person\/ae301236eee86c4cc45c9a0b9b018b26"},"headline":"Stakkels mig\u2026","datePublished":"2014-12-31T08:27:23+00:00","dateModified":"2014-12-31T08:27:23+00:00","mainEntityOfPage":{"@id":"https:\/\/anjaekstroem.dk\/stakkels-mig\/"},"wordCount":137,"commentCount":24,"publisher":{"@id":"https:\/\/anjaekstroem.dk\/#organization"},"image":{"@id":"https:\/\/anjaekstroem.dk\/stakkels-mig\/#primaryimage"},"thumbnailUrl":"https:\/\/anjaekstroem.dk\/wp-content\/uploads\/2016\/07\/stakkels-mig-e1467790265379.jpg","articleSection":["Lidt af hvert"],"inLanguage":"es","potentialAction":[{"@type":"CommentAction","name":"Comment","target":["https:\/\/anjaekstroem.dk\/stakkels-mig\/#respond"]}]},{"@type":"WebPage","@id":"https:\/\/anjaekstroem.dk\/stakkels-mig\/","url":"https:\/\/anjaekstroem.dk\/stakkels-mig\/","name":"Stakkels mig... v\u00e6kkeuret ringede IGEN alt for tidligt","isPartOf":{"@id":"https:\/\/anjaekstroem.dk\/#website"},"primaryImageOfPage":{"@id":"https:\/\/anjaekstroem.dk\/stakkels-mig\/#primaryimage"},"image":{"@id":"https:\/\/anjaekstroem.dk\/stakkels-mig\/#primaryimage"},"thumbnailUrl":"https:\/\/anjaekstroem.dk\/wp-content\/uploads\/2016\/07\/stakkels-mig-e1467790265379.jpg","datePublished":"2014-12-31T08:27:23+00:00","dateModified":"2014-12-31T08:27:23+00:00","description":"Stakkels mig... \u00d8V. V\u00e6kkeuret ringede IGEN kl. 05.40 - arbejdet kalder. T\u00e6nk at n\u00e6sten hele Danmarks befolkning kan sove og holde fri n\u00e5r jeg","breadcrumb":{"@id":"https:\/\/anjaekstroem.dk\/stakkels-mig\/#breadcrumb"},"inLanguage":"es","potentialAction":[{"@type":"ReadAction","target":["https:\/\/anjaekstroem.dk\/stakkels-mig\/"]}]},{"@type":"ImageObject","inLanguage":"es","@id":"https:\/\/anjaekstroem.dk\/stakkels-mig\/#primaryimage","url":"https:\/\/anjaekstroem.dk\/wp-content\/uploads\/2016\/07\/stakkels-mig-e1467790265379.jpg","contentUrl":"https:\/\/anjaekstroem.dk\/wp-content\/uploads\/2016\/07\/stakkels-mig-e1467790265379.jpg","width":953,"height":629},{"@type":"BreadcrumbList","@id":"https:\/\/anjaekstroem.dk\/stakkels-mig\/#breadcrumb","itemListElement":[{"@type":"ListItem","position":1,"name":"Hjem","item":"https:\/\/anjaekstroem.dk\/"},{"@type":"ListItem","position":2,"name":"Stakkels mig\u2026"}]},{"@type":"WebSite","@id":"https:\/\/anjaekstroem.dk\/#website","url":"https:\/\/anjaekstroem.dk\/","name":"Anja Ekstr\u00f8m Creative","description":"Fotograf med sj\u00e6l","publisher":{"@id":"https:\/\/anjaekstroem.dk\/#organization"},"potentialAction":[{"@type":"SearchAction","target":{"@type":"EntryPoint","urlTemplate":"https:\/\/anjaekstroem.dk\/?s={search_term_string}"},"query-input":{"@type":"PropertyValueSpecification","valueRequired":true,"valueName":"search_term_string"}}],"inLanguage":"es"},{"@type":"Organization","@id":"https:\/\/anjaekstroem.dk\/#organization","name":"Anja Ekstr\u00f8m Creative","url":"https:\/\/anjaekstroem.dk\/","logo":{"@type":"ImageObject","inLanguage":"es","@id":"https:\/\/anjaekstroem.dk\/#\/schema\/logo\/image\/","url":"https:\/\/anjaekstroem.dk\/wp-content\/uploads\/2021\/10\/AnjaEkstroem-03.png","contentUrl":"https:\/\/anjaekstroem.dk\/wp-content\/uploads\/2021\/10\/AnjaEkstroem-03.png","width":2560,"height":662,"caption":"Anja Ekstr\u00f8m Creative"},"image":{"@id":"https:\/\/anjaekstroem.dk\/#\/schema\/logo\/image\/"}},{"@type":"Person","@id":"https:\/\/anjaekstroem.dk\/#\/schema\/person\/ae301236eee86c4cc45c9a0b9b018b26","name":"Anja Ekstr\u00f8m","url":"https:\/\/anjaekstroem.dk\/es\/author\/anja\/"}]}},"_links":{"self":[{"href":"https:\/\/anjaekstroem.dk\/es\/wp-json\/wp\/v2\/posts\/2216","targetHints":{"allow":["GET"]}}],"collection":[{"href":"https:\/\/anjaekstroem.dk\/es\/wp-json\/wp\/v2\/posts"}],"about":[{"href":"https:\/\/anjaekstroem.dk\/es\/wp-json\/wp\/v2\/types\/post"}],"author":[{"embeddable":true,"href":"https:\/\/anjaekstroem.dk\/es\/wp-json\/wp\/v2\/users\/3"}],"replies":[{"embeddable":true,"href":"https:\/\/anjaekstroem.dk\/es\/wp-json\/wp\/v2\/comments?post=2216"}],"version-history":[{"count":0,"href":"https:\/\/anjaekstroem.dk\/es\/wp-json\/wp\/v2\/posts\/2216\/revisions"}],"wp:featuredmedia":[{"embeddable":true,"href":"https:\/\/anjaekstroem.dk\/es\/wp-json\/wp\/v2\/media\/4122"}],"wp:attachment":[{"href":"https:\/\/anjaekstroem.dk\/es\/wp-json\/wp\/v2\/media?parent=2216"}],"wp:term":[{"taxonomy":"category","embeddable":true,"href":"https:\/\/anjaekstroem.dk\/es\/wp-json\/wp\/v2\/categories?post=2216"},{"taxonomy":"post_tag","embeddable":true,"href":"https:\/\/anjaekstroem.dk\/es\/wp-json\/wp\/v2\/tags?post=2216"}],"curies":[{"name":"wp","href":"https:\/\/api.w.org\/{rel}","templated":true}]}}