{"id":2211,"date":"2015-02-22T09:14:12","date_gmt":"2015-02-22T08:14:12","guid":{"rendered":"https:\/\/www.anjaekstroem.dk\/?p=870"},"modified":"2015-02-22T09:14:12","modified_gmt":"2015-02-22T08:14:12","slug":"billeder-ugly-fat-magazine","status":"publish","type":"post","link":"https:\/\/anjaekstroem.dk\/es\/fotos-de-la-revista-gorda-fea\/","title":{"rendered":"Luego sali\u00f3 la revista Ugly Fat con mis fotos :)"},"content":{"rendered":"<p>\u00a1YEEEHAAA! luego se public\u00f3 la revista Ugly Fat, quinto n\u00famero. <a href=\"http:\/\/www.uglyfat.dk\/\" target=\"_blank\" rel=\"noopener\">GORDA FEA<\/a>\u00a0y tengo 15 fotograf\u00edas en esa edici\u00f3n, que pueden ver en REVISTAS aqu\u00ed en mi sitio web. Me encanta la serie, \u00bfy fue fant\u00e1stico trabajar con todo el equipo?<\/p>\n<p>Es casi insoportable ir y esperar 2-3 meses cuando todo tiene que estar genial... pero AHORA - AHORA tengo que mostrarles a todos en lo que tengo &quot;guardado&quot;.<\/p>\n<p>Espero que les guste \u2013 ME ENCANTA ????<\/p>\n<p>Modelo: Linea Kaln\u00e6s Kornby \/\/ Maquillaje: Laura Simion \/\/ Peinado: Regitze Ipsen \/\/ Estilismo: Henriette Winther \/\/ Revista: Ugly Fat Magazine \/<\/p>","protected":false},"excerpt":{"rendered":"<p>\u00a1YEEEHAAA! luego sali\u00f3 la revista Ugly Fat, el quinto n\u00famero de UGLY FAT y tengo 15 fotograf\u00edas en ese n\u00famero, que pueden ver en REVISTAS aqu\u00ed en mi sitio web. Me encanta la serie, \u00bfy fue fant\u00e1stico trabajar con todo el equipo? Es casi insoportable ir a esperar 2-3 [\u2026]<\/p>","protected":false},"author":3,"featured_media":4110,"comment_status":"open","ping_status":"open","sticky":false,"template":"","format":"standard","meta":{"_acf_changed":false,"iawp_total_views":45,"footnotes":""},"categories":[53],"tags":[],"class_list":["post-2211","post","type-post","status-publish","format-standard","has-post-thumbnail","hentry","category-magasiner"],"acf":[],"yoast_head":"<!-- This site is optimized with the Yoast SEO plugin v23.5 - https:\/\/yoast.com\/wordpress\/plugins\/seo\/ -->\n<title>Ugly Fat Magazine - 5. nummer - fotograf Anja Ekstr\u00f8m<\/title>\n<meta name=\"description\" content=\"YEEEEHAAAA... S\u00e5 udkom det 5. nummer af Ugly Fat Magazine. Jeg har en masse l\u00e6kre billeder med i det nye nummer - og her kan I se dem\" \/>\n<meta name=\"robots\" content=\"index, follow, max-snippet:-1, max-image-preview:large, max-video-preview:-1\" \/>\n<link rel=\"canonical\" href=\"https:\/\/anjaekstroem.dk\/es\/fotos-de-la-revista-gorda-fea\/\" \/>\n<meta property=\"og:locale\" content=\"es_ES\" \/>\n<meta property=\"og:type\" content=\"article\" \/>\n<meta property=\"og:title\" content=\"Ugly Fat Magazine - 5. nummer - fotograf Anja Ekstr\u00f8m\" \/>\n<meta property=\"og:description\" content=\"YEEEEHAAAA... S\u00e5 udkom det 5. nummer af Ugly Fat Magazine. Jeg har en masse l\u00e6kre billeder med i det nye nummer - og her kan I se dem\" \/>\n<meta property=\"og:url\" content=\"https:\/\/anjaekstroem.dk\/es\/fotos-de-la-revista-gorda-fea\/\" \/>\n<meta property=\"og:site_name\" content=\"Anja Ekstr\u00f8m Creative\" \/>\n<meta property=\"article:published_time\" content=\"2015-02-22T08:14:12+00:00\" \/>\n<meta property=\"og:image\" content=\"https:\/\/anjaekstroem.dk\/wp-content\/uploads\/2016\/07\/ugly-fat-magazine-modefotograf-koebenhavn-10-1.jpg\" \/>\n\t<meta property=\"og:image:width\" content=\"1375\" \/>\n\t<meta property=\"og:image:height\" content=\"2000\" \/>\n\t<meta property=\"og:image:type\" content=\"image\/jpeg\" \/>\n<meta name=\"author\" content=\"Anja Ekstr\u00f8m\" \/>\n<meta name=\"twitter:card\" content=\"summary_large_image\" \/>\n<meta name=\"twitter:label1\" content=\"Escrito por\" \/>\n\t<meta name=\"twitter:data1\" content=\"Anja Ekstr\u00f8m\" \/>\n\t<meta name=\"twitter:label2\" content=\"Tiempo de lectura\" \/>\n\t<meta name=\"twitter:data2\" content=\"1 minuto\" \/>\n<script type=\"application\/ld+json\" class=\"yoast-schema-graph\">{\"@context\":\"https:\/\/schema.org\",\"@graph\":[{\"@type\":\"Article\",\"@id\":\"https:\/\/anjaekstroem.dk\/billeder-ugly-fat-magazine\/#article\",\"isPartOf\":{\"@id\":\"https:\/\/anjaekstroem.dk\/billeder-ugly-fat-magazine\/\"},\"author\":{\"name\":\"Anja Ekstr\u00f8m\",\"@id\":\"https:\/\/anjaekstroem.dk\/#\/schema\/person\/ae301236eee86c4cc45c9a0b9b018b26\"},\"headline\":\"S\u00e5 udkom Ugly Fat Magazine med mine billeder :)\",\"datePublished\":\"2015-02-22T08:14:12+00:00\",\"dateModified\":\"2015-02-22T08:14:12+00:00\",\"mainEntityOfPage\":{\"@id\":\"https:\/\/anjaekstroem.dk\/billeder-ugly-fat-magazine\/\"},\"wordCount\":112,\"commentCount\":26,\"publisher\":{\"@id\":\"https:\/\/anjaekstroem.dk\/#organization\"},\"image\":{\"@id\":\"https:\/\/anjaekstroem.dk\/billeder-ugly-fat-magazine\/#primaryimage\"},\"thumbnailUrl\":\"https:\/\/anjaekstroem.dk\/wp-content\/uploads\/2016\/07\/ugly-fat-magazine-modefotograf-koebenhavn-10-1.jpg\",\"articleSection\":[\"Magasiner\"],\"inLanguage\":\"es\",\"potentialAction\":[{\"@type\":\"CommentAction\",\"name\":\"Comment\",\"target\":[\"https:\/\/anjaekstroem.dk\/billeder-ugly-fat-magazine\/#respond\"]}]},{\"@type\":\"WebPage\",\"@id\":\"https:\/\/anjaekstroem.dk\/billeder-ugly-fat-magazine\/\",\"url\":\"https:\/\/anjaekstroem.dk\/billeder-ugly-fat-magazine\/\",\"name\":\"Ugly Fat Magazine - 5. nummer - fotograf Anja Ekstr\u00f8m\",\"isPartOf\":{\"@id\":\"https:\/\/anjaekstroem.dk\/#website\"},\"primaryImageOfPage\":{\"@id\":\"https:\/\/anjaekstroem.dk\/billeder-ugly-fat-magazine\/#primaryimage\"},\"image\":{\"@id\":\"https:\/\/anjaekstroem.dk\/billeder-ugly-fat-magazine\/#primaryimage\"},\"thumbnailUrl\":\"https:\/\/anjaekstroem.dk\/wp-content\/uploads\/2016\/07\/ugly-fat-magazine-modefotograf-koebenhavn-10-1.jpg\",\"datePublished\":\"2015-02-22T08:14:12+00:00\",\"dateModified\":\"2015-02-22T08:14:12+00:00\",\"description\":\"YEEEEHAAAA... S\u00e5 udkom det 5. nummer af Ugly Fat Magazine. Jeg har en masse l\u00e6kre billeder med i det nye nummer - og her kan I se dem\",\"breadcrumb\":{\"@id\":\"https:\/\/anjaekstroem.dk\/billeder-ugly-fat-magazine\/#breadcrumb\"},\"inLanguage\":\"es\",\"potentialAction\":[{\"@type\":\"ReadAction\",\"target\":[\"https:\/\/anjaekstroem.dk\/billeder-ugly-fat-magazine\/\"]}]},{\"@type\":\"ImageObject\",\"inLanguage\":\"es\",\"@id\":\"https:\/\/anjaekstroem.dk\/billeder-ugly-fat-magazine\/#primaryimage\",\"url\":\"https:\/\/anjaekstroem.dk\/wp-content\/uploads\/2016\/07\/ugly-fat-magazine-modefotograf-koebenhavn-10-1.jpg\",\"contentUrl\":\"https:\/\/anjaekstroem.dk\/wp-content\/uploads\/2016\/07\/ugly-fat-magazine-modefotograf-koebenhavn-10-1.jpg\",\"width\":1375,\"height\":2000},{\"@type\":\"BreadcrumbList\",\"@id\":\"https:\/\/anjaekstroem.dk\/billeder-ugly-fat-magazine\/#breadcrumb\",\"itemListElement\":[{\"@type\":\"ListItem\",\"position\":1,\"name\":\"Hjem\",\"item\":\"https:\/\/anjaekstroem.dk\/\"},{\"@type\":\"ListItem\",\"position\":2,\"name\":\"S\u00e5 udkom Ugly Fat Magazine med mine billeder :)\"}]},{\"@type\":\"WebSite\",\"@id\":\"https:\/\/anjaekstroem.dk\/#website\",\"url\":\"https:\/\/anjaekstroem.dk\/\",\"name\":\"Anja Ekstr\u00f8m Creative\",\"description\":\"Fotograf med sj\u00e6l\",\"publisher\":{\"@id\":\"https:\/\/anjaekstroem.dk\/#organization\"},\"potentialAction\":[{\"@type\":\"SearchAction\",\"target\":{\"@type\":\"EntryPoint\",\"urlTemplate\":\"https:\/\/anjaekstroem.dk\/?s={search_term_string}\"},\"query-input\":{\"@type\":\"PropertyValueSpecification\",\"valueRequired\":true,\"valueName\":\"search_term_string\"}}],\"inLanguage\":\"es\"},{\"@type\":\"Organization\",\"@id\":\"https:\/\/anjaekstroem.dk\/#organization\",\"name\":\"Anja Ekstr\u00f8m Creative\",\"url\":\"https:\/\/anjaekstroem.dk\/\",\"logo\":{\"@type\":\"ImageObject\",\"inLanguage\":\"es\",\"@id\":\"https:\/\/anjaekstroem.dk\/#\/schema\/logo\/image\/\",\"url\":\"https:\/\/anjaekstroem.dk\/wp-content\/uploads\/2021\/10\/AnjaEkstroem-03.png\",\"contentUrl\":\"https:\/\/anjaekstroem.dk\/wp-content\/uploads\/2021\/10\/AnjaEkstroem-03.png\",\"width\":2560,\"height\":662,\"caption\":\"Anja Ekstr\u00f8m Creative\"},\"image\":{\"@id\":\"https:\/\/anjaekstroem.dk\/#\/schema\/logo\/image\/\"}},{\"@type\":\"Person\",\"@id\":\"https:\/\/anjaekstroem.dk\/#\/schema\/person\/ae301236eee86c4cc45c9a0b9b018b26\",\"name\":\"Anja Ekstr\u00f8m\",\"url\":\"https:\/\/anjaekstroem.dk\/es\/author\/anja\/\"}]}<\/script>\n<!-- \/ Yoast SEO plugin. -->","yoast_head_json":{"title":"Ugly Fat Magazine - 5. nummer - fotograf Anja Ekstr\u00f8m","description":"YEEEEHAAAA... S\u00e5 udkom det 5. nummer af Ugly Fat Magazine. Jeg har en masse l\u00e6kre billeder med i det nye nummer - og her kan I se dem","robots":{"index":"index","follow":"follow","max-snippet":"max-snippet:-1","max-image-preview":"max-image-preview:large","max-video-preview":"max-video-preview:-1"},"canonical":"https:\/\/anjaekstroem.dk\/es\/fotos-de-la-revista-gorda-fea\/","og_locale":"es_ES","og_type":"article","og_title":"Ugly Fat Magazine - 5. nummer - fotograf Anja Ekstr\u00f8m","og_description":"YEEEEHAAAA... S\u00e5 udkom det 5. nummer af Ugly Fat Magazine. Jeg har en masse l\u00e6kre billeder med i det nye nummer - og her kan I se dem","og_url":"https:\/\/anjaekstroem.dk\/es\/fotos-de-la-revista-gorda-fea\/","og_site_name":"Anja Ekstr\u00f8m Creative","article_published_time":"2015-02-22T08:14:12+00:00","og_image":[{"width":1375,"height":2000,"url":"https:\/\/anjaekstroem.dk\/wp-content\/uploads\/2016\/07\/ugly-fat-magazine-modefotograf-koebenhavn-10-1.jpg","type":"image\/jpeg"}],"author":"Anja Ekstr\u00f8m","twitter_card":"summary_large_image","twitter_misc":{"Escrito por":"Anja Ekstr\u00f8m","Tiempo de lectura":"1 minuto"},"schema":{"@context":"https:\/\/schema.org","@graph":[{"@type":"Article","@id":"https:\/\/anjaekstroem.dk\/billeder-ugly-fat-magazine\/#article","isPartOf":{"@id":"https:\/\/anjaekstroem.dk\/billeder-ugly-fat-magazine\/"},"author":{"name":"Anja Ekstr\u00f8m","@id":"https:\/\/anjaekstroem.dk\/#\/schema\/person\/ae301236eee86c4cc45c9a0b9b018b26"},"headline":"S\u00e5 udkom Ugly Fat Magazine med mine billeder :)","datePublished":"2015-02-22T08:14:12+00:00","dateModified":"2015-02-22T08:14:12+00:00","mainEntityOfPage":{"@id":"https:\/\/anjaekstroem.dk\/billeder-ugly-fat-magazine\/"},"wordCount":112,"commentCount":26,"publisher":{"@id":"https:\/\/anjaekstroem.dk\/#organization"},"image":{"@id":"https:\/\/anjaekstroem.dk\/billeder-ugly-fat-magazine\/#primaryimage"},"thumbnailUrl":"https:\/\/anjaekstroem.dk\/wp-content\/uploads\/2016\/07\/ugly-fat-magazine-modefotograf-koebenhavn-10-1.jpg","articleSection":["Magasiner"],"inLanguage":"es","potentialAction":[{"@type":"CommentAction","name":"Comment","target":["https:\/\/anjaekstroem.dk\/billeder-ugly-fat-magazine\/#respond"]}]},{"@type":"WebPage","@id":"https:\/\/anjaekstroem.dk\/billeder-ugly-fat-magazine\/","url":"https:\/\/anjaekstroem.dk\/billeder-ugly-fat-magazine\/","name":"Ugly Fat Magazine - 5. nummer - fotograf Anja Ekstr\u00f8m","isPartOf":{"@id":"https:\/\/anjaekstroem.dk\/#website"},"primaryImageOfPage":{"@id":"https:\/\/anjaekstroem.dk\/billeder-ugly-fat-magazine\/#primaryimage"},"image":{"@id":"https:\/\/anjaekstroem.dk\/billeder-ugly-fat-magazine\/#primaryimage"},"thumbnailUrl":"https:\/\/anjaekstroem.dk\/wp-content\/uploads\/2016\/07\/ugly-fat-magazine-modefotograf-koebenhavn-10-1.jpg","datePublished":"2015-02-22T08:14:12+00:00","dateModified":"2015-02-22T08:14:12+00:00","description":"YEEEEHAAAA... S\u00e5 udkom det 5. nummer af Ugly Fat Magazine. Jeg har en masse l\u00e6kre billeder med i det nye nummer - og her kan I se dem","breadcrumb":{"@id":"https:\/\/anjaekstroem.dk\/billeder-ugly-fat-magazine\/#breadcrumb"},"inLanguage":"es","potentialAction":[{"@type":"ReadAction","target":["https:\/\/anjaekstroem.dk\/billeder-ugly-fat-magazine\/"]}]},{"@type":"ImageObject","inLanguage":"es","@id":"https:\/\/anjaekstroem.dk\/billeder-ugly-fat-magazine\/#primaryimage","url":"https:\/\/anjaekstroem.dk\/wp-content\/uploads\/2016\/07\/ugly-fat-magazine-modefotograf-koebenhavn-10-1.jpg","contentUrl":"https:\/\/anjaekstroem.dk\/wp-content\/uploads\/2016\/07\/ugly-fat-magazine-modefotograf-koebenhavn-10-1.jpg","width":1375,"height":2000},{"@type":"BreadcrumbList","@id":"https:\/\/anjaekstroem.dk\/billeder-ugly-fat-magazine\/#breadcrumb","itemListElement":[{"@type":"ListItem","position":1,"name":"Hjem","item":"https:\/\/anjaekstroem.dk\/"},{"@type":"ListItem","position":2,"name":"S\u00e5 udkom Ugly Fat Magazine med mine billeder :)"}]},{"@type":"WebSite","@id":"https:\/\/anjaekstroem.dk\/#website","url":"https:\/\/anjaekstroem.dk\/","name":"Anja Ekstr\u00f8m Creative","description":"Fotograf med sj\u00e6l","publisher":{"@id":"https:\/\/anjaekstroem.dk\/#organization"},"potentialAction":[{"@type":"SearchAction","target":{"@type":"EntryPoint","urlTemplate":"https:\/\/anjaekstroem.dk\/?s={search_term_string}"},"query-input":{"@type":"PropertyValueSpecification","valueRequired":true,"valueName":"search_term_string"}}],"inLanguage":"es"},{"@type":"Organization","@id":"https:\/\/anjaekstroem.dk\/#organization","name":"Anja Ekstr\u00f8m Creative","url":"https:\/\/anjaekstroem.dk\/","logo":{"@type":"ImageObject","inLanguage":"es","@id":"https:\/\/anjaekstroem.dk\/#\/schema\/logo\/image\/","url":"https:\/\/anjaekstroem.dk\/wp-content\/uploads\/2021\/10\/AnjaEkstroem-03.png","contentUrl":"https:\/\/anjaekstroem.dk\/wp-content\/uploads\/2021\/10\/AnjaEkstroem-03.png","width":2560,"height":662,"caption":"Anja Ekstr\u00f8m Creative"},"image":{"@id":"https:\/\/anjaekstroem.dk\/#\/schema\/logo\/image\/"}},{"@type":"Person","@id":"https:\/\/anjaekstroem.dk\/#\/schema\/person\/ae301236eee86c4cc45c9a0b9b018b26","name":"Anja Ekstr\u00f8m","url":"https:\/\/anjaekstroem.dk\/es\/author\/anja\/"}]}},"_links":{"self":[{"href":"https:\/\/anjaekstroem.dk\/es\/wp-json\/wp\/v2\/posts\/2211","targetHints":{"allow":["GET"]}}],"collection":[{"href":"https:\/\/anjaekstroem.dk\/es\/wp-json\/wp\/v2\/posts"}],"about":[{"href":"https:\/\/anjaekstroem.dk\/es\/wp-json\/wp\/v2\/types\/post"}],"author":[{"embeddable":true,"href":"https:\/\/anjaekstroem.dk\/es\/wp-json\/wp\/v2\/users\/3"}],"replies":[{"embeddable":true,"href":"https:\/\/anjaekstroem.dk\/es\/wp-json\/wp\/v2\/comments?post=2211"}],"version-history":[{"count":0,"href":"https:\/\/anjaekstroem.dk\/es\/wp-json\/wp\/v2\/posts\/2211\/revisions"}],"wp:featuredmedia":[{"embeddable":true,"href":"https:\/\/anjaekstroem.dk\/es\/wp-json\/wp\/v2\/media\/4110"}],"wp:attachment":[{"href":"https:\/\/anjaekstroem.dk\/es\/wp-json\/wp\/v2\/media?parent=2211"}],"wp:term":[{"taxonomy":"category","embeddable":true,"href":"https:\/\/anjaekstroem.dk\/es\/wp-json\/wp\/v2\/categories?post=2211"},{"taxonomy":"post_tag","embeddable":true,"href":"https:\/\/anjaekstroem.dk\/es\/wp-json\/wp\/v2\/tags?post=2211"}],"curies":[{"name":"wp","href":"https:\/\/api.w.org\/{rel}","templated":true}]}}