{"id":2196,"date":"2016-05-22T12:00:44","date_gmt":"2016-05-22T10:00:44","guid":{"rendered":"https:\/\/www.anjaekstroem.dk\/?p=287"},"modified":"2024-08-26T13:22:55","modified_gmt":"2024-08-26T11:22:55","slug":"have-a-sense-of-style","status":"publish","type":"post","link":"https:\/\/anjaekstroem.dk\/es\/tener-sentido-del-estilo\/","title":{"rendered":"Sentido del estilo: \u00a1hermosos accesorios!"},"content":{"rendered":"<h2>Sentido del estilo: \u00a1hermosos accesorios! Es muy importante encontrar los accesorios adecuados para completar tu look.<\/h2>\n<p><strong>OOOOH LA LA\u2026.<\/strong><br \/>\nEntonces te acabas de vestir... ????<\/p>\n<p>Soy una VERDADERA chica femenina y AMO los artilugios y artilugios que aumentan mi feminidad.... AMOR AMOR AMOR<\/p>\n<p>Hace alg\u00fan tiempo recib\u00ed en mi puerta el paquete m\u00e1s bonito con un mont\u00f3n de cosas absolutamente maravillosas: 100% a mi gusto....<\/p>\n<p>El paquete era de <a href=\"https:\/\/senseofstyle.dk\/\" target=\"_blank\" rel=\"noopener\">Sentido del estilo<\/a> que representa la hermosa Tina y me hab\u00eda preparado un &quot;paquete de cuidados&quot; fant\u00e1stico y, como si me conociera desde hac\u00eda 100 a\u00f1os, acaba de llegar a la esencia de Anja....<\/p>\n<p>Simplemente encontrar los accesorios actuales para completar el look puede hacer algo especial. Obtienes un peque\u00f1o impulso en tu confianza en ti mismo cuando te sientes bien frente al espejo. El estado de \u00e1nimo tambi\u00e9n se refleja en los accesorios que eliges para a\u00f1adir a tu look: \u00bfes un d\u00eda con &quot;edge&quot;? \u00bfO est\u00e1s de humor rom\u00e1ntico? luego dise\u00f1amos en consecuencia.<\/p>\n<p>Compru\u00e9balo t\u00fa mismo: delicioso, \u00bfverdad? Visita Tina y su maravillosa tienda Sense of Style haciendo clic\u00a0<a href=\"https:\/\/senseofstyle.dk\/\" target=\"_blank\" rel=\"noopener\">AQU\u00cd<\/a><\/p>\n<p>Tengo que pasar por la tienda web y echar un vistazo. Tambi\u00e9n hay cosas para el hogar que ser\u00e1n S\u00daPER peligrosas para m\u00ed.  Gracias por mi futuro cover Tina???<\/p>\n<p>S\u00edguenos en FB <a href=\"http:\/\/www.facebook.com\/aekstroem\">AQU\u00cd<\/a><\/p>","protected":false},"excerpt":{"rendered":"<p>Sentido del estilo: \u00a1hermosos accesorios! Es muy importante encontrar los accesorios adecuados para completar tu look con OOOOH LA LA\u2026. Entonces te acabas de vestir... ???? Soy una VERDADERA chica femenina y AMO los artilugios y artilugios que contribuyen a mi feminidad.... AMOR AMOR AMOR Recuper\u00e9 alg\u00fan tiempo atr\u00e1s [\u2026]<\/p>","protected":false},"author":3,"featured_media":3225,"comment_status":"open","ping_status":"open","sticky":false,"template":"","format":"standard","meta":{"_acf_changed":false,"iawp_total_views":20,"footnotes":""},"categories":[71],"tags":[],"class_list":["post-2196","post","type-post","status-publish","format-standard","has-post-thumbnail","hentry","category-lidt-af-hvert"],"acf":[],"yoast_head":"<!-- This site is optimized with the Yoast SEO plugin v23.5 - https:\/\/yoast.com\/wordpress\/plugins\/seo\/ -->\n<title>Sense of style - l\u00e6kre accessories<\/title>\n<meta name=\"description\" content=\"Sense of style - l\u00e6kre accessories! Det er s\u00e5 vigtigt at finde de helt rigtige accessories at fuldende sit look med\" \/>\n<meta name=\"robots\" content=\"index, follow, max-snippet:-1, max-image-preview:large, max-video-preview:-1\" \/>\n<link rel=\"canonical\" href=\"https:\/\/anjaekstroem.dk\/es\/tener-sentido-del-estilo\/\" \/>\n<meta property=\"og:locale\" content=\"es_ES\" \/>\n<meta property=\"og:type\" content=\"article\" \/>\n<meta property=\"og:title\" content=\"Sense of style - l\u00e6kre accessories\" \/>\n<meta property=\"og:description\" content=\"Sense of style - l\u00e6kre accessories! Det er s\u00e5 vigtigt at finde de helt rigtige accessories at fuldende sit look med\" \/>\n<meta property=\"og:url\" content=\"https:\/\/anjaekstroem.dk\/es\/tener-sentido-del-estilo\/\" \/>\n<meta property=\"og:site_name\" content=\"Anja Ekstr\u00f8m Creative\" \/>\n<meta property=\"article:published_time\" content=\"2016-05-22T10:00:44+00:00\" \/>\n<meta property=\"article:modified_time\" content=\"2024-08-26T11:22:55+00:00\" \/>\n<meta property=\"og:image\" content=\"https:\/\/anjaekstroem.dk\/wp-content\/uploads\/2016\/05\/Sense-of-Style-4.jpg\" \/>\n\t<meta property=\"og:image:width\" content=\"960\" \/>\n\t<meta property=\"og:image:height\" content=\"1280\" \/>\n\t<meta property=\"og:image:type\" content=\"image\/jpeg\" \/>\n<meta name=\"author\" content=\"Anja Ekstr\u00f8m\" \/>\n<meta name=\"twitter:card\" content=\"summary_large_image\" \/>\n<meta name=\"twitter:label1\" content=\"Escrito por\" \/>\n\t<meta name=\"twitter:data1\" content=\"Anja Ekstr\u00f8m\" \/>\n\t<meta name=\"twitter:label2\" content=\"Tiempo de lectura\" \/>\n\t<meta name=\"twitter:data2\" content=\"2 minutos\" \/>\n<script type=\"application\/ld+json\" class=\"yoast-schema-graph\">{\"@context\":\"https:\/\/schema.org\",\"@graph\":[{\"@type\":\"Article\",\"@id\":\"https:\/\/anjaekstroem.dk\/have-a-sense-of-style\/#article\",\"isPartOf\":{\"@id\":\"https:\/\/anjaekstroem.dk\/have-a-sense-of-style\/\"},\"author\":{\"name\":\"Anja Ekstr\u00f8m\",\"@id\":\"https:\/\/anjaekstroem.dk\/#\/schema\/person\/ae301236eee86c4cc45c9a0b9b018b26\"},\"headline\":\"Sense of style &#8211; l\u00e6kre accessories!\",\"datePublished\":\"2016-05-22T10:00:44+00:00\",\"dateModified\":\"2024-08-26T11:22:55+00:00\",\"mainEntityOfPage\":{\"@id\":\"https:\/\/anjaekstroem.dk\/have-a-sense-of-style\/\"},\"wordCount\":238,\"commentCount\":24,\"publisher\":{\"@id\":\"https:\/\/anjaekstroem.dk\/#organization\"},\"image\":{\"@id\":\"https:\/\/anjaekstroem.dk\/have-a-sense-of-style\/#primaryimage\"},\"thumbnailUrl\":\"https:\/\/anjaekstroem.dk\/wp-content\/uploads\/2016\/05\/Sense-of-Style-4.jpg\",\"articleSection\":[\"Lidt af hvert\"],\"inLanguage\":\"es\",\"potentialAction\":[{\"@type\":\"CommentAction\",\"name\":\"Comment\",\"target\":[\"https:\/\/anjaekstroem.dk\/have-a-sense-of-style\/#respond\"]}]},{\"@type\":\"WebPage\",\"@id\":\"https:\/\/anjaekstroem.dk\/have-a-sense-of-style\/\",\"url\":\"https:\/\/anjaekstroem.dk\/have-a-sense-of-style\/\",\"name\":\"Sense of style - l\u00e6kre accessories\",\"isPartOf\":{\"@id\":\"https:\/\/anjaekstroem.dk\/#website\"},\"primaryImageOfPage\":{\"@id\":\"https:\/\/anjaekstroem.dk\/have-a-sense-of-style\/#primaryimage\"},\"image\":{\"@id\":\"https:\/\/anjaekstroem.dk\/have-a-sense-of-style\/#primaryimage\"},\"thumbnailUrl\":\"https:\/\/anjaekstroem.dk\/wp-content\/uploads\/2016\/05\/Sense-of-Style-4.jpg\",\"datePublished\":\"2016-05-22T10:00:44+00:00\",\"dateModified\":\"2024-08-26T11:22:55+00:00\",\"description\":\"Sense of style - l\u00e6kre accessories! Det er s\u00e5 vigtigt at finde de helt rigtige accessories at fuldende sit look med\",\"breadcrumb\":{\"@id\":\"https:\/\/anjaekstroem.dk\/have-a-sense-of-style\/#breadcrumb\"},\"inLanguage\":\"es\",\"potentialAction\":[{\"@type\":\"ReadAction\",\"target\":[\"https:\/\/anjaekstroem.dk\/have-a-sense-of-style\/\"]}]},{\"@type\":\"ImageObject\",\"inLanguage\":\"es\",\"@id\":\"https:\/\/anjaekstroem.dk\/have-a-sense-of-style\/#primaryimage\",\"url\":\"https:\/\/anjaekstroem.dk\/wp-content\/uploads\/2016\/05\/Sense-of-Style-4.jpg\",\"contentUrl\":\"https:\/\/anjaekstroem.dk\/wp-content\/uploads\/2016\/05\/Sense-of-Style-4.jpg\",\"width\":960,\"height\":1280,\"caption\":\"Sense of style 4\"},{\"@type\":\"BreadcrumbList\",\"@id\":\"https:\/\/anjaekstroem.dk\/have-a-sense-of-style\/#breadcrumb\",\"itemListElement\":[{\"@type\":\"ListItem\",\"position\":1,\"name\":\"Hjem\",\"item\":\"https:\/\/anjaekstroem.dk\/\"},{\"@type\":\"ListItem\",\"position\":2,\"name\":\"Sense of style &#8211; l\u00e6kre accessories!\"}]},{\"@type\":\"WebSite\",\"@id\":\"https:\/\/anjaekstroem.dk\/#website\",\"url\":\"https:\/\/anjaekstroem.dk\/\",\"name\":\"Anja Ekstr\u00f8m Creative\",\"description\":\"Fotograf med sj\u00e6l\",\"publisher\":{\"@id\":\"https:\/\/anjaekstroem.dk\/#organization\"},\"potentialAction\":[{\"@type\":\"SearchAction\",\"target\":{\"@type\":\"EntryPoint\",\"urlTemplate\":\"https:\/\/anjaekstroem.dk\/?s={search_term_string}\"},\"query-input\":{\"@type\":\"PropertyValueSpecification\",\"valueRequired\":true,\"valueName\":\"search_term_string\"}}],\"inLanguage\":\"es\"},{\"@type\":\"Organization\",\"@id\":\"https:\/\/anjaekstroem.dk\/#organization\",\"name\":\"Anja Ekstr\u00f8m Creative\",\"url\":\"https:\/\/anjaekstroem.dk\/\",\"logo\":{\"@type\":\"ImageObject\",\"inLanguage\":\"es\",\"@id\":\"https:\/\/anjaekstroem.dk\/#\/schema\/logo\/image\/\",\"url\":\"https:\/\/anjaekstroem.dk\/wp-content\/uploads\/2021\/10\/AnjaEkstroem-03.png\",\"contentUrl\":\"https:\/\/anjaekstroem.dk\/wp-content\/uploads\/2021\/10\/AnjaEkstroem-03.png\",\"width\":2560,\"height\":662,\"caption\":\"Anja Ekstr\u00f8m Creative\"},\"image\":{\"@id\":\"https:\/\/anjaekstroem.dk\/#\/schema\/logo\/image\/\"}},{\"@type\":\"Person\",\"@id\":\"https:\/\/anjaekstroem.dk\/#\/schema\/person\/ae301236eee86c4cc45c9a0b9b018b26\",\"name\":\"Anja Ekstr\u00f8m\",\"url\":\"https:\/\/anjaekstroem.dk\/es\/author\/anja\/\"}]}<\/script>\n<!-- \/ Yoast SEO plugin. -->","yoast_head_json":{"title":"Sense of style - l\u00e6kre accessories","description":"Sense of style - l\u00e6kre accessories! Det er s\u00e5 vigtigt at finde de helt rigtige accessories at fuldende sit look med","robots":{"index":"index","follow":"follow","max-snippet":"max-snippet:-1","max-image-preview":"max-image-preview:large","max-video-preview":"max-video-preview:-1"},"canonical":"https:\/\/anjaekstroem.dk\/es\/tener-sentido-del-estilo\/","og_locale":"es_ES","og_type":"article","og_title":"Sense of style - l\u00e6kre accessories","og_description":"Sense of style - l\u00e6kre accessories! Det er s\u00e5 vigtigt at finde de helt rigtige accessories at fuldende sit look med","og_url":"https:\/\/anjaekstroem.dk\/es\/tener-sentido-del-estilo\/","og_site_name":"Anja Ekstr\u00f8m Creative","article_published_time":"2016-05-22T10:00:44+00:00","article_modified_time":"2024-08-26T11:22:55+00:00","og_image":[{"width":960,"height":1280,"url":"https:\/\/anjaekstroem.dk\/wp-content\/uploads\/2016\/05\/Sense-of-Style-4.jpg","type":"image\/jpeg"}],"author":"Anja Ekstr\u00f8m","twitter_card":"summary_large_image","twitter_misc":{"Escrito por":"Anja Ekstr\u00f8m","Tiempo de lectura":"2 minutos"},"schema":{"@context":"https:\/\/schema.org","@graph":[{"@type":"Article","@id":"https:\/\/anjaekstroem.dk\/have-a-sense-of-style\/#article","isPartOf":{"@id":"https:\/\/anjaekstroem.dk\/have-a-sense-of-style\/"},"author":{"name":"Anja Ekstr\u00f8m","@id":"https:\/\/anjaekstroem.dk\/#\/schema\/person\/ae301236eee86c4cc45c9a0b9b018b26"},"headline":"Sense of style &#8211; l\u00e6kre accessories!","datePublished":"2016-05-22T10:00:44+00:00","dateModified":"2024-08-26T11:22:55+00:00","mainEntityOfPage":{"@id":"https:\/\/anjaekstroem.dk\/have-a-sense-of-style\/"},"wordCount":238,"commentCount":24,"publisher":{"@id":"https:\/\/anjaekstroem.dk\/#organization"},"image":{"@id":"https:\/\/anjaekstroem.dk\/have-a-sense-of-style\/#primaryimage"},"thumbnailUrl":"https:\/\/anjaekstroem.dk\/wp-content\/uploads\/2016\/05\/Sense-of-Style-4.jpg","articleSection":["Lidt af hvert"],"inLanguage":"es","potentialAction":[{"@type":"CommentAction","name":"Comment","target":["https:\/\/anjaekstroem.dk\/have-a-sense-of-style\/#respond"]}]},{"@type":"WebPage","@id":"https:\/\/anjaekstroem.dk\/have-a-sense-of-style\/","url":"https:\/\/anjaekstroem.dk\/have-a-sense-of-style\/","name":"Sense of style - l\u00e6kre accessories","isPartOf":{"@id":"https:\/\/anjaekstroem.dk\/#website"},"primaryImageOfPage":{"@id":"https:\/\/anjaekstroem.dk\/have-a-sense-of-style\/#primaryimage"},"image":{"@id":"https:\/\/anjaekstroem.dk\/have-a-sense-of-style\/#primaryimage"},"thumbnailUrl":"https:\/\/anjaekstroem.dk\/wp-content\/uploads\/2016\/05\/Sense-of-Style-4.jpg","datePublished":"2016-05-22T10:00:44+00:00","dateModified":"2024-08-26T11:22:55+00:00","description":"Sense of style - l\u00e6kre accessories! Det er s\u00e5 vigtigt at finde de helt rigtige accessories at fuldende sit look med","breadcrumb":{"@id":"https:\/\/anjaekstroem.dk\/have-a-sense-of-style\/#breadcrumb"},"inLanguage":"es","potentialAction":[{"@type":"ReadAction","target":["https:\/\/anjaekstroem.dk\/have-a-sense-of-style\/"]}]},{"@type":"ImageObject","inLanguage":"es","@id":"https:\/\/anjaekstroem.dk\/have-a-sense-of-style\/#primaryimage","url":"https:\/\/anjaekstroem.dk\/wp-content\/uploads\/2016\/05\/Sense-of-Style-4.jpg","contentUrl":"https:\/\/anjaekstroem.dk\/wp-content\/uploads\/2016\/05\/Sense-of-Style-4.jpg","width":960,"height":1280,"caption":"Sense of style 4"},{"@type":"BreadcrumbList","@id":"https:\/\/anjaekstroem.dk\/have-a-sense-of-style\/#breadcrumb","itemListElement":[{"@type":"ListItem","position":1,"name":"Hjem","item":"https:\/\/anjaekstroem.dk\/"},{"@type":"ListItem","position":2,"name":"Sense of style &#8211; l\u00e6kre accessories!"}]},{"@type":"WebSite","@id":"https:\/\/anjaekstroem.dk\/#website","url":"https:\/\/anjaekstroem.dk\/","name":"Anja Ekstr\u00f8m Creative","description":"Fotograf med sj\u00e6l","publisher":{"@id":"https:\/\/anjaekstroem.dk\/#organization"},"potentialAction":[{"@type":"SearchAction","target":{"@type":"EntryPoint","urlTemplate":"https:\/\/anjaekstroem.dk\/?s={search_term_string}"},"query-input":{"@type":"PropertyValueSpecification","valueRequired":true,"valueName":"search_term_string"}}],"inLanguage":"es"},{"@type":"Organization","@id":"https:\/\/anjaekstroem.dk\/#organization","name":"Anja Ekstr\u00f8m Creative","url":"https:\/\/anjaekstroem.dk\/","logo":{"@type":"ImageObject","inLanguage":"es","@id":"https:\/\/anjaekstroem.dk\/#\/schema\/logo\/image\/","url":"https:\/\/anjaekstroem.dk\/wp-content\/uploads\/2021\/10\/AnjaEkstroem-03.png","contentUrl":"https:\/\/anjaekstroem.dk\/wp-content\/uploads\/2021\/10\/AnjaEkstroem-03.png","width":2560,"height":662,"caption":"Anja Ekstr\u00f8m Creative"},"image":{"@id":"https:\/\/anjaekstroem.dk\/#\/schema\/logo\/image\/"}},{"@type":"Person","@id":"https:\/\/anjaekstroem.dk\/#\/schema\/person\/ae301236eee86c4cc45c9a0b9b018b26","name":"Anja Ekstr\u00f8m","url":"https:\/\/anjaekstroem.dk\/es\/author\/anja\/"}]}},"_links":{"self":[{"href":"https:\/\/anjaekstroem.dk\/es\/wp-json\/wp\/v2\/posts\/2196","targetHints":{"allow":["GET"]}}],"collection":[{"href":"https:\/\/anjaekstroem.dk\/es\/wp-json\/wp\/v2\/posts"}],"about":[{"href":"https:\/\/anjaekstroem.dk\/es\/wp-json\/wp\/v2\/types\/post"}],"author":[{"embeddable":true,"href":"https:\/\/anjaekstroem.dk\/es\/wp-json\/wp\/v2\/users\/3"}],"replies":[{"embeddable":true,"href":"https:\/\/anjaekstroem.dk\/es\/wp-json\/wp\/v2\/comments?post=2196"}],"version-history":[{"count":1,"href":"https:\/\/anjaekstroem.dk\/es\/wp-json\/wp\/v2\/posts\/2196\/revisions"}],"predecessor-version":[{"id":6367,"href":"https:\/\/anjaekstroem.dk\/es\/wp-json\/wp\/v2\/posts\/2196\/revisions\/6367"}],"wp:featuredmedia":[{"embeddable":true,"href":"https:\/\/anjaekstroem.dk\/es\/wp-json\/wp\/v2\/media\/3225"}],"wp:attachment":[{"href":"https:\/\/anjaekstroem.dk\/es\/wp-json\/wp\/v2\/media?parent=2196"}],"wp:term":[{"taxonomy":"category","embeddable":true,"href":"https:\/\/anjaekstroem.dk\/es\/wp-json\/wp\/v2\/categories?post=2196"},{"taxonomy":"post_tag","embeddable":true,"href":"https:\/\/anjaekstroem.dk\/es\/wp-json\/wp\/v2\/tags?post=2196"}],"curies":[{"name":"wp","href":"https:\/\/api.w.org\/{rel}","templated":true}]}}