{"id":1892,"date":"2018-10-24T17:28:35","date_gmt":"2018-10-24T15:28:35","guid":{"rendered":"https:\/\/www.anjaekstroem.dk\/?p=1892"},"modified":"2024-08-26T13:22:46","modified_gmt":"2024-08-26T11:22:46","slug":"mit-afrika-fashion-photoshoot-i-los-angeles","status":"publish","type":"post","link":"https:\/\/anjaekstroem.dk\/es\/mi-sesion-de-fotos-de-moda-africana-en-los-angeles\/","title":{"rendered":"\u201cMY AFRICA\u201d \u2013 Sesi\u00f3n de fotos de moda en Joshua Tree, Los \u00c1ngeles"},"content":{"rendered":"<p><em><strong>\u201cMY AFRICA\u201d \u2013 Sesi\u00f3n de fotos de moda en Joshua Tree, Los \u00c1ngeles<\/strong><\/em><\/p>\n<h2>La sabana se encuentra en Los \u00c1ngeles.<\/h2>\n<p>Una sesi\u00f3n de fotos es siempre un proceso creativo fluido. Es realmente emocionante... Que puedes tener una idea clara cuando empiezas pero luego el rodaje se desarrolla a lo largo del camino para conseguir una vibra diferente.<\/p>\n<p>Arrastr\u00e9 a un gran equipo al desierto de Joshua Tree en Los \u00c1ngeles. Una hermosa casa aislada que hab\u00eda alquilado a trav\u00e9s de AirBNB. \u00a1\u00a1AHORA nos tocaba hacer MODA!! Se supon\u00eda que el ambiente era &quot;esnob de revista de moda&quot; y hab\u00eda reunido un EQUIPO ASESINO para esta tarea.<\/p>\n<h5>BITS Y BOPS\u2026..<\/h5>\n<p>De camino al rodaje de la serie, encontramos cosas antiguas en la propia casa. La botella redonda, las l\u00e1mparas de aceite y un mont\u00f3n de maletas antiguas y llaves viejas. \u00a1Ahora la historia dio un giro claro! En lugar de ser &quot;simplemente&quot; moda, surgi\u00f3 una vibra de &quot;Karen Blixen&quot;. Me encanta. Me siento retrocedido en el tiempo y ME ENCANTA c\u00f3mo ha quedado la serie.<\/p>\n<p>Siempre supe que quer\u00eda que modelara una chica pelirroja. La idea del cielo azul contra el pelo rojo intenso era mi sue\u00f1o. El clima fue un poco molesto, pero espero que puedas entender lo que quiero decir. Tuve la suerte de<span>\u00a0<\/span><a href=\"https:\/\/www.instagram.com\/madelineaford\/\" target=\"_blank\" rel=\"nofollow noopener\">Madeline Ford<\/a><span>\u00a0<\/span>Dije S\u00cd a mi idea.<\/p>\n<h4>\u00a1Qu\u00e9 suerte tengo!\u2026<\/h4>\n<p>Tengo un estilista de Hollywood.<span>\u00a0<\/span><a href=\"https:\/\/www.instagram.com\/sweetbaby_james_\/\">James Harris Jr.<\/a>.<span>\u00a0<\/span>(C\u00f3mo salirse con la suya, serie de asesinatos, etc.) a bordo. Y esto a pesar de que ninguno de ellos me conoce, soy de la peque\u00f1a Dinamarca, y de que no hab\u00eda ning\u00fan salario disponible. Mi visi\u00f3n y mi trabajo en la m\u00eda.<span>\u00a0<\/span><a href=\"https:\/\/anjaekstroem.dk\/es\/\" target=\"_blank\" rel=\"nofollow noopener\">sitio web<\/a>, ha hablado mi caso :-). Estoy realmente agradecido de que el equipo creyera en m\u00ed y saliera adelante - JUNTOS<\/p>\n<p>El estilo\/atm\u00f3sfera evoluciona de ser una &quot;chica bonita&quot; que est\u00e1 un poco perdida, a ser una mam\u00e1 ranchera que acaba de encontrar su lugar y su FORTALEZA.<\/p>\n<h4>La idea acaba de surgir\u2026.<\/h4>\n<p>Se me ocurri\u00f3 la idea de esta serie el a\u00f1o pasado, cuando estaba en otra sesi\u00f3n fotogr\u00e1fica y desde entonces he estado lleno de ideas. Por lo tanto, es M\u00c1GICO ver c\u00f3mo toda la serie cobra vida e incluso se vuelve mejor de lo que pod\u00eda imaginar.<\/p>\n<p>Lucy&#039;s Magazine solo tiene una selecci\u00f3n de algunas, pero me encanta toda la serie. Ahora entiendo que no puedan publicar 32 fotos en una serie \ud83d\ude09 Solo soy yo quien no pudo elegir porque quedaron muy lindas<\/p>\n<p>La serie &quot;Sesi\u00f3n de fotos&quot;MY AFRICA&quot; en Los \u00c1ngeles&quot; PRONTO la podr\u00e1s encontrar aqu\u00ed:<span>\u00a0<\/span><a href=\"https:\/\/anjaekstroem.dk\/es\/magasiner-fotograf\/\" target=\"_blank\" rel=\"nofollow noopener\">PUBLICACIONES<\/a><span>\u00a0<\/span>pero solo puedes probarlo aqu\u00ed en el art\u00edculo.<\/p>\n<p>GRACIAS a:<\/p>\n<p>Modelo:<span>\u00a0<\/span><a href=\"https:\/\/www.instagram.com\/madelineaford\/\" target=\"_blank\" rel=\"nofollow noopener\">Madeline Ford<\/a><span>\u00a0<\/span>\/\/ Agencia de modelos<span>\u00a0<\/span><a href=\"https:\/\/www.instagram.com\/selectmodelchicago\/\" target=\"_blank\" rel=\"nofollow noopener\">Seleccionar modelos<\/a><span>\u00a0<\/span>\/\/ estilista<span>\u00a0<\/span><a href=\"https:\/\/www.instagram.com\/sweetbaby_james_\/\" target=\"_blank\" rel=\"nofollow noopener\">James Harris Jr.<\/a>. \/\/ Maquillador<span>\u00a0<\/span><a href=\"https:\/\/www.instagram.com\/ciannedenize\/\" target=\"_blank\" rel=\"nofollow noopener\">Cianne Denise<\/a><span>\u00a0<\/span>\/\/ Retoque<span>\u00a0<\/span><a href=\"https:\/\/www.instagram.com\/stef_artist\/\" target=\"_blank\" rel=\"nofollow noopener\">Stefania Nazarenko<\/a><span>\u00a0<\/span>\/\/ Mi asistente y conductor del d\u00eda:<span>\u00a0<\/span><a href=\"https:\/\/www.instagram.com\/celiaschow\/\" target=\"_blank\" rel=\"nofollow noopener\">Celia Shaw<\/a><\/p>\n<p>Res\u00e9rveme o p\u00f3ngase en contacto conmigo para obtener una oferta sin compromiso en www.anjaekstroem.dk<\/p>\n<p><img fetchpriority=\"high\" decoding=\"async\" src=\"https:\/\/anjaekstroem.dk\/wp-content\/uploads\/2018\/10\/madeline-ford-photographer-anja-ekstrom-12-300x200.jpg\" alt=\"\" width=\"431\" height=\"287\" class=\"alignnone wp-image-1895\" srcset=\"https:\/\/anjaekstroem.dk\/wp-content\/uploads\/2018\/10\/madeline-ford-photographer-anja-ekstrom-12-300x200.jpg 300w, https:\/\/anjaekstroem.dk\/wp-content\/uploads\/2018\/10\/madeline-ford-photographer-anja-ekstrom-12-600x400.jpg 600w, https:\/\/anjaekstroem.dk\/wp-content\/uploads\/2018\/10\/madeline-ford-photographer-anja-ekstrom-12-1024x683.jpg 1024w, https:\/\/anjaekstroem.dk\/wp-content\/uploads\/2018\/10\/madeline-ford-photographer-anja-ekstrom-12-768x512.jpg 768w, https:\/\/anjaekstroem.dk\/wp-content\/uploads\/2018\/10\/madeline-ford-photographer-anja-ekstrom-12-1536x1024.jpg 1536w, https:\/\/anjaekstroem.dk\/wp-content\/uploads\/2018\/10\/madeline-ford-photographer-anja-ekstrom-12.jpg 2048w\" sizes=\"(max-width: 431px) 100vw, 431px\" \/><img decoding=\"async\" src=\"https:\/\/anjaekstroem.dk\/wp-content\/uploads\/2018\/10\/madeline-ford-photographer-anja-ekstrom-25-300x200.jpg\" alt=\"\" width=\"429\" height=\"286\" class=\"alignnone wp-image-1896\" \/><img decoding=\"async\" src=\"https:\/\/anjaekstroem.dk\/wp-content\/uploads\/2018\/10\/Madeline-Ford-photographer-Anja-Ekstrom-7-300x200.jpg\" alt=\"La fot\u00f3grafa de moda Anja Ekstr\u00f8m\" width=\"428\" height=\"285\" class=\"alignnone wp-image-1901\" srcset=\"https:\/\/anjaekstroem.dk\/wp-content\/uploads\/2018\/10\/Madeline-Ford-photographer-Anja-Ekstrom-7-300x200.jpg 300w, https:\/\/anjaekstroem.dk\/wp-content\/uploads\/2018\/10\/Madeline-Ford-photographer-Anja-Ekstrom-7-600x400.jpg 600w, https:\/\/anjaekstroem.dk\/wp-content\/uploads\/2018\/10\/Madeline-Ford-photographer-Anja-Ekstrom-7-1024x683.jpg 1024w, https:\/\/anjaekstroem.dk\/wp-content\/uploads\/2018\/10\/Madeline-Ford-photographer-Anja-Ekstrom-7-768x512.jpg 768w, https:\/\/anjaekstroem.dk\/wp-content\/uploads\/2018\/10\/Madeline-Ford-photographer-Anja-Ekstrom-7-1536x1024.jpg 1536w, https:\/\/anjaekstroem.dk\/wp-content\/uploads\/2018\/10\/Madeline-Ford-photographer-Anja-Ekstrom-7.jpg 2048w\" sizes=\"(max-width: 428px) 100vw, 428px\" \/> <img loading=\"lazy\" decoding=\"async\" src=\"https:\/\/anjaekstroem.dk\/wp-content\/uploads\/2018\/10\/Madeline-Ford-photographer-Anja-Ekstrom-30-200x300.jpg\" alt=\"La fot\u00f3grafa de moda Anja Ekstr\u00f8m\" width=\"200\" height=\"300\" class=\"alignnone size-medium wp-image-1899\" srcset=\"https:\/\/anjaekstroem.dk\/wp-content\/uploads\/2018\/10\/Madeline-Ford-photographer-Anja-Ekstrom-30-200x300.jpg 200w, https:\/\/anjaekstroem.dk\/wp-content\/uploads\/2018\/10\/Madeline-Ford-photographer-Anja-Ekstrom-30-600x900.jpg 600w, https:\/\/anjaekstroem.dk\/wp-content\/uploads\/2018\/10\/Madeline-Ford-photographer-Anja-Ekstrom-30-682x1024.jpg 682w, https:\/\/anjaekstroem.dk\/wp-content\/uploads\/2018\/10\/Madeline-Ford-photographer-Anja-Ekstrom-30-768x1152.jpg 768w, https:\/\/anjaekstroem.dk\/wp-content\/uploads\/2018\/10\/Madeline-Ford-photographer-Anja-Ekstrom-30-1024x1536.jpg 1024w, https:\/\/anjaekstroem.dk\/wp-content\/uploads\/2018\/10\/Madeline-Ford-photographer-Anja-Ekstrom-30.jpg 1333w\" sizes=\"(max-width: 200px) 100vw, 200px\" \/><\/p>","protected":false},"excerpt":{"rendered":"<p>\u201cMI \u00c1FRICA\u201d \u2013 Sesi\u00f3n de fotos de moda en Joshua Tree, Los \u00c1ngeles La sabana se encuentra en Los \u00c1ngeles Una sesi\u00f3n de fotos es siempre un proceso creativo fluido. Es realmente emocionante... Que puedes tener una idea clara cuando empiezas pero luego el rodaje se desarrolla a lo largo del camino para conseguir una vibra diferente. Arrastr\u00e9 un gran equipo con [\u2026]<\/p>","protected":false},"author":3,"featured_media":1897,"comment_status":"open","ping_status":"open","sticky":false,"template":"","format":"standard","meta":{"_acf_changed":false,"iawp_total_views":29,"footnotes":""},"categories":[52,71,53],"tags":[],"class_list":["post-1892","post","type-post","status-publish","format-standard","has-post-thumbnail","hentry","category-fotoshoots","category-lidt-af-hvert","category-magasiner"],"acf":[],"yoast_head":"<!-- This site is optimized with the Yoast SEO plugin v23.5 - https:\/\/yoast.com\/wordpress\/plugins\/seo\/ -->\n<title>&quot;MIT AFRIKA&quot; - Fashion photoshoot i Joshua Tree, Los Angeles<\/title>\n<meta name=\"description\" content=\"&quot;MIT AFRIKA&quot; photoshoot i Los Angeles. Jeg dr\u00f8mte om en smuk r\u00f8dh\u00e5ret model &quot;p\u00e5 savannen&quot;, da bl\u00e5 himmel mod det ildr\u00f8de h\u00e5r var min dr\u00f8m!\" \/>\n<meta name=\"robots\" content=\"index, follow, max-snippet:-1, max-image-preview:large, max-video-preview:-1\" \/>\n<link rel=\"canonical\" href=\"https:\/\/anjaekstroem.dk\/es\/mi-sesion-de-fotos-de-moda-africana-en-los-angeles\/\" \/>\n<meta property=\"og:locale\" content=\"es_ES\" \/>\n<meta property=\"og:type\" content=\"article\" \/>\n<meta property=\"og:title\" content=\"&quot;MIT AFRIKA&quot; - Fashion photoshoot i Joshua Tree, Los Angeles\" \/>\n<meta property=\"og:description\" content=\"&quot;MIT AFRIKA&quot; photoshoot i Los Angeles. Jeg dr\u00f8mte om en smuk r\u00f8dh\u00e5ret model &quot;p\u00e5 savannen&quot;, da bl\u00e5 himmel mod det ildr\u00f8de h\u00e5r var min dr\u00f8m!\" \/>\n<meta property=\"og:url\" content=\"https:\/\/anjaekstroem.dk\/es\/mi-sesion-de-fotos-de-moda-africana-en-los-angeles\/\" \/>\n<meta property=\"og:site_name\" content=\"Anja Ekstr\u00f8m Creative\" \/>\n<meta property=\"article:published_time\" content=\"2018-10-24T15:28:35+00:00\" \/>\n<meta property=\"article:modified_time\" content=\"2024-08-26T11:22:46+00:00\" \/>\n<meta property=\"og:image\" content=\"https:\/\/anjaekstroem.dk\/wp-content\/uploads\/2018\/10\/madeline-ford-photographer-anja-ekstrom-18.jpg\" \/>\n\t<meta property=\"og:image:width\" content=\"2000\" \/>\n\t<meta property=\"og:image:height\" content=\"2000\" \/>\n\t<meta property=\"og:image:type\" content=\"image\/jpeg\" \/>\n<meta name=\"author\" content=\"Anja Ekstr\u00f8m\" \/>\n<meta name=\"twitter:card\" content=\"summary_large_image\" \/>\n<meta name=\"twitter:label1\" content=\"Escrito por\" \/>\n\t<meta name=\"twitter:data1\" content=\"Anja Ekstr\u00f8m\" \/>\n\t<meta name=\"twitter:label2\" content=\"Tiempo de lectura\" \/>\n\t<meta name=\"twitter:data2\" content=\"4 minutos\" \/>\n<script type=\"application\/ld+json\" class=\"yoast-schema-graph\">{\"@context\":\"https:\/\/schema.org\",\"@graph\":[{\"@type\":\"Article\",\"@id\":\"https:\/\/anjaekstroem.dk\/mit-afrika-fashion-photoshoot-i-los-angeles\/#article\",\"isPartOf\":{\"@id\":\"https:\/\/anjaekstroem.dk\/mit-afrika-fashion-photoshoot-i-los-angeles\/\"},\"author\":{\"name\":\"Anja Ekstr\u00f8m\",\"@id\":\"https:\/\/anjaekstroem.dk\/#\/schema\/person\/ae301236eee86c4cc45c9a0b9b018b26\"},\"headline\":\"&#8220;MIT AFRIKA&#8221; &#8211; Fashion photoshoot i Joshua Tree, Los Angeles\",\"datePublished\":\"2018-10-24T15:28:35+00:00\",\"dateModified\":\"2024-08-26T11:22:46+00:00\",\"mainEntityOfPage\":{\"@id\":\"https:\/\/anjaekstroem.dk\/mit-afrika-fashion-photoshoot-i-los-angeles\/\"},\"wordCount\":503,\"commentCount\":26,\"publisher\":{\"@id\":\"https:\/\/anjaekstroem.dk\/#organization\"},\"image\":{\"@id\":\"https:\/\/anjaekstroem.dk\/mit-afrika-fashion-photoshoot-i-los-angeles\/#primaryimage\"},\"thumbnailUrl\":\"https:\/\/anjaekstroem.dk\/wp-content\/uploads\/2018\/10\/madeline-ford-photographer-anja-ekstrom-18.jpg\",\"articleSection\":[\"Fotoshoots\",\"Lidt af hvert\",\"Magasiner\"],\"inLanguage\":\"es\",\"potentialAction\":[{\"@type\":\"CommentAction\",\"name\":\"Comment\",\"target\":[\"https:\/\/anjaekstroem.dk\/mit-afrika-fashion-photoshoot-i-los-angeles\/#respond\"]}]},{\"@type\":\"WebPage\",\"@id\":\"https:\/\/anjaekstroem.dk\/mit-afrika-fashion-photoshoot-i-los-angeles\/\",\"url\":\"https:\/\/anjaekstroem.dk\/mit-afrika-fashion-photoshoot-i-los-angeles\/\",\"name\":\"\\\"MIT AFRIKA\\\" - Fashion photoshoot i Joshua Tree, Los Angeles\",\"isPartOf\":{\"@id\":\"https:\/\/anjaekstroem.dk\/#website\"},\"primaryImageOfPage\":{\"@id\":\"https:\/\/anjaekstroem.dk\/mit-afrika-fashion-photoshoot-i-los-angeles\/#primaryimage\"},\"image\":{\"@id\":\"https:\/\/anjaekstroem.dk\/mit-afrika-fashion-photoshoot-i-los-angeles\/#primaryimage\"},\"thumbnailUrl\":\"https:\/\/anjaekstroem.dk\/wp-content\/uploads\/2018\/10\/madeline-ford-photographer-anja-ekstrom-18.jpg\",\"datePublished\":\"2018-10-24T15:28:35+00:00\",\"dateModified\":\"2024-08-26T11:22:46+00:00\",\"description\":\"\\\"MIT AFRIKA\\\" photoshoot i Los Angeles. Jeg dr\u00f8mte om en smuk r\u00f8dh\u00e5ret model \\\"p\u00e5 savannen\\\", da bl\u00e5 himmel mod det ildr\u00f8de h\u00e5r var min dr\u00f8m!\",\"breadcrumb\":{\"@id\":\"https:\/\/anjaekstroem.dk\/mit-afrika-fashion-photoshoot-i-los-angeles\/#breadcrumb\"},\"inLanguage\":\"es\",\"potentialAction\":[{\"@type\":\"ReadAction\",\"target\":[\"https:\/\/anjaekstroem.dk\/mit-afrika-fashion-photoshoot-i-los-angeles\/\"]}]},{\"@type\":\"ImageObject\",\"inLanguage\":\"es\",\"@id\":\"https:\/\/anjaekstroem.dk\/mit-afrika-fashion-photoshoot-i-los-angeles\/#primaryimage\",\"url\":\"https:\/\/anjaekstroem.dk\/wp-content\/uploads\/2018\/10\/madeline-ford-photographer-anja-ekstrom-18.jpg\",\"contentUrl\":\"https:\/\/anjaekstroem.dk\/wp-content\/uploads\/2018\/10\/madeline-ford-photographer-anja-ekstrom-18.jpg\",\"width\":2000,\"height\":2000,\"caption\":\"Modefotograf Anja Ekstr\u00f8m\"},{\"@type\":\"BreadcrumbList\",\"@id\":\"https:\/\/anjaekstroem.dk\/mit-afrika-fashion-photoshoot-i-los-angeles\/#breadcrumb\",\"itemListElement\":[{\"@type\":\"ListItem\",\"position\":1,\"name\":\"Hjem\",\"item\":\"https:\/\/anjaekstroem.dk\/\"},{\"@type\":\"ListItem\",\"position\":2,\"name\":\"&#8220;MIT AFRIKA&#8221; &#8211; Fashion photoshoot i Joshua Tree, Los Angeles\"}]},{\"@type\":\"WebSite\",\"@id\":\"https:\/\/anjaekstroem.dk\/#website\",\"url\":\"https:\/\/anjaekstroem.dk\/\",\"name\":\"Anja Ekstr\u00f8m Creative\",\"description\":\"Fotograf med sj\u00e6l\",\"publisher\":{\"@id\":\"https:\/\/anjaekstroem.dk\/#organization\"},\"potentialAction\":[{\"@type\":\"SearchAction\",\"target\":{\"@type\":\"EntryPoint\",\"urlTemplate\":\"https:\/\/anjaekstroem.dk\/?s={search_term_string}\"},\"query-input\":{\"@type\":\"PropertyValueSpecification\",\"valueRequired\":true,\"valueName\":\"search_term_string\"}}],\"inLanguage\":\"es\"},{\"@type\":\"Organization\",\"@id\":\"https:\/\/anjaekstroem.dk\/#organization\",\"name\":\"Anja Ekstr\u00f8m Creative\",\"url\":\"https:\/\/anjaekstroem.dk\/\",\"logo\":{\"@type\":\"ImageObject\",\"inLanguage\":\"es\",\"@id\":\"https:\/\/anjaekstroem.dk\/#\/schema\/logo\/image\/\",\"url\":\"https:\/\/anjaekstroem.dk\/wp-content\/uploads\/2021\/10\/AnjaEkstroem-03.png\",\"contentUrl\":\"https:\/\/anjaekstroem.dk\/wp-content\/uploads\/2021\/10\/AnjaEkstroem-03.png\",\"width\":2560,\"height\":662,\"caption\":\"Anja Ekstr\u00f8m Creative\"},\"image\":{\"@id\":\"https:\/\/anjaekstroem.dk\/#\/schema\/logo\/image\/\"}},{\"@type\":\"Person\",\"@id\":\"https:\/\/anjaekstroem.dk\/#\/schema\/person\/ae301236eee86c4cc45c9a0b9b018b26\",\"name\":\"Anja Ekstr\u00f8m\",\"url\":\"https:\/\/anjaekstroem.dk\/es\/author\/anja\/\"}]}<\/script>\n<!-- \/ Yoast SEO plugin. -->","yoast_head_json":{"title":"\"MIT AFRIKA\" - Fashion photoshoot i Joshua Tree, Los Angeles","description":"\"MIT AFRIKA\" photoshoot i Los Angeles. Jeg dr\u00f8mte om en smuk r\u00f8dh\u00e5ret model \"p\u00e5 savannen\", da bl\u00e5 himmel mod det ildr\u00f8de h\u00e5r var min dr\u00f8m!","robots":{"index":"index","follow":"follow","max-snippet":"max-snippet:-1","max-image-preview":"max-image-preview:large","max-video-preview":"max-video-preview:-1"},"canonical":"https:\/\/anjaekstroem.dk\/es\/mi-sesion-de-fotos-de-moda-africana-en-los-angeles\/","og_locale":"es_ES","og_type":"article","og_title":"\"MIT AFRIKA\" - Fashion photoshoot i Joshua Tree, Los Angeles","og_description":"\"MIT AFRIKA\" photoshoot i Los Angeles. Jeg dr\u00f8mte om en smuk r\u00f8dh\u00e5ret model \"p\u00e5 savannen\", da bl\u00e5 himmel mod det ildr\u00f8de h\u00e5r var min dr\u00f8m!","og_url":"https:\/\/anjaekstroem.dk\/es\/mi-sesion-de-fotos-de-moda-africana-en-los-angeles\/","og_site_name":"Anja Ekstr\u00f8m Creative","article_published_time":"2018-10-24T15:28:35+00:00","article_modified_time":"2024-08-26T11:22:46+00:00","og_image":[{"width":2000,"height":2000,"url":"https:\/\/anjaekstroem.dk\/wp-content\/uploads\/2018\/10\/madeline-ford-photographer-anja-ekstrom-18.jpg","type":"image\/jpeg"}],"author":"Anja Ekstr\u00f8m","twitter_card":"summary_large_image","twitter_misc":{"Escrito por":"Anja Ekstr\u00f8m","Tiempo de lectura":"4 minutos"},"schema":{"@context":"https:\/\/schema.org","@graph":[{"@type":"Article","@id":"https:\/\/anjaekstroem.dk\/mit-afrika-fashion-photoshoot-i-los-angeles\/#article","isPartOf":{"@id":"https:\/\/anjaekstroem.dk\/mit-afrika-fashion-photoshoot-i-los-angeles\/"},"author":{"name":"Anja Ekstr\u00f8m","@id":"https:\/\/anjaekstroem.dk\/#\/schema\/person\/ae301236eee86c4cc45c9a0b9b018b26"},"headline":"&#8220;MIT AFRIKA&#8221; &#8211; Fashion photoshoot i Joshua Tree, Los Angeles","datePublished":"2018-10-24T15:28:35+00:00","dateModified":"2024-08-26T11:22:46+00:00","mainEntityOfPage":{"@id":"https:\/\/anjaekstroem.dk\/mit-afrika-fashion-photoshoot-i-los-angeles\/"},"wordCount":503,"commentCount":26,"publisher":{"@id":"https:\/\/anjaekstroem.dk\/#organization"},"image":{"@id":"https:\/\/anjaekstroem.dk\/mit-afrika-fashion-photoshoot-i-los-angeles\/#primaryimage"},"thumbnailUrl":"https:\/\/anjaekstroem.dk\/wp-content\/uploads\/2018\/10\/madeline-ford-photographer-anja-ekstrom-18.jpg","articleSection":["Fotoshoots","Lidt af hvert","Magasiner"],"inLanguage":"es","potentialAction":[{"@type":"CommentAction","name":"Comment","target":["https:\/\/anjaekstroem.dk\/mit-afrika-fashion-photoshoot-i-los-angeles\/#respond"]}]},{"@type":"WebPage","@id":"https:\/\/anjaekstroem.dk\/mit-afrika-fashion-photoshoot-i-los-angeles\/","url":"https:\/\/anjaekstroem.dk\/mit-afrika-fashion-photoshoot-i-los-angeles\/","name":"\"MIT AFRIKA\" - Fashion photoshoot i Joshua Tree, Los Angeles","isPartOf":{"@id":"https:\/\/anjaekstroem.dk\/#website"},"primaryImageOfPage":{"@id":"https:\/\/anjaekstroem.dk\/mit-afrika-fashion-photoshoot-i-los-angeles\/#primaryimage"},"image":{"@id":"https:\/\/anjaekstroem.dk\/mit-afrika-fashion-photoshoot-i-los-angeles\/#primaryimage"},"thumbnailUrl":"https:\/\/anjaekstroem.dk\/wp-content\/uploads\/2018\/10\/madeline-ford-photographer-anja-ekstrom-18.jpg","datePublished":"2018-10-24T15:28:35+00:00","dateModified":"2024-08-26T11:22:46+00:00","description":"\"MIT AFRIKA\" photoshoot i Los Angeles. Jeg dr\u00f8mte om en smuk r\u00f8dh\u00e5ret model \"p\u00e5 savannen\", da bl\u00e5 himmel mod det ildr\u00f8de h\u00e5r var min dr\u00f8m!","breadcrumb":{"@id":"https:\/\/anjaekstroem.dk\/mit-afrika-fashion-photoshoot-i-los-angeles\/#breadcrumb"},"inLanguage":"es","potentialAction":[{"@type":"ReadAction","target":["https:\/\/anjaekstroem.dk\/mit-afrika-fashion-photoshoot-i-los-angeles\/"]}]},{"@type":"ImageObject","inLanguage":"es","@id":"https:\/\/anjaekstroem.dk\/mit-afrika-fashion-photoshoot-i-los-angeles\/#primaryimage","url":"https:\/\/anjaekstroem.dk\/wp-content\/uploads\/2018\/10\/madeline-ford-photographer-anja-ekstrom-18.jpg","contentUrl":"https:\/\/anjaekstroem.dk\/wp-content\/uploads\/2018\/10\/madeline-ford-photographer-anja-ekstrom-18.jpg","width":2000,"height":2000,"caption":"Modefotograf Anja Ekstr\u00f8m"},{"@type":"BreadcrumbList","@id":"https:\/\/anjaekstroem.dk\/mit-afrika-fashion-photoshoot-i-los-angeles\/#breadcrumb","itemListElement":[{"@type":"ListItem","position":1,"name":"Hjem","item":"https:\/\/anjaekstroem.dk\/"},{"@type":"ListItem","position":2,"name":"&#8220;MIT AFRIKA&#8221; &#8211; Fashion photoshoot i Joshua Tree, Los Angeles"}]},{"@type":"WebSite","@id":"https:\/\/anjaekstroem.dk\/#website","url":"https:\/\/anjaekstroem.dk\/","name":"Anja Ekstr\u00f8m Creative","description":"Fotograf med sj\u00e6l","publisher":{"@id":"https:\/\/anjaekstroem.dk\/#organization"},"potentialAction":[{"@type":"SearchAction","target":{"@type":"EntryPoint","urlTemplate":"https:\/\/anjaekstroem.dk\/?s={search_term_string}"},"query-input":{"@type":"PropertyValueSpecification","valueRequired":true,"valueName":"search_term_string"}}],"inLanguage":"es"},{"@type":"Organization","@id":"https:\/\/anjaekstroem.dk\/#organization","name":"Anja Ekstr\u00f8m Creative","url":"https:\/\/anjaekstroem.dk\/","logo":{"@type":"ImageObject","inLanguage":"es","@id":"https:\/\/anjaekstroem.dk\/#\/schema\/logo\/image\/","url":"https:\/\/anjaekstroem.dk\/wp-content\/uploads\/2021\/10\/AnjaEkstroem-03.png","contentUrl":"https:\/\/anjaekstroem.dk\/wp-content\/uploads\/2021\/10\/AnjaEkstroem-03.png","width":2560,"height":662,"caption":"Anja Ekstr\u00f8m Creative"},"image":{"@id":"https:\/\/anjaekstroem.dk\/#\/schema\/logo\/image\/"}},{"@type":"Person","@id":"https:\/\/anjaekstroem.dk\/#\/schema\/person\/ae301236eee86c4cc45c9a0b9b018b26","name":"Anja Ekstr\u00f8m","url":"https:\/\/anjaekstroem.dk\/es\/author\/anja\/"}]}},"_links":{"self":[{"href":"https:\/\/anjaekstroem.dk\/es\/wp-json\/wp\/v2\/posts\/1892","targetHints":{"allow":["GET"]}}],"collection":[{"href":"https:\/\/anjaekstroem.dk\/es\/wp-json\/wp\/v2\/posts"}],"about":[{"href":"https:\/\/anjaekstroem.dk\/es\/wp-json\/wp\/v2\/types\/post"}],"author":[{"embeddable":true,"href":"https:\/\/anjaekstroem.dk\/es\/wp-json\/wp\/v2\/users\/3"}],"replies":[{"embeddable":true,"href":"https:\/\/anjaekstroem.dk\/es\/wp-json\/wp\/v2\/comments?post=1892"}],"version-history":[{"count":1,"href":"https:\/\/anjaekstroem.dk\/es\/wp-json\/wp\/v2\/posts\/1892\/revisions"}],"predecessor-version":[{"id":6365,"href":"https:\/\/anjaekstroem.dk\/es\/wp-json\/wp\/v2\/posts\/1892\/revisions\/6365"}],"wp:featuredmedia":[{"embeddable":true,"href":"https:\/\/anjaekstroem.dk\/es\/wp-json\/wp\/v2\/media\/1897"}],"wp:attachment":[{"href":"https:\/\/anjaekstroem.dk\/es\/wp-json\/wp\/v2\/media?parent=1892"}],"wp:term":[{"taxonomy":"category","embeddable":true,"href":"https:\/\/anjaekstroem.dk\/es\/wp-json\/wp\/v2\/categories?post=1892"},{"taxonomy":"post_tag","embeddable":true,"href":"https:\/\/anjaekstroem.dk\/es\/wp-json\/wp\/v2\/tags?post=1892"}],"curies":[{"name":"wp","href":"https:\/\/api.w.org\/{rel}","templated":true}]}}