{"id":1746,"date":"2018-03-05T13:26:13","date_gmt":"2018-03-05T12:26:13","guid":{"rendered":"https:\/\/www.anjaekstroem.dk\/?p=1746"},"modified":"2018-03-05T13:26:13","modified_gmt":"2018-03-05T12:26:13","slug":"mine-vilde-rejseplaner","status":"publish","type":"post","link":"https:\/\/anjaekstroem.dk\/es\/mis-planes-de-viaje-salvajes\/","title":{"rendered":"Mis planes de viaje salvajes"},"content":{"rendered":"<p><em><strong>Mis planes de viaje locos...<\/strong><\/em><\/p>\n<p>ME ENCANTA viajar\u2026 no solo \u201cme gusta\u201d \u2013 ME ENCANTA\u2026 (aunque no los vuelos)<\/p>\n<p>Por lo tanto, estoy muy emocionado de que mi 2018 incluya viajes a Roma, Rodas, Los \u00c1ngeles y 2 x Mallorca y \u00bfqui\u00e9n sabe qu\u00e9 m\u00e1s...? Probablemente solo sean las reservas de tareas de los clientes las que establezcan l\u00edmites all\u00ed \ud83d\ude42 Tanto las fotos como los videos deben modificarse en algunos de los viajes, por lo que ser\u00e1 <strong>grasa de esti\u00e9rcol! <\/strong><\/p>\n<p>Se realizar\u00e1 una &quot;escuela de v\u00eddeo en l\u00ednea&quot; sobre un proyecto secreto, se realizar\u00e1n sesiones fotogr\u00e1ficas geniales de modelos\/moda con gente fant\u00e1stica. Tambi\u00e9n necesito trabajar para mi futuro socio comercial en productos para el cabello. No puedo revelar mucho pero lo prometo: ser\u00e1 INTERESANTE \ud83d\ude42<\/p>\n<h4>UNO en el experimentador\u2026.<\/h4>\n<p>Adem\u00e1s de eso, voy a intentar volar en &quot;primera clase&quot; por primera vez y \u00a1tengo muchas ganas de probar ESO! Es el largo vuelo a Los \u00c1ngeles, por lo que es m\u00e1s que ganar\/ganar.<\/p>\n<p>\u00bfPor qu\u00e9 estoy tan loco por eso? Bueno\u2026. Dinamarca simplemente no tiene ese &quot;algo veraniego&quot; durante m\u00e1s de unas pocas semanas al a\u00f1o. Como fot\u00f3grafo, no puedo depender del clima dan\u00e9s para una sesi\u00f3n al aire libre... Cielos azules y palmeras, es un escenario que ME ENCANTA \ud83d\ude42<\/p>\n<p>El calor puede ser un poco exagerado, pero bueno... Supongo que eso es lo que se llama un problema de lujo \ud83d\ude42<\/p>\n<p><em><strong>Mis planes de viaje locos...<\/strong><\/em><\/p>\n<p>Soy <strong>no<\/strong> el tipo valiente que me lanza a una aventura de trekking en Vietnam o algo as\u00ed \u2013 aqu\u00ed admito rotundamente que la simpat\u00eda es m\u00e1s importante :). No estoy para nada interesado en vadear durante d\u00edas en una jungla salvaje, simplemente estoy loco por nuevas experiencias, grandes o peque\u00f1as. YO TAMBI\u00c9N SOY una gallina... cierto es que\u2026. cualquier cosa que sea peligrosa o contenga pelos de punta\u2026. NO GRACIAS \u2013 pero dame mar, playa, ciudad, sol y palmeras y ser\u00e9 feliz.<\/p>\n<p>Como una ni\u00f1a peque\u00f1a, tengo muchas ganas de salir y conocer gente nueva, crear redes, hacer buenas fotos y mostraros los fant\u00e1sticos resultados. Prometo mantenerte informado <a href=\"http:\/\/www.instagram.com\/aekstroem\">Instagram<\/a>\u00a0y mi <a href=\"http:\/\/www.facebook.com\/aekstroem\">pagina de facebook<\/a> (Probablemente no pueda evitarlo)<\/p>\n<p><strong>\u00bf\u00bfAd\u00f3nde vas?? \u00bfCu\u00e1l es el destino de tus sue\u00f1os?<\/strong> Deja un comentario ya sea aqu\u00ed o en FB donde se comparte la publicaci\u00f3n \u2764<\/p>\n<p>Foto: Modelo: Sebastien Large \/\/ Estilismo: Lauren Jacobs \/\/ Retoque: Stef Nazarenko \/\/ fot\u00f3grafo: S\u00ed, soy yo \ud83d\ude09 Ver la serie <a href=\"https:\/\/anjaekstroem.dk\/es\/fotografo-de-moda\/\">AQU\u00cd<\/a><\/p>\n<p><img fetchpriority=\"high\" decoding=\"async\" src=\"https:\/\/anjaekstroem.dk\/wp-content\/uploads\/2018\/03\/416A4998-Edit-300x200.jpg\" alt=\"La fot\u00f3grafa de moda Anja Ekstr\u00f8m\" width=\"300\" height=\"200\" class=\"alignnone size-medium wp-image-1757\" srcset=\"https:\/\/anjaekstroem.dk\/wp-content\/uploads\/2018\/03\/416A4998-Edit-300x200.jpg 300w, https:\/\/anjaekstroem.dk\/wp-content\/uploads\/2018\/03\/416A4998-Edit-600x400.jpg 600w, https:\/\/anjaekstroem.dk\/wp-content\/uploads\/2018\/03\/416A4998-Edit-1024x683.jpg 1024w, https:\/\/anjaekstroem.dk\/wp-content\/uploads\/2018\/03\/416A4998-Edit-768x512.jpg 768w, https:\/\/anjaekstroem.dk\/wp-content\/uploads\/2018\/03\/416A4998-Edit-1536x1024.jpg 1536w, https:\/\/anjaekstroem.dk\/wp-content\/uploads\/2018\/03\/416A4998-Edit.jpg 2048w\" sizes=\"(max-width: 300px) 100vw, 300px\" \/> <img decoding=\"async\" src=\"https:\/\/anjaekstroem.dk\/wp-content\/uploads\/2018\/03\/416A4953-2-300x200.jpg\" alt=\"fot\u00f3grafa de moda Anja Ekstr\u00f8m\" width=\"300\" height=\"200\" class=\"alignnone size-medium wp-image-1753\" srcset=\"https:\/\/anjaekstroem.dk\/wp-content\/uploads\/2018\/03\/416A4953-2-300x200.jpg 300w, https:\/\/anjaekstroem.dk\/wp-content\/uploads\/2018\/03\/416A4953-2-600x400.jpg 600w, https:\/\/anjaekstroem.dk\/wp-content\/uploads\/2018\/03\/416A4953-2-1024x683.jpg 1024w, https:\/\/anjaekstroem.dk\/wp-content\/uploads\/2018\/03\/416A4953-2-768x512.jpg 768w, https:\/\/anjaekstroem.dk\/wp-content\/uploads\/2018\/03\/416A4953-2-1536x1024.jpg 1536w, https:\/\/anjaekstroem.dk\/wp-content\/uploads\/2018\/03\/416A4953-2.jpg 2048w\" sizes=\"(max-width: 300px) 100vw, 300px\" \/> <img decoding=\"async\" src=\"https:\/\/anjaekstroem.dk\/wp-content\/uploads\/2018\/03\/416A5061-300x200.jpg\" alt=\"La fot\u00f3grafa de moda Anja Ekstr\u00f8m\" width=\"300\" height=\"200\" class=\"alignnone size-medium wp-image-1761\" srcset=\"https:\/\/anjaekstroem.dk\/wp-content\/uploads\/2018\/03\/416A5061-300x200.jpg 300w, https:\/\/anjaekstroem.dk\/wp-content\/uploads\/2018\/03\/416A5061-600x400.jpg 600w, https:\/\/anjaekstroem.dk\/wp-content\/uploads\/2018\/03\/416A5061-1024x683.jpg 1024w, https:\/\/anjaekstroem.dk\/wp-content\/uploads\/2018\/03\/416A5061-768x512.jpg 768w, https:\/\/anjaekstroem.dk\/wp-content\/uploads\/2018\/03\/416A5061-1536x1025.jpg 1536w, https:\/\/anjaekstroem.dk\/wp-content\/uploads\/2018\/03\/416A5061.jpg 2048w\" sizes=\"(max-width: 300px) 100vw, 300px\" \/><\/p>","protected":false},"excerpt":{"rendered":"<p>Mis locos planes de viaje... ME ENCANTA viajar... no solo &quot;me gusta&quot; - ME ENCANTA... (pero no los vuelos) Es por eso que estoy muy emocionado de que mi 2018 incluya viajes a Roma, Rodas, Los \u00c1ngeles y 2 x Mallorca y \u00bfqui\u00e9n sabe qu\u00e9 m\u00e1s\u2026.? Parece que all\u00ed s\u00f3lo las reservas de tareas de los clientes ponen l\u00edmites \ud83d\ude42 [\u2026]<\/p>","protected":false},"author":3,"featured_media":1753,"comment_status":"open","ping_status":"open","sticky":false,"template":"","format":"standard","meta":{"_acf_changed":false,"iawp_total_views":25,"footnotes":""},"categories":[71],"tags":[],"class_list":["post-1746","post","type-post","status-publish","format-standard","has-post-thumbnail","hentry","category-lidt-af-hvert"],"acf":[],"yoast_head":"<!-- This site is optimized with the Yoast SEO plugin v23.5 - https:\/\/yoast.com\/wordpress\/plugins\/seo\/ -->\n<title>Mine vilde rejseplaner - Anja Ekstr\u00f8m Creative<\/title>\n<meta name=\"description\" content=\"Mine vilde rejseplaner! jeg ret begejstret over at mit 2018 rummer rejser til Rom, Rhodos, L.A., og 2 x Mallorca og hvem ved hvad mere....?\" \/>\n<meta name=\"robots\" content=\"index, follow, max-snippet:-1, max-image-preview:large, max-video-preview:-1\" \/>\n<link rel=\"canonical\" href=\"https:\/\/anjaekstroem.dk\/es\/mis-planes-de-viaje-salvajes\/\" \/>\n<meta property=\"og:locale\" content=\"es_ES\" \/>\n<meta property=\"og:type\" content=\"article\" \/>\n<meta property=\"og:title\" content=\"Mine vilde rejseplaner - Anja Ekstr\u00f8m Creative\" \/>\n<meta property=\"og:description\" content=\"Mine vilde rejseplaner! jeg ret begejstret over at mit 2018 rummer rejser til Rom, Rhodos, L.A., og 2 x Mallorca og hvem ved hvad mere....?\" \/>\n<meta property=\"og:url\" content=\"https:\/\/anjaekstroem.dk\/es\/mis-planes-de-viaje-salvajes\/\" \/>\n<meta property=\"og:site_name\" content=\"Anja Ekstr\u00f8m Creative\" \/>\n<meta property=\"article:published_time\" content=\"2018-03-05T12:26:13+00:00\" \/>\n<meta property=\"og:image\" content=\"https:\/\/anjaekstroem.dk\/wp-content\/uploads\/2018\/03\/416A4953-2.jpg\" \/>\n\t<meta property=\"og:image:width\" content=\"2048\" \/>\n\t<meta property=\"og:image:height\" content=\"1365\" \/>\n\t<meta property=\"og:image:type\" content=\"image\/jpeg\" \/>\n<meta name=\"author\" content=\"Anja Ekstr\u00f8m\" \/>\n<meta name=\"twitter:card\" content=\"summary_large_image\" \/>\n<meta name=\"twitter:label1\" content=\"Escrito por\" \/>\n\t<meta name=\"twitter:data1\" content=\"Anja Ekstr\u00f8m\" \/>\n\t<meta name=\"twitter:label2\" content=\"Tiempo de lectura\" \/>\n\t<meta name=\"twitter:data2\" content=\"3 minutos\" \/>\n<script type=\"application\/ld+json\" class=\"yoast-schema-graph\">{\"@context\":\"https:\/\/schema.org\",\"@graph\":[{\"@type\":\"Article\",\"@id\":\"https:\/\/anjaekstroem.dk\/mine-vilde-rejseplaner\/#article\",\"isPartOf\":{\"@id\":\"https:\/\/anjaekstroem.dk\/mine-vilde-rejseplaner\/\"},\"author\":{\"name\":\"Anja Ekstr\u00f8m\",\"@id\":\"https:\/\/anjaekstroem.dk\/#\/schema\/person\/ae301236eee86c4cc45c9a0b9b018b26\"},\"headline\":\"Mine vilde rejseplaner\",\"datePublished\":\"2018-03-05T12:26:13+00:00\",\"dateModified\":\"2018-03-05T12:26:13+00:00\",\"mainEntityOfPage\":{\"@id\":\"https:\/\/anjaekstroem.dk\/mine-vilde-rejseplaner\/\"},\"wordCount\":412,\"commentCount\":38,\"publisher\":{\"@id\":\"https:\/\/anjaekstroem.dk\/#organization\"},\"image\":{\"@id\":\"https:\/\/anjaekstroem.dk\/mine-vilde-rejseplaner\/#primaryimage\"},\"thumbnailUrl\":\"https:\/\/anjaekstroem.dk\/wp-content\/uploads\/2018\/03\/416A4953-2.jpg\",\"articleSection\":[\"Lidt af hvert\"],\"inLanguage\":\"es\",\"potentialAction\":[{\"@type\":\"CommentAction\",\"name\":\"Comment\",\"target\":[\"https:\/\/anjaekstroem.dk\/mine-vilde-rejseplaner\/#respond\"]}]},{\"@type\":\"WebPage\",\"@id\":\"https:\/\/anjaekstroem.dk\/mine-vilde-rejseplaner\/\",\"url\":\"https:\/\/anjaekstroem.dk\/mine-vilde-rejseplaner\/\",\"name\":\"Mine vilde rejseplaner - Anja Ekstr\u00f8m Creative\",\"isPartOf\":{\"@id\":\"https:\/\/anjaekstroem.dk\/#website\"},\"primaryImageOfPage\":{\"@id\":\"https:\/\/anjaekstroem.dk\/mine-vilde-rejseplaner\/#primaryimage\"},\"image\":{\"@id\":\"https:\/\/anjaekstroem.dk\/mine-vilde-rejseplaner\/#primaryimage\"},\"thumbnailUrl\":\"https:\/\/anjaekstroem.dk\/wp-content\/uploads\/2018\/03\/416A4953-2.jpg\",\"datePublished\":\"2018-03-05T12:26:13+00:00\",\"dateModified\":\"2018-03-05T12:26:13+00:00\",\"description\":\"Mine vilde rejseplaner! jeg ret begejstret over at mit 2018 rummer rejser til Rom, Rhodos, L.A., og 2 x Mallorca og hvem ved hvad mere....?\",\"breadcrumb\":{\"@id\":\"https:\/\/anjaekstroem.dk\/mine-vilde-rejseplaner\/#breadcrumb\"},\"inLanguage\":\"es\",\"potentialAction\":[{\"@type\":\"ReadAction\",\"target\":[\"https:\/\/anjaekstroem.dk\/mine-vilde-rejseplaner\/\"]}]},{\"@type\":\"ImageObject\",\"inLanguage\":\"es\",\"@id\":\"https:\/\/anjaekstroem.dk\/mine-vilde-rejseplaner\/#primaryimage\",\"url\":\"https:\/\/anjaekstroem.dk\/wp-content\/uploads\/2018\/03\/416A4953-2.jpg\",\"contentUrl\":\"https:\/\/anjaekstroem.dk\/wp-content\/uploads\/2018\/03\/416A4953-2.jpg\",\"width\":2048,\"height\":1365,\"caption\":\"modefotograf Anja Ekstr\u00f8m\"},{\"@type\":\"BreadcrumbList\",\"@id\":\"https:\/\/anjaekstroem.dk\/mine-vilde-rejseplaner\/#breadcrumb\",\"itemListElement\":[{\"@type\":\"ListItem\",\"position\":1,\"name\":\"Hjem\",\"item\":\"https:\/\/anjaekstroem.dk\/\"},{\"@type\":\"ListItem\",\"position\":2,\"name\":\"Mine vilde rejseplaner\"}]},{\"@type\":\"WebSite\",\"@id\":\"https:\/\/anjaekstroem.dk\/#website\",\"url\":\"https:\/\/anjaekstroem.dk\/\",\"name\":\"Anja Ekstr\u00f8m Creative\",\"description\":\"Fotograf med sj\u00e6l\",\"publisher\":{\"@id\":\"https:\/\/anjaekstroem.dk\/#organization\"},\"potentialAction\":[{\"@type\":\"SearchAction\",\"target\":{\"@type\":\"EntryPoint\",\"urlTemplate\":\"https:\/\/anjaekstroem.dk\/?s={search_term_string}\"},\"query-input\":{\"@type\":\"PropertyValueSpecification\",\"valueRequired\":true,\"valueName\":\"search_term_string\"}}],\"inLanguage\":\"es\"},{\"@type\":\"Organization\",\"@id\":\"https:\/\/anjaekstroem.dk\/#organization\",\"name\":\"Anja Ekstr\u00f8m Creative\",\"url\":\"https:\/\/anjaekstroem.dk\/\",\"logo\":{\"@type\":\"ImageObject\",\"inLanguage\":\"es\",\"@id\":\"https:\/\/anjaekstroem.dk\/#\/schema\/logo\/image\/\",\"url\":\"https:\/\/anjaekstroem.dk\/wp-content\/uploads\/2021\/10\/AnjaEkstroem-03.png\",\"contentUrl\":\"https:\/\/anjaekstroem.dk\/wp-content\/uploads\/2021\/10\/AnjaEkstroem-03.png\",\"width\":2560,\"height\":662,\"caption\":\"Anja Ekstr\u00f8m Creative\"},\"image\":{\"@id\":\"https:\/\/anjaekstroem.dk\/#\/schema\/logo\/image\/\"}},{\"@type\":\"Person\",\"@id\":\"https:\/\/anjaekstroem.dk\/#\/schema\/person\/ae301236eee86c4cc45c9a0b9b018b26\",\"name\":\"Anja Ekstr\u00f8m\",\"url\":\"https:\/\/anjaekstroem.dk\/es\/author\/anja\/\"}]}<\/script>\n<!-- \/ Yoast SEO plugin. -->","yoast_head_json":{"title":"Mine vilde rejseplaner - Anja Ekstr\u00f8m Creative","description":"Mine vilde rejseplaner! jeg ret begejstret over at mit 2018 rummer rejser til Rom, Rhodos, L.A., og 2 x Mallorca og hvem ved hvad mere....?","robots":{"index":"index","follow":"follow","max-snippet":"max-snippet:-1","max-image-preview":"max-image-preview:large","max-video-preview":"max-video-preview:-1"},"canonical":"https:\/\/anjaekstroem.dk\/es\/mis-planes-de-viaje-salvajes\/","og_locale":"es_ES","og_type":"article","og_title":"Mine vilde rejseplaner - Anja Ekstr\u00f8m Creative","og_description":"Mine vilde rejseplaner! jeg ret begejstret over at mit 2018 rummer rejser til Rom, Rhodos, L.A., og 2 x Mallorca og hvem ved hvad mere....?","og_url":"https:\/\/anjaekstroem.dk\/es\/mis-planes-de-viaje-salvajes\/","og_site_name":"Anja Ekstr\u00f8m Creative","article_published_time":"2018-03-05T12:26:13+00:00","og_image":[{"width":2048,"height":1365,"url":"https:\/\/anjaekstroem.dk\/wp-content\/uploads\/2018\/03\/416A4953-2.jpg","type":"image\/jpeg"}],"author":"Anja Ekstr\u00f8m","twitter_card":"summary_large_image","twitter_misc":{"Escrito por":"Anja Ekstr\u00f8m","Tiempo de lectura":"3 minutos"},"schema":{"@context":"https:\/\/schema.org","@graph":[{"@type":"Article","@id":"https:\/\/anjaekstroem.dk\/mine-vilde-rejseplaner\/#article","isPartOf":{"@id":"https:\/\/anjaekstroem.dk\/mine-vilde-rejseplaner\/"},"author":{"name":"Anja Ekstr\u00f8m","@id":"https:\/\/anjaekstroem.dk\/#\/schema\/person\/ae301236eee86c4cc45c9a0b9b018b26"},"headline":"Mine vilde rejseplaner","datePublished":"2018-03-05T12:26:13+00:00","dateModified":"2018-03-05T12:26:13+00:00","mainEntityOfPage":{"@id":"https:\/\/anjaekstroem.dk\/mine-vilde-rejseplaner\/"},"wordCount":412,"commentCount":38,"publisher":{"@id":"https:\/\/anjaekstroem.dk\/#organization"},"image":{"@id":"https:\/\/anjaekstroem.dk\/mine-vilde-rejseplaner\/#primaryimage"},"thumbnailUrl":"https:\/\/anjaekstroem.dk\/wp-content\/uploads\/2018\/03\/416A4953-2.jpg","articleSection":["Lidt af hvert"],"inLanguage":"es","potentialAction":[{"@type":"CommentAction","name":"Comment","target":["https:\/\/anjaekstroem.dk\/mine-vilde-rejseplaner\/#respond"]}]},{"@type":"WebPage","@id":"https:\/\/anjaekstroem.dk\/mine-vilde-rejseplaner\/","url":"https:\/\/anjaekstroem.dk\/mine-vilde-rejseplaner\/","name":"Mine vilde rejseplaner - Anja Ekstr\u00f8m Creative","isPartOf":{"@id":"https:\/\/anjaekstroem.dk\/#website"},"primaryImageOfPage":{"@id":"https:\/\/anjaekstroem.dk\/mine-vilde-rejseplaner\/#primaryimage"},"image":{"@id":"https:\/\/anjaekstroem.dk\/mine-vilde-rejseplaner\/#primaryimage"},"thumbnailUrl":"https:\/\/anjaekstroem.dk\/wp-content\/uploads\/2018\/03\/416A4953-2.jpg","datePublished":"2018-03-05T12:26:13+00:00","dateModified":"2018-03-05T12:26:13+00:00","description":"Mine vilde rejseplaner! jeg ret begejstret over at mit 2018 rummer rejser til Rom, Rhodos, L.A., og 2 x Mallorca og hvem ved hvad mere....?","breadcrumb":{"@id":"https:\/\/anjaekstroem.dk\/mine-vilde-rejseplaner\/#breadcrumb"},"inLanguage":"es","potentialAction":[{"@type":"ReadAction","target":["https:\/\/anjaekstroem.dk\/mine-vilde-rejseplaner\/"]}]},{"@type":"ImageObject","inLanguage":"es","@id":"https:\/\/anjaekstroem.dk\/mine-vilde-rejseplaner\/#primaryimage","url":"https:\/\/anjaekstroem.dk\/wp-content\/uploads\/2018\/03\/416A4953-2.jpg","contentUrl":"https:\/\/anjaekstroem.dk\/wp-content\/uploads\/2018\/03\/416A4953-2.jpg","width":2048,"height":1365,"caption":"modefotograf Anja Ekstr\u00f8m"},{"@type":"BreadcrumbList","@id":"https:\/\/anjaekstroem.dk\/mine-vilde-rejseplaner\/#breadcrumb","itemListElement":[{"@type":"ListItem","position":1,"name":"Hjem","item":"https:\/\/anjaekstroem.dk\/"},{"@type":"ListItem","position":2,"name":"Mine vilde rejseplaner"}]},{"@type":"WebSite","@id":"https:\/\/anjaekstroem.dk\/#website","url":"https:\/\/anjaekstroem.dk\/","name":"Anja Ekstr\u00f8m Creative","description":"Fotograf med sj\u00e6l","publisher":{"@id":"https:\/\/anjaekstroem.dk\/#organization"},"potentialAction":[{"@type":"SearchAction","target":{"@type":"EntryPoint","urlTemplate":"https:\/\/anjaekstroem.dk\/?s={search_term_string}"},"query-input":{"@type":"PropertyValueSpecification","valueRequired":true,"valueName":"search_term_string"}}],"inLanguage":"es"},{"@type":"Organization","@id":"https:\/\/anjaekstroem.dk\/#organization","name":"Anja Ekstr\u00f8m Creative","url":"https:\/\/anjaekstroem.dk\/","logo":{"@type":"ImageObject","inLanguage":"es","@id":"https:\/\/anjaekstroem.dk\/#\/schema\/logo\/image\/","url":"https:\/\/anjaekstroem.dk\/wp-content\/uploads\/2021\/10\/AnjaEkstroem-03.png","contentUrl":"https:\/\/anjaekstroem.dk\/wp-content\/uploads\/2021\/10\/AnjaEkstroem-03.png","width":2560,"height":662,"caption":"Anja Ekstr\u00f8m Creative"},"image":{"@id":"https:\/\/anjaekstroem.dk\/#\/schema\/logo\/image\/"}},{"@type":"Person","@id":"https:\/\/anjaekstroem.dk\/#\/schema\/person\/ae301236eee86c4cc45c9a0b9b018b26","name":"Anja Ekstr\u00f8m","url":"https:\/\/anjaekstroem.dk\/es\/author\/anja\/"}]}},"_links":{"self":[{"href":"https:\/\/anjaekstroem.dk\/es\/wp-json\/wp\/v2\/posts\/1746","targetHints":{"allow":["GET"]}}],"collection":[{"href":"https:\/\/anjaekstroem.dk\/es\/wp-json\/wp\/v2\/posts"}],"about":[{"href":"https:\/\/anjaekstroem.dk\/es\/wp-json\/wp\/v2\/types\/post"}],"author":[{"embeddable":true,"href":"https:\/\/anjaekstroem.dk\/es\/wp-json\/wp\/v2\/users\/3"}],"replies":[{"embeddable":true,"href":"https:\/\/anjaekstroem.dk\/es\/wp-json\/wp\/v2\/comments?post=1746"}],"version-history":[{"count":0,"href":"https:\/\/anjaekstroem.dk\/es\/wp-json\/wp\/v2\/posts\/1746\/revisions"}],"wp:featuredmedia":[{"embeddable":true,"href":"https:\/\/anjaekstroem.dk\/es\/wp-json\/wp\/v2\/media\/1753"}],"wp:attachment":[{"href":"https:\/\/anjaekstroem.dk\/es\/wp-json\/wp\/v2\/media?parent=1746"}],"wp:term":[{"taxonomy":"category","embeddable":true,"href":"https:\/\/anjaekstroem.dk\/es\/wp-json\/wp\/v2\/categories?post=1746"},{"taxonomy":"post_tag","embeddable":true,"href":"https:\/\/anjaekstroem.dk\/es\/wp-json\/wp\/v2\/tags?post=1746"}],"curies":[{"name":"wp","href":"https:\/\/api.w.org\/{rel}","templated":true}]}}