{"id":1716,"date":"2018-01-13T14:47:23","date_gmt":"2018-01-13T13:47:23","guid":{"rendered":"https:\/\/www.anjaekstroem.dk\/?p=1716"},"modified":"2024-11-27T16:30:10","modified_gmt":"2024-11-27T14:30:10","slug":"derfor-professionelt-portraetfoto-vigtigt","status":"publish","type":"post","link":"https:\/\/anjaekstroem.dk\/es\/por-lo-tanto-la-fotografia-de-retrato-profesional-es-importante\/","title":{"rendered":"Por eso es importante un retrato fotogr\u00e1fico profesional"},"content":{"rendered":"<p><em><strong>Por eso es importante una fotograf\u00eda de retrato profesional\u2026.<\/strong><\/em><\/p>\n<p><img fetchpriority=\"high\" decoding=\"async\" class=\"alignnone size-medium wp-image-1109\" src=\"https:\/\/anjaekstroem.dk\/wp-content\/uploads\/2016\/08\/erhvervsfotograf-pernille-carmohn-2-300x185.jpg\" alt=\"Fot\u00f3grafo comercial - Pernille Carmohn 2\" width=\"300\" height=\"185\" \/><\/p>\n<p>As\u00ed que Navidad y A\u00f1o Nuevo terminaron y comenzamos el nuevo y fresco a\u00f1o 2018; ahora se acab\u00f3 sentarse en el sof\u00e1, ahora se avanza sobre las estepas... TAMBI\u00c9N en el \u00e1rea visual.<\/p>\n<h3>Algunos dicen: &quot;Eso del retrato profesional es un pedo a la luz de una bocina&quot;, pero r\u00e1pidamente se vuelven m\u00e1s sabios....<\/h3>\n<p>Muchas personas odian ser fotografiadas y por eso no lo hacen. Esto significa que las im\u00e1genes que se muestran profesionalmente son &quot;creativas&quot; y, a veces, definitivamente no son de una manera agradable.<\/p>\n<p>\u00a1Es mi experiencia y absoluta convicci\u00f3n que de lo que se trata es de sentirse SEGURO! \u2013 Si te sientes c\u00f3modo y en buena compa\u00f1\u00eda con el fot\u00f3grafo, conseguir unos bonitos retratos es un juego de ni\u00f1os.<\/p>\n<p>Como persona y fot\u00f3grafo, doy mucho de m\u00ed, porque as\u00ed soy... y eso hace que la mayor\u00eda de la gente se relaje y sonr\u00eda con sinceridad y cordialidad en sus retratos.<\/p>\n<p>Cuando vienes a m\u00ed, sales por la puerta con una sonrisa y una buena experiencia. Disfrutamos tomando fotograf\u00edas y nos tomamos el tiempo necesario.<\/p>\n<p>Lo he dicho antes y lo dir\u00e9 de nuevo: <strong>Hay un MUNDO de diferencia<\/strong> ya sea que tenga una foto de una ocasi\u00f3n festiva o un retrato profesional como foto de perfil en sitios de redes profesionales, en sus correos electr\u00f3nicos, en su sitio web, etc. \u00a1Por eso es importante un retrato fotogr\u00e1fico profesional!<\/p>\n<h4>Se trata de valor de la se\u00f1al, simple y llanamente. \u00bfAtraemos clientes o se van antes de entrar a la &quot;tienda&quot;?<\/h4>\n<p>\u00bfC\u00f3mo reaccionar\u00edamos nosotros mismos si un abogado o un contable tuviera una foto con un gorro de A\u00f1o Nuevo? (solo para dar un ejemplo) Si me acerco a uno de estos, espero profesionalismo. Tienen que inspirar confianza bas\u00e1ndose en su imagen, etc. Si no lo hacen, entonces seguir\u00e9 adelante...<\/p>\n<p>\u00bfHas revisado tu retrato? <strong>\u00bfQuiz\u00e1s ya has perdido clientes potenciales sin saberlo?<\/strong><\/p>\n<p>Ya sabes d\u00f3nde estoy \ud83d\ude09 Estar\u00e9 encantada de ayudarte y darte la bienvenida al estudio fotogr\u00e1fico \u2764\ufe0f<\/p>\n<p>Ver m\u00e1s <a href=\"https:\/\/anjaekstroem.dk\/es\/fotografia-de-negocios\/\">AQU\u00cd<\/a><\/p>\n<p>Tambi\u00e9n puedes seguir <a href=\"http:\/\/www.instagram.com\/anjaekstroem\">IG<\/a><\/p>\n<p><img decoding=\"async\" class=\"alignnone size-medium wp-image-1112\" src=\"https:\/\/anjaekstroem.dk\/wp-content\/uploads\/2016\/08\/erhvervsfotograf-schulzbycrowd-1-300x247.jpg\" alt=\"Fot\u00f3grafo comercial SCHULZBYCROWD 1\" width=\"300\" height=\"247\" \/><img decoding=\"async\" class=\"alignnone size-medium wp-image-1101\" src=\"https:\/\/anjaekstroem.dk\/wp-content\/uploads\/2016\/08\/karin-cruz-tv2-erhvervsfotograf-200x300.jpg\" alt=\"Retrato de Kar\u00edn Cruz\" width=\"200\" height=\"300\" \/><\/p>","protected":false},"excerpt":{"rendered":"<p>Por eso es importante una fotograf\u00eda de retrato profesional\u2026. As\u00ed que ya pasaron Navidad y A\u00f1o Nuevo y comenzamos un nuevo y fresco a\u00f1o 2018, ahora se acab\u00f3 estar pegado al sof\u00e1, ahora avanzamos sobre las estepas... TAMBI\u00c9N en el \u00e1rea visual. Algunos dicen: &quot;Esa cosa con un [\u2026]<\/p>","protected":false},"author":3,"featured_media":4168,"comment_status":"open","ping_status":"open","sticky":false,"template":"","format":"standard","meta":{"_acf_changed":false,"iawp_total_views":45,"footnotes":""},"categories":[52,71],"tags":[],"class_list":["post-1716","post","type-post","status-publish","format-standard","has-post-thumbnail","hentry","category-fotoshoots","category-lidt-af-hvert"],"acf":[],"yoast_head":"<!-- This site is optimized with the Yoast SEO plugin v23.5 - https:\/\/yoast.com\/wordpress\/plugins\/seo\/ -->\n<title>Derfor er et professionelt portr\u00e6tfoto vigtigt<\/title>\n<meta name=\"description\" content=\"Derfor er et professionelt portr\u00e6tfoto vigtigt. Mange hader at g\u00e5 til fotografen og f\u00e5r aldrig fornyet portr\u00e6ttet. Prioriter det h\u00f8jere!\" \/>\n<meta name=\"robots\" content=\"index, follow, max-snippet:-1, max-image-preview:large, max-video-preview:-1\" \/>\n<link rel=\"canonical\" href=\"https:\/\/anjaekstroem.dk\/es\/por-lo-tanto-la-fotografia-de-retrato-profesional-es-importante\/\" \/>\n<meta property=\"og:locale\" content=\"es_ES\" \/>\n<meta property=\"og:type\" content=\"article\" \/>\n<meta property=\"og:title\" content=\"Derfor er et professionelt portr\u00e6tfoto vigtigt\" \/>\n<meta property=\"og:description\" content=\"Derfor er et professionelt portr\u00e6tfoto vigtigt. Mange hader at g\u00e5 til fotografen og f\u00e5r aldrig fornyet portr\u00e6ttet. Prioriter det h\u00f8jere!\" \/>\n<meta property=\"og:url\" content=\"https:\/\/anjaekstroem.dk\/es\/por-lo-tanto-la-fotografia-de-retrato-profesional-es-importante\/\" \/>\n<meta property=\"og:site_name\" content=\"Anja Ekstr\u00f8m Creative\" \/>\n<meta property=\"article:published_time\" content=\"2018-01-13T13:47:23+00:00\" \/>\n<meta property=\"article:modified_time\" content=\"2024-11-27T14:30:10+00:00\" \/>\n<meta property=\"og:image\" content=\"https:\/\/anjaekstroem.dk\/wp-content\/uploads\/2016\/08\/erhvervsfotograf-hobnob-copenhagen-1.jpg\" \/>\n\t<meta property=\"og:image:width\" content=\"1333\" \/>\n\t<meta property=\"og:image:height\" content=\"2000\" \/>\n\t<meta property=\"og:image:type\" content=\"image\/jpeg\" \/>\n<meta name=\"author\" content=\"Anja Ekstr\u00f8m\" \/>\n<meta name=\"twitter:card\" content=\"summary_large_image\" \/>\n<meta name=\"twitter:label1\" content=\"Escrito por\" \/>\n\t<meta name=\"twitter:data1\" content=\"Anja Ekstr\u00f8m\" \/>\n\t<meta name=\"twitter:label2\" content=\"Tiempo de lectura\" \/>\n\t<meta name=\"twitter:data2\" content=\"3 minutos\" \/>\n<script type=\"application\/ld+json\" class=\"yoast-schema-graph\">{\"@context\":\"https:\/\/schema.org\",\"@graph\":[{\"@type\":\"Article\",\"@id\":\"https:\/\/anjaekstroem.dk\/derfor-professionelt-portraetfoto-vigtigt\/#article\",\"isPartOf\":{\"@id\":\"https:\/\/anjaekstroem.dk\/derfor-professionelt-portraetfoto-vigtigt\/\"},\"author\":{\"name\":\"Anja Ekstr\u00f8m\",\"@id\":\"https:\/\/anjaekstroem.dk\/#\/schema\/person\/ae301236eee86c4cc45c9a0b9b018b26\"},\"headline\":\"Derfor er et professionelt portr\u00e6tfoto vigtigt\",\"datePublished\":\"2018-01-13T13:47:23+00:00\",\"dateModified\":\"2024-11-27T14:30:10+00:00\",\"mainEntityOfPage\":{\"@id\":\"https:\/\/anjaekstroem.dk\/derfor-professionelt-portraetfoto-vigtigt\/\"},\"wordCount\":408,\"commentCount\":29,\"publisher\":{\"@id\":\"https:\/\/anjaekstroem.dk\/#organization\"},\"image\":{\"@id\":\"https:\/\/anjaekstroem.dk\/derfor-professionelt-portraetfoto-vigtigt\/#primaryimage\"},\"thumbnailUrl\":\"https:\/\/anjaekstroem.dk\/wp-content\/uploads\/2016\/08\/erhvervsfotograf-hobnob-copenhagen-1.jpg\",\"articleSection\":[\"Fotoshoots\",\"Lidt af hvert\"],\"inLanguage\":\"es\",\"potentialAction\":[{\"@type\":\"CommentAction\",\"name\":\"Comment\",\"target\":[\"https:\/\/anjaekstroem.dk\/derfor-professionelt-portraetfoto-vigtigt\/#respond\"]}]},{\"@type\":\"WebPage\",\"@id\":\"https:\/\/anjaekstroem.dk\/derfor-professionelt-portraetfoto-vigtigt\/\",\"url\":\"https:\/\/anjaekstroem.dk\/derfor-professionelt-portraetfoto-vigtigt\/\",\"name\":\"Derfor er et professionelt portr\u00e6tfoto vigtigt\",\"isPartOf\":{\"@id\":\"https:\/\/anjaekstroem.dk\/#website\"},\"primaryImageOfPage\":{\"@id\":\"https:\/\/anjaekstroem.dk\/derfor-professionelt-portraetfoto-vigtigt\/#primaryimage\"},\"image\":{\"@id\":\"https:\/\/anjaekstroem.dk\/derfor-professionelt-portraetfoto-vigtigt\/#primaryimage\"},\"thumbnailUrl\":\"https:\/\/anjaekstroem.dk\/wp-content\/uploads\/2016\/08\/erhvervsfotograf-hobnob-copenhagen-1.jpg\",\"datePublished\":\"2018-01-13T13:47:23+00:00\",\"dateModified\":\"2024-11-27T14:30:10+00:00\",\"description\":\"Derfor er et professionelt portr\u00e6tfoto vigtigt. Mange hader at g\u00e5 til fotografen og f\u00e5r aldrig fornyet portr\u00e6ttet. Prioriter det h\u00f8jere!\",\"breadcrumb\":{\"@id\":\"https:\/\/anjaekstroem.dk\/derfor-professionelt-portraetfoto-vigtigt\/#breadcrumb\"},\"inLanguage\":\"es\",\"potentialAction\":[{\"@type\":\"ReadAction\",\"target\":[\"https:\/\/anjaekstroem.dk\/derfor-professionelt-portraetfoto-vigtigt\/\"]}]},{\"@type\":\"ImageObject\",\"inLanguage\":\"es\",\"@id\":\"https:\/\/anjaekstroem.dk\/derfor-professionelt-portraetfoto-vigtigt\/#primaryimage\",\"url\":\"https:\/\/anjaekstroem.dk\/wp-content\/uploads\/2016\/08\/erhvervsfotograf-hobnob-copenhagen-1.jpg\",\"contentUrl\":\"https:\/\/anjaekstroem.dk\/wp-content\/uploads\/2016\/08\/erhvervsfotograf-hobnob-copenhagen-1.jpg\",\"width\":1333,\"height\":2000,\"caption\":\"Erhvervsfotograf - Hobnob Copenhagen 1\"},{\"@type\":\"BreadcrumbList\",\"@id\":\"https:\/\/anjaekstroem.dk\/derfor-professionelt-portraetfoto-vigtigt\/#breadcrumb\",\"itemListElement\":[{\"@type\":\"ListItem\",\"position\":1,\"name\":\"Hjem\",\"item\":\"https:\/\/anjaekstroem.dk\/\"},{\"@type\":\"ListItem\",\"position\":2,\"name\":\"Derfor er et professionelt portr\u00e6tfoto vigtigt\"}]},{\"@type\":\"WebSite\",\"@id\":\"https:\/\/anjaekstroem.dk\/#website\",\"url\":\"https:\/\/anjaekstroem.dk\/\",\"name\":\"Anja Ekstr\u00f8m Creative\",\"description\":\"Fotograf med sj\u00e6l\",\"publisher\":{\"@id\":\"https:\/\/anjaekstroem.dk\/#organization\"},\"potentialAction\":[{\"@type\":\"SearchAction\",\"target\":{\"@type\":\"EntryPoint\",\"urlTemplate\":\"https:\/\/anjaekstroem.dk\/?s={search_term_string}\"},\"query-input\":{\"@type\":\"PropertyValueSpecification\",\"valueRequired\":true,\"valueName\":\"search_term_string\"}}],\"inLanguage\":\"es\"},{\"@type\":\"Organization\",\"@id\":\"https:\/\/anjaekstroem.dk\/#organization\",\"name\":\"Anja Ekstr\u00f8m Creative\",\"url\":\"https:\/\/anjaekstroem.dk\/\",\"logo\":{\"@type\":\"ImageObject\",\"inLanguage\":\"es\",\"@id\":\"https:\/\/anjaekstroem.dk\/#\/schema\/logo\/image\/\",\"url\":\"https:\/\/anjaekstroem.dk\/wp-content\/uploads\/2021\/10\/AnjaEkstroem-03.png\",\"contentUrl\":\"https:\/\/anjaekstroem.dk\/wp-content\/uploads\/2021\/10\/AnjaEkstroem-03.png\",\"width\":2560,\"height\":662,\"caption\":\"Anja Ekstr\u00f8m Creative\"},\"image\":{\"@id\":\"https:\/\/anjaekstroem.dk\/#\/schema\/logo\/image\/\"}},{\"@type\":\"Person\",\"@id\":\"https:\/\/anjaekstroem.dk\/#\/schema\/person\/ae301236eee86c4cc45c9a0b9b018b26\",\"name\":\"Anja Ekstr\u00f8m\",\"url\":\"https:\/\/anjaekstroem.dk\/es\/author\/anja\/\"}]}<\/script>\n<!-- \/ Yoast SEO plugin. -->","yoast_head_json":{"title":"Derfor er et professionelt portr\u00e6tfoto vigtigt","description":"Derfor er et professionelt portr\u00e6tfoto vigtigt. Mange hader at g\u00e5 til fotografen og f\u00e5r aldrig fornyet portr\u00e6ttet. Prioriter det h\u00f8jere!","robots":{"index":"index","follow":"follow","max-snippet":"max-snippet:-1","max-image-preview":"max-image-preview:large","max-video-preview":"max-video-preview:-1"},"canonical":"https:\/\/anjaekstroem.dk\/es\/por-lo-tanto-la-fotografia-de-retrato-profesional-es-importante\/","og_locale":"es_ES","og_type":"article","og_title":"Derfor er et professionelt portr\u00e6tfoto vigtigt","og_description":"Derfor er et professionelt portr\u00e6tfoto vigtigt. Mange hader at g\u00e5 til fotografen og f\u00e5r aldrig fornyet portr\u00e6ttet. Prioriter det h\u00f8jere!","og_url":"https:\/\/anjaekstroem.dk\/es\/por-lo-tanto-la-fotografia-de-retrato-profesional-es-importante\/","og_site_name":"Anja Ekstr\u00f8m Creative","article_published_time":"2018-01-13T13:47:23+00:00","article_modified_time":"2024-11-27T14:30:10+00:00","og_image":[{"width":1333,"height":2000,"url":"https:\/\/anjaekstroem.dk\/wp-content\/uploads\/2016\/08\/erhvervsfotograf-hobnob-copenhagen-1.jpg","type":"image\/jpeg"}],"author":"Anja Ekstr\u00f8m","twitter_card":"summary_large_image","twitter_misc":{"Escrito por":"Anja Ekstr\u00f8m","Tiempo de lectura":"3 minutos"},"schema":{"@context":"https:\/\/schema.org","@graph":[{"@type":"Article","@id":"https:\/\/anjaekstroem.dk\/derfor-professionelt-portraetfoto-vigtigt\/#article","isPartOf":{"@id":"https:\/\/anjaekstroem.dk\/derfor-professionelt-portraetfoto-vigtigt\/"},"author":{"name":"Anja Ekstr\u00f8m","@id":"https:\/\/anjaekstroem.dk\/#\/schema\/person\/ae301236eee86c4cc45c9a0b9b018b26"},"headline":"Derfor er et professionelt portr\u00e6tfoto vigtigt","datePublished":"2018-01-13T13:47:23+00:00","dateModified":"2024-11-27T14:30:10+00:00","mainEntityOfPage":{"@id":"https:\/\/anjaekstroem.dk\/derfor-professionelt-portraetfoto-vigtigt\/"},"wordCount":408,"commentCount":29,"publisher":{"@id":"https:\/\/anjaekstroem.dk\/#organization"},"image":{"@id":"https:\/\/anjaekstroem.dk\/derfor-professionelt-portraetfoto-vigtigt\/#primaryimage"},"thumbnailUrl":"https:\/\/anjaekstroem.dk\/wp-content\/uploads\/2016\/08\/erhvervsfotograf-hobnob-copenhagen-1.jpg","articleSection":["Fotoshoots","Lidt af hvert"],"inLanguage":"es","potentialAction":[{"@type":"CommentAction","name":"Comment","target":["https:\/\/anjaekstroem.dk\/derfor-professionelt-portraetfoto-vigtigt\/#respond"]}]},{"@type":"WebPage","@id":"https:\/\/anjaekstroem.dk\/derfor-professionelt-portraetfoto-vigtigt\/","url":"https:\/\/anjaekstroem.dk\/derfor-professionelt-portraetfoto-vigtigt\/","name":"Derfor er et professionelt portr\u00e6tfoto vigtigt","isPartOf":{"@id":"https:\/\/anjaekstroem.dk\/#website"},"primaryImageOfPage":{"@id":"https:\/\/anjaekstroem.dk\/derfor-professionelt-portraetfoto-vigtigt\/#primaryimage"},"image":{"@id":"https:\/\/anjaekstroem.dk\/derfor-professionelt-portraetfoto-vigtigt\/#primaryimage"},"thumbnailUrl":"https:\/\/anjaekstroem.dk\/wp-content\/uploads\/2016\/08\/erhvervsfotograf-hobnob-copenhagen-1.jpg","datePublished":"2018-01-13T13:47:23+00:00","dateModified":"2024-11-27T14:30:10+00:00","description":"Derfor er et professionelt portr\u00e6tfoto vigtigt. Mange hader at g\u00e5 til fotografen og f\u00e5r aldrig fornyet portr\u00e6ttet. Prioriter det h\u00f8jere!","breadcrumb":{"@id":"https:\/\/anjaekstroem.dk\/derfor-professionelt-portraetfoto-vigtigt\/#breadcrumb"},"inLanguage":"es","potentialAction":[{"@type":"ReadAction","target":["https:\/\/anjaekstroem.dk\/derfor-professionelt-portraetfoto-vigtigt\/"]}]},{"@type":"ImageObject","inLanguage":"es","@id":"https:\/\/anjaekstroem.dk\/derfor-professionelt-portraetfoto-vigtigt\/#primaryimage","url":"https:\/\/anjaekstroem.dk\/wp-content\/uploads\/2016\/08\/erhvervsfotograf-hobnob-copenhagen-1.jpg","contentUrl":"https:\/\/anjaekstroem.dk\/wp-content\/uploads\/2016\/08\/erhvervsfotograf-hobnob-copenhagen-1.jpg","width":1333,"height":2000,"caption":"Erhvervsfotograf - Hobnob Copenhagen 1"},{"@type":"BreadcrumbList","@id":"https:\/\/anjaekstroem.dk\/derfor-professionelt-portraetfoto-vigtigt\/#breadcrumb","itemListElement":[{"@type":"ListItem","position":1,"name":"Hjem","item":"https:\/\/anjaekstroem.dk\/"},{"@type":"ListItem","position":2,"name":"Derfor er et professionelt portr\u00e6tfoto vigtigt"}]},{"@type":"WebSite","@id":"https:\/\/anjaekstroem.dk\/#website","url":"https:\/\/anjaekstroem.dk\/","name":"Anja Ekstr\u00f8m Creative","description":"Fotograf med sj\u00e6l","publisher":{"@id":"https:\/\/anjaekstroem.dk\/#organization"},"potentialAction":[{"@type":"SearchAction","target":{"@type":"EntryPoint","urlTemplate":"https:\/\/anjaekstroem.dk\/?s={search_term_string}"},"query-input":{"@type":"PropertyValueSpecification","valueRequired":true,"valueName":"search_term_string"}}],"inLanguage":"es"},{"@type":"Organization","@id":"https:\/\/anjaekstroem.dk\/#organization","name":"Anja Ekstr\u00f8m Creative","url":"https:\/\/anjaekstroem.dk\/","logo":{"@type":"ImageObject","inLanguage":"es","@id":"https:\/\/anjaekstroem.dk\/#\/schema\/logo\/image\/","url":"https:\/\/anjaekstroem.dk\/wp-content\/uploads\/2021\/10\/AnjaEkstroem-03.png","contentUrl":"https:\/\/anjaekstroem.dk\/wp-content\/uploads\/2021\/10\/AnjaEkstroem-03.png","width":2560,"height":662,"caption":"Anja Ekstr\u00f8m Creative"},"image":{"@id":"https:\/\/anjaekstroem.dk\/#\/schema\/logo\/image\/"}},{"@type":"Person","@id":"https:\/\/anjaekstroem.dk\/#\/schema\/person\/ae301236eee86c4cc45c9a0b9b018b26","name":"Anja Ekstr\u00f8m","url":"https:\/\/anjaekstroem.dk\/es\/author\/anja\/"}]}},"_links":{"self":[{"href":"https:\/\/anjaekstroem.dk\/es\/wp-json\/wp\/v2\/posts\/1716","targetHints":{"allow":["GET"]}}],"collection":[{"href":"https:\/\/anjaekstroem.dk\/es\/wp-json\/wp\/v2\/posts"}],"about":[{"href":"https:\/\/anjaekstroem.dk\/es\/wp-json\/wp\/v2\/types\/post"}],"author":[{"embeddable":true,"href":"https:\/\/anjaekstroem.dk\/es\/wp-json\/wp\/v2\/users\/3"}],"replies":[{"embeddable":true,"href":"https:\/\/anjaekstroem.dk\/es\/wp-json\/wp\/v2\/comments?post=1716"}],"version-history":[{"count":1,"href":"https:\/\/anjaekstroem.dk\/es\/wp-json\/wp\/v2\/posts\/1716\/revisions"}],"predecessor-version":[{"id":11346,"href":"https:\/\/anjaekstroem.dk\/es\/wp-json\/wp\/v2\/posts\/1716\/revisions\/11346"}],"wp:featuredmedia":[{"embeddable":true,"href":"https:\/\/anjaekstroem.dk\/es\/wp-json\/wp\/v2\/media\/4168"}],"wp:attachment":[{"href":"https:\/\/anjaekstroem.dk\/es\/wp-json\/wp\/v2\/media?parent=1716"}],"wp:term":[{"taxonomy":"category","embeddable":true,"href":"https:\/\/anjaekstroem.dk\/es\/wp-json\/wp\/v2\/categories?post=1716"},{"taxonomy":"post_tag","embeddable":true,"href":"https:\/\/anjaekstroem.dk\/es\/wp-json\/wp\/v2\/tags?post=1716"}],"curies":[{"name":"wp","href":"https:\/\/api.w.org\/{rel}","templated":true}]}}