{"id":12282,"date":"2025-09-13T18:22:58","date_gmt":"2025-09-13T16:22:58","guid":{"rendered":"https:\/\/anjaekstroem.dk\/?p=12282"},"modified":"2025-09-13T18:24:19","modified_gmt":"2025-09-13T16:24:19","slug":"hvad-faar-du-ud-af-en-fotograf-bootcamp-i-spanien-og-hvilken-er-den-rigtige-for-dig","status":"publish","type":"post","link":"https:\/\/anjaekstroem.dk\/es\/que-obtienes-de-un-bootcamp-de-fotografia-en-espana-y-cual-es-el-adecuado-para-ti\/","title":{"rendered":"\u00bfQu\u00e9 obtienes de un bootcamp de fotograf\u00eda en Espa\u00f1a y cu\u00e1l es el adecuado para ti?"},"content":{"rendered":"<p>Hay algo muy especial en escapar de la rutina, sentir la calidez, la luz y el ambiente, y al mismo tiempo sumergirte en tu pasi\u00f3n por la fotograf\u00eda. De eso se tratan mis bootcamps en Espa\u00f1a. <\/p><p>Ofrezco dos cursos \u00fanicos en 2025: <strong>La clase magistral intensiva de fotograf\u00eda de 5 d\u00edas<\/strong> y <strong>El cl\u00e1sico bootcamp de fotograf\u00eda de 8 d\u00edas<\/strong>Ambos est\u00e1n creados con el coraz\u00f3n, el alma y una profunda pasi\u00f3n para elevarte como fot\u00f3grafo, ya sea que te est\u00e9s embarcando en tu primera aventura fotogr\u00e1fica o ya tengas experiencia pero est\u00e9s deseando encontrar tu pr\u00f3ximo equipo.<\/p><p>\u00bfPero cu\u00e1l es el que mejor se adapta a ti?<\/p><h3 class=\"wp-block-heading\">La clase magistral intensiva de 5 d\u00edas: para quienes quieren avanzar AHORA<\/h3><p>Este taller est\u00e1 pensado para quienes no pueden dedicar una semana entera a su agenda, pero desean vivir la experiencia completa, pero concentrada en menos tiempo. En cinco d\u00edas intensos, les guiar\u00e9 por todo lo esencial: sesiones fotogr\u00e1ficas creativas con modelos profesionales, instrucci\u00f3n guiada tanto en t\u00e9cnica como en expresi\u00f3n, retroalimentaci\u00f3n directa para que obtengan las herramientas concretas que les impulsar\u00e1n al progreso inmediato, y una comunidad de personas con ideas afines donde la energ\u00eda es alta y el desarrollo es intenso. Es como un gran impulso de confianza en uno mismo y habilidades: un punto de partida para superar sus l\u00edmites en poco tiempo y experimentar de lo que realmente son capaces. Perfecto para quienes desean resultados YA y sienten el cambio al instante.<\/p><h3 class=\"wp-block-heading\">El cl\u00e1sico bootcamp de fotograf\u00eda de 8 d\u00edas: para aquellos que quieren sumergirse<\/h3><p>El bootcamp m\u00e1s largo es para quienes realmente desean dedicarse una semana entera a su pasi\u00f3n. Hay tiempo para la reflexi\u00f3n, para sentirte parte del proceso y para encontrar paz y ritmo en tu expresi\u00f3n fotogr\u00e1fica. Durante los ocho d\u00edas, tendr\u00e1s varias sesiones fotogr\u00e1ficas con diferentes configuraciones, ambientes y looks, espacio para experimentar y repetir para que puedas aprender a fondo, fortalecer\u00e1s tus lazos con tus compa\u00f1eros participantes, que a menudo se convierten en amistades para toda la vida, y vivir\u00e1s una experiencia que te permitir\u00e1 desarrollarte no solo como fot\u00f3grafo, sino tambi\u00e9n como persona. El bootcamp cl\u00e1sico es como un viaje en s\u00ed mismo. Volver\u00e1s a casa con una sensaci\u00f3n de transformaci\u00f3n, con im\u00e1genes que nunca pensaste que podr\u00edas crear, y una confianza en ti mismo que te animar\u00e1 mucho despu\u00e9s.<\/p><h3 class=\"wp-block-heading\">Lo que ambos bootcamps tienen en com\u00fan es: LA MAGIA<\/h3><p>Independientemente del bootcamp que elijas, te prometo que te desarrollar\u00e1s tanto t\u00e9cnica como personalmente, encontrar\u00e1s la valent\u00eda para ser m\u00e1s fuerte como fot\u00f3grafo y como persona, experimentar\u00e1s una comunidad creativa donde todos se apoyan mutuamente y volver\u00e1s a casa renovado con im\u00e1genes, recuerdos y una confianza en ti mismo que perdurar\u00e1n. Es dif\u00edcil describir con exactitud lo que te aporta. Pero todos los que han estado all\u00ed dicen lo mismo: <em>\u201cRegres\u00e9 a casa como una nueva versi\u00f3n de m\u00ed mismo\u201d.<\/em><\/p><h3 class=\"wp-block-heading\">\u00bfCu\u00e1l es el adecuado para usted?<\/h3><p>Elige la clase magistral intensiva si buscas el m\u00e1ximo desarrollo en poco tiempo: un curso concentrado que te impulsar\u00e1 a ti y a tu fotograf\u00eda. Elige el bootcamp cl\u00e1sico si quieres sumergirte en el proceso completo y dejar que la fotograf\u00eda forme parte de tu experiencia durante varios d\u00edas.<\/p><h3 class=\"wp-block-heading\">Tu invitaci\u00f3n<\/h3><p>No se trata solo de fotos. Se trata de ti, de tu valent\u00eda, de tu pasi\u00f3n. Si sientes ese peque\u00f1o cosquilleo en el est\u00f3mago al leer esto, entonces sabes que es ahora.<\/p><p>\ud83d\udc49 <a href=\"https:\/\/anjaekstroem.dk\/es\/bootcamp\/\">Lee m\u00e1s y reserva tu plaza aqu\u00ed<\/a><\/p><p>Desear\u00eda haber tenido estas oportunidades cuando era un fot\u00f3grafo nuevo, porque veo con mis propios ojos cu\u00e1nto y qu\u00e9 r\u00e1pido ocurren los cambios cuando realizo mis bootcamps.<\/p><p>\u00a1Espero que te regales esta aventura \u00fanica!<\/p><p>XOXO<\/p><p>Anja<\/p>","protected":false},"excerpt":{"rendered":"<p>Hay algo muy especial en escapar de la rutina, sentir la calidez, la luz y el ambiente, y al mismo tiempo sumergirte en tu pasi\u00f3n por la fotograf\u00eda. De eso se tratan mis bootcamps en Espa\u00f1a. Ofrezco dos cursos \u00fanicos en 2025: la masterclass intensiva de fotograf\u00eda de 5 d\u00edas y [\u2026]<\/p>","protected":false},"author":3,"featured_media":12145,"comment_status":"closed","ping_status":"closed","sticky":false,"template":"","format":"standard","meta":{"_acf_changed":false,"iawp_total_views":67,"footnotes":""},"categories":[1],"tags":[],"class_list":["post-12282","post","type-post","status-publish","format-standard","has-post-thumbnail","hentry","category-uncategorized"],"acf":[],"yoast_head":"<!-- This site is optimized with the Yoast SEO plugin v23.5 - https:\/\/yoast.com\/wordpress\/plugins\/seo\/ -->\n<title>Hvad f\u00e5r du ud af en fotograf bootcamp i Spanien og hvilken er den rigtige for dig? - Anja Ekstr\u00f8m Creative<\/title>\n<meta name=\"description\" content=\"Hvad f\u00e5r du ud af en fotograf bootcamp i Spanien og hvilken er den rigtige for dig? Er du mest til 5 intense dage eller den p\u00e5 8 dage?\" \/>\n<meta name=\"robots\" content=\"index, follow, max-snippet:-1, max-image-preview:large, max-video-preview:-1\" \/>\n<link rel=\"canonical\" href=\"https:\/\/anjaekstroem.dk\/es\/que-obtienes-de-un-bootcamp-de-fotografia-en-espana-y-cual-es-el-adecuado-para-ti\/\" \/>\n<meta property=\"og:locale\" content=\"es_ES\" \/>\n<meta property=\"og:type\" content=\"article\" \/>\n<meta property=\"og:title\" content=\"Hvad f\u00e5r du ud af en fotograf bootcamp i Spanien og hvilken er den rigtige for dig? - Anja Ekstr\u00f8m Creative\" \/>\n<meta property=\"og:description\" content=\"Hvad f\u00e5r du ud af en fotograf bootcamp i Spanien og hvilken er den rigtige for dig? Er du mest til 5 intense dage eller den p\u00e5 8 dage?\" \/>\n<meta property=\"og:url\" content=\"https:\/\/anjaekstroem.dk\/es\/que-obtienes-de-un-bootcamp-de-fotografia-en-espana-y-cual-es-el-adecuado-para-ti\/\" \/>\n<meta property=\"og:site_name\" content=\"Anja Ekstr\u00f8m Creative\" \/>\n<meta property=\"article:published_time\" content=\"2025-09-13T16:22:58+00:00\" \/>\n<meta property=\"article:modified_time\" content=\"2025-09-13T16:24:19+00:00\" \/>\n<meta property=\"og:image\" content=\"https:\/\/anjaekstroem.dk\/wp-content\/uploads\/2025\/06\/Billede-16.11.2022-17.13.02-scaled.jpg\" \/>\n\t<meta property=\"og:image:width\" content=\"2560\" \/>\n\t<meta property=\"og:image:height\" content=\"1920\" \/>\n\t<meta property=\"og:image:type\" content=\"image\/jpeg\" \/>\n<meta name=\"author\" content=\"Anja Ekstr\u00f8m\" \/>\n<meta name=\"twitter:card\" content=\"summary_large_image\" \/>\n<meta name=\"twitter:label1\" content=\"Escrito por\" \/>\n\t<meta name=\"twitter:data1\" content=\"Anja Ekstr\u00f8m\" \/>\n\t<meta name=\"twitter:label2\" content=\"Tiempo de lectura\" \/>\n\t<meta name=\"twitter:data2\" content=\"4 minutos\" \/>\n<script type=\"application\/ld+json\" class=\"yoast-schema-graph\">{\"@context\":\"https:\/\/schema.org\",\"@graph\":[{\"@type\":\"Article\",\"@id\":\"https:\/\/anjaekstroem.dk\/hvad-faar-du-ud-af-en-fotograf-bootcamp-i-spanien-og-hvilken-er-den-rigtige-for-dig\/#article\",\"isPartOf\":{\"@id\":\"https:\/\/anjaekstroem.dk\/hvad-faar-du-ud-af-en-fotograf-bootcamp-i-spanien-og-hvilken-er-den-rigtige-for-dig\/\"},\"author\":{\"name\":\"Anja Ekstr\u00f8m\",\"@id\":\"https:\/\/anjaekstroem.dk\/#\/schema\/person\/ae301236eee86c4cc45c9a0b9b018b26\"},\"headline\":\"Hvad f\u00e5r du ud af en fotograf bootcamp i Spanien og hvilken er den rigtige for dig?\",\"datePublished\":\"2025-09-13T16:22:58+00:00\",\"dateModified\":\"2025-09-13T16:24:19+00:00\",\"mainEntityOfPage\":{\"@id\":\"https:\/\/anjaekstroem.dk\/hvad-faar-du-ud-af-en-fotograf-bootcamp-i-spanien-og-hvilken-er-den-rigtige-for-dig\/\"},\"wordCount\":690,\"publisher\":{\"@id\":\"https:\/\/anjaekstroem.dk\/#organization\"},\"image\":{\"@id\":\"https:\/\/anjaekstroem.dk\/hvad-faar-du-ud-af-en-fotograf-bootcamp-i-spanien-og-hvilken-er-den-rigtige-for-dig\/#primaryimage\"},\"thumbnailUrl\":\"https:\/\/anjaekstroem.dk\/wp-content\/uploads\/2025\/06\/Billede-16.11.2022-17.13.02-scaled.jpg\",\"articleSection\":[\"Uncategorized\"],\"inLanguage\":\"es\"},{\"@type\":\"WebPage\",\"@id\":\"https:\/\/anjaekstroem.dk\/hvad-faar-du-ud-af-en-fotograf-bootcamp-i-spanien-og-hvilken-er-den-rigtige-for-dig\/\",\"url\":\"https:\/\/anjaekstroem.dk\/hvad-faar-du-ud-af-en-fotograf-bootcamp-i-spanien-og-hvilken-er-den-rigtige-for-dig\/\",\"name\":\"Hvad f\u00e5r du ud af en fotograf bootcamp i Spanien og hvilken er den rigtige for dig? - Anja Ekstr\u00f8m Creative\",\"isPartOf\":{\"@id\":\"https:\/\/anjaekstroem.dk\/#website\"},\"primaryImageOfPage\":{\"@id\":\"https:\/\/anjaekstroem.dk\/hvad-faar-du-ud-af-en-fotograf-bootcamp-i-spanien-og-hvilken-er-den-rigtige-for-dig\/#primaryimage\"},\"image\":{\"@id\":\"https:\/\/anjaekstroem.dk\/hvad-faar-du-ud-af-en-fotograf-bootcamp-i-spanien-og-hvilken-er-den-rigtige-for-dig\/#primaryimage\"},\"thumbnailUrl\":\"https:\/\/anjaekstroem.dk\/wp-content\/uploads\/2025\/06\/Billede-16.11.2022-17.13.02-scaled.jpg\",\"datePublished\":\"2025-09-13T16:22:58+00:00\",\"dateModified\":\"2025-09-13T16:24:19+00:00\",\"description\":\"Hvad f\u00e5r du ud af en fotograf bootcamp i Spanien og hvilken er den rigtige for dig? Er du mest til 5 intense dage eller den p\u00e5 8 dage?\",\"breadcrumb\":{\"@id\":\"https:\/\/anjaekstroem.dk\/hvad-faar-du-ud-af-en-fotograf-bootcamp-i-spanien-og-hvilken-er-den-rigtige-for-dig\/#breadcrumb\"},\"inLanguage\":\"es\",\"potentialAction\":[{\"@type\":\"ReadAction\",\"target\":[\"https:\/\/anjaekstroem.dk\/hvad-faar-du-ud-af-en-fotograf-bootcamp-i-spanien-og-hvilken-er-den-rigtige-for-dig\/\"]}]},{\"@type\":\"ImageObject\",\"inLanguage\":\"es\",\"@id\":\"https:\/\/anjaekstroem.dk\/hvad-faar-du-ud-af-en-fotograf-bootcamp-i-spanien-og-hvilken-er-den-rigtige-for-dig\/#primaryimage\",\"url\":\"https:\/\/anjaekstroem.dk\/wp-content\/uploads\/2025\/06\/Billede-16.11.2022-17.13.02-scaled.jpg\",\"contentUrl\":\"https:\/\/anjaekstroem.dk\/wp-content\/uploads\/2025\/06\/Billede-16.11.2022-17.13.02-scaled.jpg\",\"width\":2560,\"height\":1920,\"caption\":\"fotograf workshop med Anja Ekstr\u00f8m\"},{\"@type\":\"BreadcrumbList\",\"@id\":\"https:\/\/anjaekstroem.dk\/hvad-faar-du-ud-af-en-fotograf-bootcamp-i-spanien-og-hvilken-er-den-rigtige-for-dig\/#breadcrumb\",\"itemListElement\":[{\"@type\":\"ListItem\",\"position\":1,\"name\":\"Hjem\",\"item\":\"https:\/\/anjaekstroem.dk\/\"},{\"@type\":\"ListItem\",\"position\":2,\"name\":\"Hvad f\u00e5r du ud af en fotograf bootcamp i Spanien og hvilken er den rigtige for dig?\"}]},{\"@type\":\"WebSite\",\"@id\":\"https:\/\/anjaekstroem.dk\/#website\",\"url\":\"https:\/\/anjaekstroem.dk\/\",\"name\":\"Anja Ekstr\u00f8m Creative\",\"description\":\"Fotograf med sj\u00e6l\",\"publisher\":{\"@id\":\"https:\/\/anjaekstroem.dk\/#organization\"},\"potentialAction\":[{\"@type\":\"SearchAction\",\"target\":{\"@type\":\"EntryPoint\",\"urlTemplate\":\"https:\/\/anjaekstroem.dk\/?s={search_term_string}\"},\"query-input\":{\"@type\":\"PropertyValueSpecification\",\"valueRequired\":true,\"valueName\":\"search_term_string\"}}],\"inLanguage\":\"es\"},{\"@type\":\"Organization\",\"@id\":\"https:\/\/anjaekstroem.dk\/#organization\",\"name\":\"Anja Ekstr\u00f8m Creative\",\"url\":\"https:\/\/anjaekstroem.dk\/\",\"logo\":{\"@type\":\"ImageObject\",\"inLanguage\":\"es\",\"@id\":\"https:\/\/anjaekstroem.dk\/#\/schema\/logo\/image\/\",\"url\":\"https:\/\/anjaekstroem.dk\/wp-content\/uploads\/2021\/10\/AnjaEkstroem-03.png\",\"contentUrl\":\"https:\/\/anjaekstroem.dk\/wp-content\/uploads\/2021\/10\/AnjaEkstroem-03.png\",\"width\":2560,\"height\":662,\"caption\":\"Anja Ekstr\u00f8m Creative\"},\"image\":{\"@id\":\"https:\/\/anjaekstroem.dk\/#\/schema\/logo\/image\/\"}},{\"@type\":\"Person\",\"@id\":\"https:\/\/anjaekstroem.dk\/#\/schema\/person\/ae301236eee86c4cc45c9a0b9b018b26\",\"name\":\"Anja Ekstr\u00f8m\",\"url\":\"https:\/\/anjaekstroem.dk\/es\/author\/anja\/\"}]}<\/script>\n<!-- \/ Yoast SEO plugin. -->","yoast_head_json":{"title":"Hvad f\u00e5r du ud af en fotograf bootcamp i Spanien og hvilken er den rigtige for dig? - Anja Ekstr\u00f8m Creative","description":"Hvad f\u00e5r du ud af en fotograf bootcamp i Spanien og hvilken er den rigtige for dig? Er du mest til 5 intense dage eller den p\u00e5 8 dage?","robots":{"index":"index","follow":"follow","max-snippet":"max-snippet:-1","max-image-preview":"max-image-preview:large","max-video-preview":"max-video-preview:-1"},"canonical":"https:\/\/anjaekstroem.dk\/es\/que-obtienes-de-un-bootcamp-de-fotografia-en-espana-y-cual-es-el-adecuado-para-ti\/","og_locale":"es_ES","og_type":"article","og_title":"Hvad f\u00e5r du ud af en fotograf bootcamp i Spanien og hvilken er den rigtige for dig? - Anja Ekstr\u00f8m Creative","og_description":"Hvad f\u00e5r du ud af en fotograf bootcamp i Spanien og hvilken er den rigtige for dig? Er du mest til 5 intense dage eller den p\u00e5 8 dage?","og_url":"https:\/\/anjaekstroem.dk\/es\/que-obtienes-de-un-bootcamp-de-fotografia-en-espana-y-cual-es-el-adecuado-para-ti\/","og_site_name":"Anja Ekstr\u00f8m Creative","article_published_time":"2025-09-13T16:22:58+00:00","article_modified_time":"2025-09-13T16:24:19+00:00","og_image":[{"width":2560,"height":1920,"url":"https:\/\/anjaekstroem.dk\/wp-content\/uploads\/2025\/06\/Billede-16.11.2022-17.13.02-scaled.jpg","type":"image\/jpeg"}],"author":"Anja Ekstr\u00f8m","twitter_card":"summary_large_image","twitter_misc":{"Escrito por":"Anja Ekstr\u00f8m","Tiempo de lectura":"4 minutos"},"schema":{"@context":"https:\/\/schema.org","@graph":[{"@type":"Article","@id":"https:\/\/anjaekstroem.dk\/hvad-faar-du-ud-af-en-fotograf-bootcamp-i-spanien-og-hvilken-er-den-rigtige-for-dig\/#article","isPartOf":{"@id":"https:\/\/anjaekstroem.dk\/hvad-faar-du-ud-af-en-fotograf-bootcamp-i-spanien-og-hvilken-er-den-rigtige-for-dig\/"},"author":{"name":"Anja Ekstr\u00f8m","@id":"https:\/\/anjaekstroem.dk\/#\/schema\/person\/ae301236eee86c4cc45c9a0b9b018b26"},"headline":"Hvad f\u00e5r du ud af en fotograf bootcamp i Spanien og hvilken er den rigtige for dig?","datePublished":"2025-09-13T16:22:58+00:00","dateModified":"2025-09-13T16:24:19+00:00","mainEntityOfPage":{"@id":"https:\/\/anjaekstroem.dk\/hvad-faar-du-ud-af-en-fotograf-bootcamp-i-spanien-og-hvilken-er-den-rigtige-for-dig\/"},"wordCount":690,"publisher":{"@id":"https:\/\/anjaekstroem.dk\/#organization"},"image":{"@id":"https:\/\/anjaekstroem.dk\/hvad-faar-du-ud-af-en-fotograf-bootcamp-i-spanien-og-hvilken-er-den-rigtige-for-dig\/#primaryimage"},"thumbnailUrl":"https:\/\/anjaekstroem.dk\/wp-content\/uploads\/2025\/06\/Billede-16.11.2022-17.13.02-scaled.jpg","articleSection":["Uncategorized"],"inLanguage":"es"},{"@type":"WebPage","@id":"https:\/\/anjaekstroem.dk\/hvad-faar-du-ud-af-en-fotograf-bootcamp-i-spanien-og-hvilken-er-den-rigtige-for-dig\/","url":"https:\/\/anjaekstroem.dk\/hvad-faar-du-ud-af-en-fotograf-bootcamp-i-spanien-og-hvilken-er-den-rigtige-for-dig\/","name":"Hvad f\u00e5r du ud af en fotograf bootcamp i Spanien og hvilken er den rigtige for dig? - Anja Ekstr\u00f8m Creative","isPartOf":{"@id":"https:\/\/anjaekstroem.dk\/#website"},"primaryImageOfPage":{"@id":"https:\/\/anjaekstroem.dk\/hvad-faar-du-ud-af-en-fotograf-bootcamp-i-spanien-og-hvilken-er-den-rigtige-for-dig\/#primaryimage"},"image":{"@id":"https:\/\/anjaekstroem.dk\/hvad-faar-du-ud-af-en-fotograf-bootcamp-i-spanien-og-hvilken-er-den-rigtige-for-dig\/#primaryimage"},"thumbnailUrl":"https:\/\/anjaekstroem.dk\/wp-content\/uploads\/2025\/06\/Billede-16.11.2022-17.13.02-scaled.jpg","datePublished":"2025-09-13T16:22:58+00:00","dateModified":"2025-09-13T16:24:19+00:00","description":"Hvad f\u00e5r du ud af en fotograf bootcamp i Spanien og hvilken er den rigtige for dig? Er du mest til 5 intense dage eller den p\u00e5 8 dage?","breadcrumb":{"@id":"https:\/\/anjaekstroem.dk\/hvad-faar-du-ud-af-en-fotograf-bootcamp-i-spanien-og-hvilken-er-den-rigtige-for-dig\/#breadcrumb"},"inLanguage":"es","potentialAction":[{"@type":"ReadAction","target":["https:\/\/anjaekstroem.dk\/hvad-faar-du-ud-af-en-fotograf-bootcamp-i-spanien-og-hvilken-er-den-rigtige-for-dig\/"]}]},{"@type":"ImageObject","inLanguage":"es","@id":"https:\/\/anjaekstroem.dk\/hvad-faar-du-ud-af-en-fotograf-bootcamp-i-spanien-og-hvilken-er-den-rigtige-for-dig\/#primaryimage","url":"https:\/\/anjaekstroem.dk\/wp-content\/uploads\/2025\/06\/Billede-16.11.2022-17.13.02-scaled.jpg","contentUrl":"https:\/\/anjaekstroem.dk\/wp-content\/uploads\/2025\/06\/Billede-16.11.2022-17.13.02-scaled.jpg","width":2560,"height":1920,"caption":"fotograf workshop med Anja Ekstr\u00f8m"},{"@type":"BreadcrumbList","@id":"https:\/\/anjaekstroem.dk\/hvad-faar-du-ud-af-en-fotograf-bootcamp-i-spanien-og-hvilken-er-den-rigtige-for-dig\/#breadcrumb","itemListElement":[{"@type":"ListItem","position":1,"name":"Hjem","item":"https:\/\/anjaekstroem.dk\/"},{"@type":"ListItem","position":2,"name":"Hvad f\u00e5r du ud af en fotograf bootcamp i Spanien og hvilken er den rigtige for dig?"}]},{"@type":"WebSite","@id":"https:\/\/anjaekstroem.dk\/#website","url":"https:\/\/anjaekstroem.dk\/","name":"Anja Ekstr\u00f8m Creative","description":"Fotograf med sj\u00e6l","publisher":{"@id":"https:\/\/anjaekstroem.dk\/#organization"},"potentialAction":[{"@type":"SearchAction","target":{"@type":"EntryPoint","urlTemplate":"https:\/\/anjaekstroem.dk\/?s={search_term_string}"},"query-input":{"@type":"PropertyValueSpecification","valueRequired":true,"valueName":"search_term_string"}}],"inLanguage":"es"},{"@type":"Organization","@id":"https:\/\/anjaekstroem.dk\/#organization","name":"Anja Ekstr\u00f8m Creative","url":"https:\/\/anjaekstroem.dk\/","logo":{"@type":"ImageObject","inLanguage":"es","@id":"https:\/\/anjaekstroem.dk\/#\/schema\/logo\/image\/","url":"https:\/\/anjaekstroem.dk\/wp-content\/uploads\/2021\/10\/AnjaEkstroem-03.png","contentUrl":"https:\/\/anjaekstroem.dk\/wp-content\/uploads\/2021\/10\/AnjaEkstroem-03.png","width":2560,"height":662,"caption":"Anja Ekstr\u00f8m Creative"},"image":{"@id":"https:\/\/anjaekstroem.dk\/#\/schema\/logo\/image\/"}},{"@type":"Person","@id":"https:\/\/anjaekstroem.dk\/#\/schema\/person\/ae301236eee86c4cc45c9a0b9b018b26","name":"Anja Ekstr\u00f8m","url":"https:\/\/anjaekstroem.dk\/es\/author\/anja\/"}]}},"_links":{"self":[{"href":"https:\/\/anjaekstroem.dk\/es\/wp-json\/wp\/v2\/posts\/12282","targetHints":{"allow":["GET"]}}],"collection":[{"href":"https:\/\/anjaekstroem.dk\/es\/wp-json\/wp\/v2\/posts"}],"about":[{"href":"https:\/\/anjaekstroem.dk\/es\/wp-json\/wp\/v2\/types\/post"}],"author":[{"embeddable":true,"href":"https:\/\/anjaekstroem.dk\/es\/wp-json\/wp\/v2\/users\/3"}],"replies":[{"embeddable":true,"href":"https:\/\/anjaekstroem.dk\/es\/wp-json\/wp\/v2\/comments?post=12282"}],"version-history":[{"count":1,"href":"https:\/\/anjaekstroem.dk\/es\/wp-json\/wp\/v2\/posts\/12282\/revisions"}],"predecessor-version":[{"id":12283,"href":"https:\/\/anjaekstroem.dk\/es\/wp-json\/wp\/v2\/posts\/12282\/revisions\/12283"}],"wp:featuredmedia":[{"embeddable":true,"href":"https:\/\/anjaekstroem.dk\/es\/wp-json\/wp\/v2\/media\/12145"}],"wp:attachment":[{"href":"https:\/\/anjaekstroem.dk\/es\/wp-json\/wp\/v2\/media?parent=12282"}],"wp:term":[{"taxonomy":"category","embeddable":true,"href":"https:\/\/anjaekstroem.dk\/es\/wp-json\/wp\/v2\/categories?post=12282"},{"taxonomy":"post_tag","embeddable":true,"href":"https:\/\/anjaekstroem.dk\/es\/wp-json\/wp\/v2\/tags?post=12282"}],"curies":[{"name":"wp","href":"https:\/\/api.w.org\/{rel}","templated":true}]}}