{"id":11623,"date":"2025-03-09T18:59:15","date_gmt":"2025-03-09T16:59:15","guid":{"rendered":"https:\/\/anjaekstroem.dk\/?p=11623"},"modified":"2025-03-10T00:54:47","modified_gmt":"2025-03-09T22:54:47","slug":"fotografi-bootcamp-i-spanien-intensiv-laering-paa-en-forlaenget-weekend","status":"publish","type":"post","link":"https:\/\/anjaekstroem.dk\/es\/bootcamp-de-fotografia-en-espana-aprendizaje-intensivo-en-un-fin-de-semana-prolongado\/","title":{"rendered":"Bootcamp de fotograf\u00eda en Espa\u00f1a: aprendizaje intensivo durante un fin de semana prolongado"},"content":{"rendered":"<p><strong>Bootcamp de fotograf\u00eda en Espa\u00f1a: aprendizaje intensivo durante un fin de semana prolongado:<\/strong><\/p><p>Siempre me ha gustado sumergirme en la fotograf\u00eda. Desarrollar mis habilidades, jugar con la luz, encontrar nuevos \u00e1ngulos y descubrir c\u00f3mo todo encaja. Pero hay algo que siempre me ha impedido realizar talleres de fotograf\u00eda m\u00e1s largos es el tiempo y el dinero.<\/p><p>Porque seamos realistas: no siempre es f\u00e1cil sacar una semana entera de tu calendario, especialmente si tienes una familia, un trabajo y todo lo que conlleva la vida adulta. Tambi\u00e9n puede parecer una gran p\u00e9rdida financiera tener que deshacerse de todo de una vez.<\/p><p>Cuando cre\u00e9 <strong>Cap\u00edtulos del campamento de entrenamiento<\/strong>, fue con un pensamiento importante en mente: <strong>C\u00f3mo desarrollarse como fot\u00f3grafo sin tener que tomarse una semana entera de descanso de la familia y el trabajo<\/strong> ? \u00bfY al mismo tiempo ser econ\u00f3micamente accesible para m\u00e1s personas?<\/p><p>S\u00e9 que muchas personas sue\u00f1an con asistir a talleres de fotograf\u00eda, pero puede ser dif\u00edcil incorporarlo a la vida cotidiana, tanto en t\u00e9rminos de tiempo como de finanzas. Por eso he desarrollado <strong>Cap\u00edtulos del campamento de entrenamiento<\/strong>, para que puedas armar tu propio recorrido de aprendizaje, <strong>un cap\u00edtulo a la vez<\/strong>, en un marco f\u00e1cil de entender.<\/p><h4 class=\"wp-block-heading\"><strong>Aprendizaje de fotograf\u00eda en cap\u00edtulos f\u00e1ciles de entender<\/strong><\/h4><p>Los cap\u00edtulos del Bootcamp est\u00e1n compuestos por: <strong>Talleres cortos e intensivos de viernes a lunes<\/strong>. T\u00fa eliges en qu\u00e9 cap\u00edtulos de Bootcamp quieres participar, dependiendo de lo que quieras aprender y en qu\u00e9 orden.<\/p><p>\u00bfQuiz\u00e1s tienes curiosidad por trabajar con la luz en entornos naturales? \u00bfO quieres profundizar en c\u00f3mo dise\u00f1ar y planificar una sesi\u00f3n de fotos de principio a fin? <strong>Puedes tomar un cap\u00edtulo a la vez: depende totalmente de ti el orden en que quieras hacerlo.<\/strong><\/p><p>Esta flexibilidad hace que sea m\u00e1s f\u00e1cil <strong>Equilibra tu pasi\u00f3n con la vida familiar y laboral<\/strong>, aunque es econ\u00f3micamente m\u00e1s asequible ahorrar para un taller a la vez.<\/p><h4 class=\"wp-block-heading\"><strong>Desarrolla tu yo y tu fotograf\u00eda sin poner la vida en pausa<\/strong><\/h4><p>Bootcamp Chapters est\u00e1 dise\u00f1ado para permitirle: <strong>Sum\u00e9rgete en tu desarrollo fotogr\u00e1fico sin tener que poner el resto de tu vida en pausa<\/strong>. Es mucho m\u00e1s f\u00e1cil tomarse un fin de semana largo que una semana entera, y volver\u00e1s a casa lleno de nuevos conocimientos e inspiraci\u00f3n, sin sentir que has estado fuera demasiado tiempo.<\/p><p>He experimentado de primera mano lo dif\u00edcil que puede ser encontrar tiempo para talleres m\u00e1s largos y s\u00e9 que muchos enfrentan el mismo desaf\u00edo. Por eso para m\u00ed es importante crear un formato en el que puedas... <strong>Construye tu propio viaje, t\u00f3mate un descanso si te conviene y regresa cuando est\u00e9s listo para el siguiente paso.<\/strong>.<\/p><p>Por mi parte, creo que es una gran diferencia saber que puedo irme, sumergirme en mi fotograf\u00eda y volver a la vida cotidiana r\u00e1pidamente despu\u00e9s, sin esa sensaci\u00f3n de haber creado un caos en casa o de estar realmente atrasado en el trabajo.<\/p><h4 class=\"wp-block-heading\"><strong>Un viaje personal que se desarrolla a tu propio ritmo.<\/strong><\/h4><p>Lo mejor de Bootcamp Chapters es que puedes <strong>No es necesario tomar todo de una vez<\/strong>. Puedes tomar un descanso despu\u00e9s de un cap\u00edtulo si la vida lo requiere, y luego regresar cuando se ajuste nuevamente a tu agenda. Puedes adaptar tu aprendizaje en funci\u00f3n de tu nivel e intereses, y <strong>creciendo al ritmo que se siente correcto<\/strong>.<\/p><p>Esto significa que puedes permitir que la fotograf\u00eda sea tu pasi\u00f3n y no algo que se pueda meter a la fuerza en un calendario ya completo. Puedes ir, aprender cosas nuevas, conocer gente inspiradora y dar el siguiente paso cuando est\u00e9s listo.<\/p><p>Si has estado considerando tomar un taller de fotograf\u00eda, pero has tenido dudas sobre el tiempo y las finanzas, entonces <strong>Bootcamp Chapters es realmente una forma brillante de hacerlo sin tener que hacer concesiones.<\/strong>. Se trata de aprender y desarrollarse seg\u00fan tus propias condiciones, y eso es exactamente lo que me encanta.<\/p><h4 class=\"wp-block-heading\">Los 5 cap\u00edtulos del Bootcamp de fotograf\u00eda:<\/h4><p><strong>Cap\u00edtulos del Bootcamp \u2013 Dominando la Luz: <\/strong><\/p><p>La luz es tu herramienta m\u00e1s importante como fot\u00f3grafo, pero \u00bfpuedes controlarla? En este cap\u00edtulo aprender\u00e1 c\u00f3mo modelar la luz y utilizar la luz solar para obtener hermosas im\u00e1genes independientemente de las condiciones clim\u00e1ticas.<\/p><p>Puedes &quot;traducir&quot; este nuevo conocimiento a tu propia fotograf\u00eda, porque una vez que entiendes la estructura de la luz\/uso de la luz solar, puedes crear la luz perfecta cada vez y realmente aprovechar las oportunidades que tienes.<\/p><p><strong>Cap\u00edtulos del Bootcamp \u2013 Trabajando con modelos:<\/strong><\/p><p>\u00a1Una vez que domines la luz, el siguiente paso es dominar la comunicaci\u00f3n con\/hacia tus modelos! Este cap\u00edtulo del Bootcamp trata de crear una experiencia segura e inspiradora para la persona que est\u00e1s fotografiando. Esto se aplica independientemente de si son modelos profesionales o personas comunes en una situaci\u00f3n de retrato.<\/p><p><strong>Cap\u00edtulos del Bootcamp: c\u00f3mo encontrar la ubicaci\u00f3n perfecta:<\/strong><\/p><p>\u00a1La ubicaci\u00f3n correcta puede convertir una buena foto en una excelente! \u00bfPero qu\u00e9 hacer si no conoces la zona? Aprende a ver las oportunidades que te rodean: el mejor lugar puede estar a la vuelta de la esquina, si sabes qu\u00e9 buscar.<\/p><p><strong>Cap\u00edtulos del Bootcamp \u2013 Estilismo para sesiones fotogr\u00e1ficas:<\/strong><\/p><p>El estilo puede marcar una gran diferencia en tu imagen, pero \u00bfc\u00f3mo lograr el estilo perfecto que respalde tu visi\u00f3n y cuente tu historia? Los colores y la textura \u2013e incluso el g\u00e9nero y el ambiente\u2013 juegan un papel importante en tus fotograf\u00edas. Cuentan la historia general y establecen la agenda de tu serie.<\/p><p><strong>Cap\u00edtulos del Bootcamp: peque\u00f1as sesiones fotogr\u00e1ficas vs. grandes producciones:<\/strong><\/p><p>\u00bfC\u00f3mo se planifica un rodaje? \u00bfDebe ser una sesi\u00f3n r\u00e1pida y espont\u00e1nea o una gran producci\u00f3n bien planificada con grandes vestidos, mood boards, modelos profesionales y ubicaciones impresionantes? <\/p><h5 class=\"wp-block-heading\"><strong>TODO esto y mucho m\u00e1s lo puedes encontrar en Bootcamp Chapters \u2013 T\u00da eliges qu\u00e9 \u201cperlas\u201d quieres en la cadena y creas tu propio viaje fotogr\u00e1fico \u2013 yo soy tu compa\u00f1era en todo momento.<\/strong><\/h5><p>Adem\u00e1s de todo lo que he descrito anteriormente, hay MUCHAS cosas adicionales que var\u00edan de un equipo a otro. Las fant\u00e1sticas conversaciones en la mesa que pueden abarcar todo, desde el cielo hasta la tierra, los momentos acogedores con una bebida y una cena, los momentos m\u00e1gicos en los que todos nos ayudamos en las sesiones para conseguir los mejores resultados. Unidad, creatividad y comodidad en Espa\u00f1a<\/p><h4 class=\"wp-block-heading\"><strong>\u00bfPor qu\u00e9 realizar Bootcamp Chapters en Espa\u00f1a?<\/strong><\/h4><p>En Espa\u00f1a, el clima no suele ser un obst\u00e1culo sino m\u00e1s bien una gran ventaja para poder rodar. Las hermosas ubicaciones y colores\/plantas hacen que nuestras fotos sean m\u00e1gicas y rebosen calidad.<\/p><p>Por supuesto, puede llover o estar gris con nubes pesadas, y si eso sucede, lo llevaremos con nosotros: puedes crear magia f\u00e1cilmente en un d\u00eda gris. Si hay que esperar, haremos otra cosa ese d\u00eda.<\/p><p>Sentir\u00e1s r\u00e1pidamente la magia de Espa\u00f1a, lo que autom\u00e1ticamente har\u00e1 que tus hombros caigan en su lugar cuando aterrices bajo el sol, las palmeras y el sabor de las vacaciones.<\/p><p>Viva un fant\u00e1stico fin de semana largo: si desea saber m\u00e1s, env\u00edeme un mensaje de texto al +45 25157676 y le enviar\u00e9 informaci\u00f3n sin ning\u00fan compromiso.<\/p><p>Gracias por leer: \u201cCampamento de fotograf\u00eda en Espa\u00f1a: aprendizaje intensivo en un fin de semana prolongado\u201d<\/p><h4 class=\"wp-block-heading\">Pssssst\u2026.<strong>No te preocupes...<\/strong><\/h4><p>Si te gusta m\u00e1s mi Bootcamp de fotograf\u00eda tradicional, donde reunimos a todos los cap\u00edtulos durante 8 d\u00edas m\u00e1gicos, no te preocupes, no va a desaparecer; de hecho, habr\u00e1 uno nuevamente este oto\u00f1o. Ver mucho m\u00e1s <a href=\"https:\/\/anjaekstroem.dk\/es\/bootcamp\/bootcamp-de-fotografos-en-espana-octubre-2025\/\">AQU\u00cd<\/a><\/p><p>Descubre mucho m\u00e1s sobre todos mis cursos tanto en Espa\u00f1a como en Dinamarca <a href=\"https:\/\/anjaekstroem.dk\/es\/academia\/\">AQU\u00cd<\/a><\/p><h2 class=\"wp-block-heading\"><a href=\"http:\/\/www.instagram.com\/anjaekstroemacademy\"><strong>S\u00cdGUENOS EN INSTAGRAM<\/strong><\/a><\/h2>","protected":false},"excerpt":{"rendered":"<p>Bootcamp de fotograf\u00eda en Espa\u00f1a: aprendizaje intensivo durante un fin de semana largo: Siempre me ha gustado sumergirme en la fotograf\u00eda. Desarrollar mis habilidades, jugar con la luz, encontrar nuevos \u00e1ngulos y descubrir c\u00f3mo todo encaja. Pero una cosa que siempre me ha frenado un poco a la hora de realizar talleres de fotograf\u00eda m\u00e1s largos es el tiempo [\u2026]<\/p>","protected":false},"author":3,"featured_media":11587,"comment_status":"closed","ping_status":"closed","sticky":false,"template":"","format":"standard","meta":{"_acf_changed":false,"iawp_total_views":135,"footnotes":""},"categories":[37,132,1],"tags":[],"class_list":["post-11623","post","type-post","status-publish","format-standard","has-post-thumbnail","hentry","category-academy","category-bootcamp-chapters","category-uncategorized"],"acf":[],"yoast_head":"<!-- This site is optimized with the Yoast SEO plugin v23.5 - https:\/\/yoast.com\/wordpress\/plugins\/seo\/ -->\n<title>Fotografi Bootcamp i Spanien: Intensiv l\u00e6ring p\u00e5 en forl\u00e6nget weekend - Anja Ekstr\u00f8m Creative<\/title>\n<meta name=\"description\" content=\"Fotografi Bootcamp i Spanien: Intensiv l\u00e6ring p\u00e5 en forl\u00e6nget weekend. Kan man udvikle sig som fotograf uden at tage en uge fri fra hverdagen?\" \/>\n<meta name=\"robots\" content=\"index, follow, max-snippet:-1, max-image-preview:large, max-video-preview:-1\" \/>\n<link rel=\"canonical\" href=\"https:\/\/anjaekstroem.dk\/es\/bootcamp-de-fotografia-en-espana-aprendizaje-intensivo-en-un-fin-de-semana-prolongado\/\" \/>\n<meta property=\"og:locale\" content=\"es_ES\" \/>\n<meta property=\"og:type\" content=\"article\" \/>\n<meta property=\"og:title\" content=\"Fotografi Bootcamp i Spanien: Intensiv l\u00e6ring p\u00e5 en forl\u00e6nget weekend\" \/>\n<meta property=\"og:description\" content=\"Fotografi Bootcamp i Spanien: Intensiv l\u00e6ring p\u00e5 en forl\u00e6nget weekend. Kan man udvikle sig som fotograf uden at tage en uge fri fra hverdagen?\" \/>\n<meta property=\"og:url\" content=\"https:\/\/anjaekstroem.dk\/es\/bootcamp-de-fotografia-en-espana-aprendizaje-intensivo-en-un-fin-de-semana-prolongado\/\" \/>\n<meta property=\"og:site_name\" content=\"Anja Ekstr\u00f8m Creative\" \/>\n<meta property=\"article:published_time\" content=\"2025-03-09T16:59:15+00:00\" \/>\n<meta property=\"article:modified_time\" content=\"2025-03-09T22:54:47+00:00\" \/>\n<meta property=\"og:image\" content=\"https:\/\/anjaekstroem.dk\/wp-content\/uploads\/2025\/03\/20240628-20240416-_DSC0273.jpg\" \/>\n\t<meta property=\"og:image:width\" content=\"1333\" \/>\n\t<meta property=\"og:image:height\" content=\"2000\" \/>\n\t<meta property=\"og:image:type\" content=\"image\/jpeg\" \/>\n<meta name=\"author\" content=\"Anja Ekstr\u00f8m\" \/>\n<meta name=\"twitter:card\" content=\"summary_large_image\" \/>\n<meta name=\"twitter:label1\" content=\"Escrito por\" \/>\n\t<meta name=\"twitter:data1\" content=\"Anja Ekstr\u00f8m\" \/>\n\t<meta name=\"twitter:label2\" content=\"Tiempo de lectura\" \/>\n\t<meta name=\"twitter:data2\" content=\"7 minutos\" \/>\n<script type=\"application\/ld+json\" class=\"yoast-schema-graph\">{\"@context\":\"https:\/\/schema.org\",\"@graph\":[{\"@type\":\"Article\",\"@id\":\"https:\/\/anjaekstroem.dk\/fotografi-bootcamp-i-spanien-intensiv-laering-paa-en-forlaenget-weekend\/#article\",\"isPartOf\":{\"@id\":\"https:\/\/anjaekstroem.dk\/fotografi-bootcamp-i-spanien-intensiv-laering-paa-en-forlaenget-weekend\/\"},\"author\":{\"name\":\"Anja Ekstr\u00f8m\",\"@id\":\"https:\/\/anjaekstroem.dk\/#\/schema\/person\/ae301236eee86c4cc45c9a0b9b018b26\"},\"headline\":\"Fotografi Bootcamp i Spanien: Intensiv l\u00e6ring p\u00e5 en forl\u00e6nget weekend\",\"datePublished\":\"2025-03-09T16:59:15+00:00\",\"dateModified\":\"2025-03-09T22:54:47+00:00\",\"mainEntityOfPage\":{\"@id\":\"https:\/\/anjaekstroem.dk\/fotografi-bootcamp-i-spanien-intensiv-laering-paa-en-forlaenget-weekend\/\"},\"wordCount\":1370,\"publisher\":{\"@id\":\"https:\/\/anjaekstroem.dk\/#organization\"},\"image\":{\"@id\":\"https:\/\/anjaekstroem.dk\/fotografi-bootcamp-i-spanien-intensiv-laering-paa-en-forlaenget-weekend\/#primaryimage\"},\"thumbnailUrl\":\"https:\/\/anjaekstroem.dk\/wp-content\/uploads\/2025\/03\/20240605-20240416-_DSC9801.jpg\",\"articleSection\":[\"Academy\",\"Bootcamp Chapters\",\"Uncategorized\"],\"inLanguage\":\"es\"},{\"@type\":\"WebPage\",\"@id\":\"https:\/\/anjaekstroem.dk\/fotografi-bootcamp-i-spanien-intensiv-laering-paa-en-forlaenget-weekend\/\",\"url\":\"https:\/\/anjaekstroem.dk\/fotografi-bootcamp-i-spanien-intensiv-laering-paa-en-forlaenget-weekend\/\",\"name\":\"Fotografi Bootcamp i Spanien: Intensiv l\u00e6ring p\u00e5 en forl\u00e6nget weekend - Anja Ekstr\u00f8m Creative\",\"isPartOf\":{\"@id\":\"https:\/\/anjaekstroem.dk\/#website\"},\"primaryImageOfPage\":{\"@id\":\"https:\/\/anjaekstroem.dk\/fotografi-bootcamp-i-spanien-intensiv-laering-paa-en-forlaenget-weekend\/#primaryimage\"},\"image\":{\"@id\":\"https:\/\/anjaekstroem.dk\/fotografi-bootcamp-i-spanien-intensiv-laering-paa-en-forlaenget-weekend\/#primaryimage\"},\"thumbnailUrl\":\"https:\/\/anjaekstroem.dk\/wp-content\/uploads\/2025\/03\/20240605-20240416-_DSC9801.jpg\",\"datePublished\":\"2025-03-09T16:59:15+00:00\",\"dateModified\":\"2025-03-09T22:54:47+00:00\",\"description\":\"Fotografi Bootcamp i Spanien: Intensiv l\u00e6ring p\u00e5 en forl\u00e6nget weekend. Kan man udvikle sig som fotograf uden at tage en uge fri fra hverdagen?\",\"breadcrumb\":{\"@id\":\"https:\/\/anjaekstroem.dk\/fotografi-bootcamp-i-spanien-intensiv-laering-paa-en-forlaenget-weekend\/#breadcrumb\"},\"inLanguage\":\"es\",\"potentialAction\":[{\"@type\":\"ReadAction\",\"target\":[\"https:\/\/anjaekstroem.dk\/fotografi-bootcamp-i-spanien-intensiv-laering-paa-en-forlaenget-weekend\/\"]}]},{\"@type\":\"ImageObject\",\"inLanguage\":\"es\",\"@id\":\"https:\/\/anjaekstroem.dk\/fotografi-bootcamp-i-spanien-intensiv-laering-paa-en-forlaenget-weekend\/#primaryimage\",\"url\":\"https:\/\/anjaekstroem.dk\/wp-content\/uploads\/2025\/03\/20240605-20240416-_DSC9801.jpg\",\"contentUrl\":\"https:\/\/anjaekstroem.dk\/wp-content\/uploads\/2025\/03\/20240605-20240416-_DSC9801.jpg\",\"width\":2048,\"height\":1365,\"caption\":\"Bootcamp Chapters workshop i spanien med fotograf Anja Ekstr\u00f8m\"},{\"@type\":\"BreadcrumbList\",\"@id\":\"https:\/\/anjaekstroem.dk\/fotografi-bootcamp-i-spanien-intensiv-laering-paa-en-forlaenget-weekend\/#breadcrumb\",\"itemListElement\":[{\"@type\":\"ListItem\",\"position\":1,\"name\":\"Hjem\",\"item\":\"https:\/\/anjaekstroem.dk\/\"},{\"@type\":\"ListItem\",\"position\":2,\"name\":\"Fotografi Bootcamp i Spanien: Intensiv l\u00e6ring p\u00e5 en forl\u00e6nget weekend\"}]},{\"@type\":\"WebSite\",\"@id\":\"https:\/\/anjaekstroem.dk\/#website\",\"url\":\"https:\/\/anjaekstroem.dk\/\",\"name\":\"Anja Ekstr\u00f8m Creative\",\"description\":\"Fotograf med sj\u00e6l\",\"publisher\":{\"@id\":\"https:\/\/anjaekstroem.dk\/#organization\"},\"potentialAction\":[{\"@type\":\"SearchAction\",\"target\":{\"@type\":\"EntryPoint\",\"urlTemplate\":\"https:\/\/anjaekstroem.dk\/?s={search_term_string}\"},\"query-input\":{\"@type\":\"PropertyValueSpecification\",\"valueRequired\":true,\"valueName\":\"search_term_string\"}}],\"inLanguage\":\"es\"},{\"@type\":\"Organization\",\"@id\":\"https:\/\/anjaekstroem.dk\/#organization\",\"name\":\"Anja Ekstr\u00f8m Creative\",\"url\":\"https:\/\/anjaekstroem.dk\/\",\"logo\":{\"@type\":\"ImageObject\",\"inLanguage\":\"es\",\"@id\":\"https:\/\/anjaekstroem.dk\/#\/schema\/logo\/image\/\",\"url\":\"https:\/\/anjaekstroem.dk\/wp-content\/uploads\/2021\/10\/AnjaEkstroem-03.png\",\"contentUrl\":\"https:\/\/anjaekstroem.dk\/wp-content\/uploads\/2021\/10\/AnjaEkstroem-03.png\",\"width\":2560,\"height\":662,\"caption\":\"Anja Ekstr\u00f8m Creative\"},\"image\":{\"@id\":\"https:\/\/anjaekstroem.dk\/#\/schema\/logo\/image\/\"}},{\"@type\":\"Person\",\"@id\":\"https:\/\/anjaekstroem.dk\/#\/schema\/person\/ae301236eee86c4cc45c9a0b9b018b26\",\"name\":\"Anja Ekstr\u00f8m\",\"url\":\"https:\/\/anjaekstroem.dk\/es\/author\/anja\/\"}]}<\/script>\n<!-- \/ Yoast SEO plugin. -->","yoast_head_json":{"title":"Fotografi Bootcamp i Spanien: Intensiv l\u00e6ring p\u00e5 en forl\u00e6nget weekend - Anja Ekstr\u00f8m Creative","description":"Fotografi Bootcamp i Spanien: Intensiv l\u00e6ring p\u00e5 en forl\u00e6nget weekend. Kan man udvikle sig som fotograf uden at tage en uge fri fra hverdagen?","robots":{"index":"index","follow":"follow","max-snippet":"max-snippet:-1","max-image-preview":"max-image-preview:large","max-video-preview":"max-video-preview:-1"},"canonical":"https:\/\/anjaekstroem.dk\/es\/bootcamp-de-fotografia-en-espana-aprendizaje-intensivo-en-un-fin-de-semana-prolongado\/","og_locale":"es_ES","og_type":"article","og_title":"Fotografi Bootcamp i Spanien: Intensiv l\u00e6ring p\u00e5 en forl\u00e6nget weekend","og_description":"Fotografi Bootcamp i Spanien: Intensiv l\u00e6ring p\u00e5 en forl\u00e6nget weekend. Kan man udvikle sig som fotograf uden at tage en uge fri fra hverdagen?","og_url":"https:\/\/anjaekstroem.dk\/es\/bootcamp-de-fotografia-en-espana-aprendizaje-intensivo-en-un-fin-de-semana-prolongado\/","og_site_name":"Anja Ekstr\u00f8m Creative","article_published_time":"2025-03-09T16:59:15+00:00","article_modified_time":"2025-03-09T22:54:47+00:00","og_image":[{"width":1333,"height":2000,"url":"https:\/\/anjaekstroem.dk\/wp-content\/uploads\/2025\/03\/20240628-20240416-_DSC0273.jpg","type":"image\/jpeg"}],"author":"Anja Ekstr\u00f8m","twitter_card":"summary_large_image","twitter_misc":{"Escrito por":"Anja Ekstr\u00f8m","Tiempo de lectura":"7 minutos"},"schema":{"@context":"https:\/\/schema.org","@graph":[{"@type":"Article","@id":"https:\/\/anjaekstroem.dk\/fotografi-bootcamp-i-spanien-intensiv-laering-paa-en-forlaenget-weekend\/#article","isPartOf":{"@id":"https:\/\/anjaekstroem.dk\/fotografi-bootcamp-i-spanien-intensiv-laering-paa-en-forlaenget-weekend\/"},"author":{"name":"Anja Ekstr\u00f8m","@id":"https:\/\/anjaekstroem.dk\/#\/schema\/person\/ae301236eee86c4cc45c9a0b9b018b26"},"headline":"Fotografi Bootcamp i Spanien: Intensiv l\u00e6ring p\u00e5 en forl\u00e6nget weekend","datePublished":"2025-03-09T16:59:15+00:00","dateModified":"2025-03-09T22:54:47+00:00","mainEntityOfPage":{"@id":"https:\/\/anjaekstroem.dk\/fotografi-bootcamp-i-spanien-intensiv-laering-paa-en-forlaenget-weekend\/"},"wordCount":1370,"publisher":{"@id":"https:\/\/anjaekstroem.dk\/#organization"},"image":{"@id":"https:\/\/anjaekstroem.dk\/fotografi-bootcamp-i-spanien-intensiv-laering-paa-en-forlaenget-weekend\/#primaryimage"},"thumbnailUrl":"https:\/\/anjaekstroem.dk\/wp-content\/uploads\/2025\/03\/20240605-20240416-_DSC9801.jpg","articleSection":["Academy","Bootcamp Chapters","Uncategorized"],"inLanguage":"es"},{"@type":"WebPage","@id":"https:\/\/anjaekstroem.dk\/fotografi-bootcamp-i-spanien-intensiv-laering-paa-en-forlaenget-weekend\/","url":"https:\/\/anjaekstroem.dk\/fotografi-bootcamp-i-spanien-intensiv-laering-paa-en-forlaenget-weekend\/","name":"Fotografi Bootcamp i Spanien: Intensiv l\u00e6ring p\u00e5 en forl\u00e6nget weekend - Anja Ekstr\u00f8m Creative","isPartOf":{"@id":"https:\/\/anjaekstroem.dk\/#website"},"primaryImageOfPage":{"@id":"https:\/\/anjaekstroem.dk\/fotografi-bootcamp-i-spanien-intensiv-laering-paa-en-forlaenget-weekend\/#primaryimage"},"image":{"@id":"https:\/\/anjaekstroem.dk\/fotografi-bootcamp-i-spanien-intensiv-laering-paa-en-forlaenget-weekend\/#primaryimage"},"thumbnailUrl":"https:\/\/anjaekstroem.dk\/wp-content\/uploads\/2025\/03\/20240605-20240416-_DSC9801.jpg","datePublished":"2025-03-09T16:59:15+00:00","dateModified":"2025-03-09T22:54:47+00:00","description":"Fotografi Bootcamp i Spanien: Intensiv l\u00e6ring p\u00e5 en forl\u00e6nget weekend. Kan man udvikle sig som fotograf uden at tage en uge fri fra hverdagen?","breadcrumb":{"@id":"https:\/\/anjaekstroem.dk\/fotografi-bootcamp-i-spanien-intensiv-laering-paa-en-forlaenget-weekend\/#breadcrumb"},"inLanguage":"es","potentialAction":[{"@type":"ReadAction","target":["https:\/\/anjaekstroem.dk\/fotografi-bootcamp-i-spanien-intensiv-laering-paa-en-forlaenget-weekend\/"]}]},{"@type":"ImageObject","inLanguage":"es","@id":"https:\/\/anjaekstroem.dk\/fotografi-bootcamp-i-spanien-intensiv-laering-paa-en-forlaenget-weekend\/#primaryimage","url":"https:\/\/anjaekstroem.dk\/wp-content\/uploads\/2025\/03\/20240605-20240416-_DSC9801.jpg","contentUrl":"https:\/\/anjaekstroem.dk\/wp-content\/uploads\/2025\/03\/20240605-20240416-_DSC9801.jpg","width":2048,"height":1365,"caption":"Bootcamp Chapters workshop i spanien med fotograf Anja Ekstr\u00f8m"},{"@type":"BreadcrumbList","@id":"https:\/\/anjaekstroem.dk\/fotografi-bootcamp-i-spanien-intensiv-laering-paa-en-forlaenget-weekend\/#breadcrumb","itemListElement":[{"@type":"ListItem","position":1,"name":"Hjem","item":"https:\/\/anjaekstroem.dk\/"},{"@type":"ListItem","position":2,"name":"Fotografi Bootcamp i Spanien: Intensiv l\u00e6ring p\u00e5 en forl\u00e6nget weekend"}]},{"@type":"WebSite","@id":"https:\/\/anjaekstroem.dk\/#website","url":"https:\/\/anjaekstroem.dk\/","name":"Anja Ekstr\u00f8m Creative","description":"Fotograf med sj\u00e6l","publisher":{"@id":"https:\/\/anjaekstroem.dk\/#organization"},"potentialAction":[{"@type":"SearchAction","target":{"@type":"EntryPoint","urlTemplate":"https:\/\/anjaekstroem.dk\/?s={search_term_string}"},"query-input":{"@type":"PropertyValueSpecification","valueRequired":true,"valueName":"search_term_string"}}],"inLanguage":"es"},{"@type":"Organization","@id":"https:\/\/anjaekstroem.dk\/#organization","name":"Anja Ekstr\u00f8m Creative","url":"https:\/\/anjaekstroem.dk\/","logo":{"@type":"ImageObject","inLanguage":"es","@id":"https:\/\/anjaekstroem.dk\/#\/schema\/logo\/image\/","url":"https:\/\/anjaekstroem.dk\/wp-content\/uploads\/2021\/10\/AnjaEkstroem-03.png","contentUrl":"https:\/\/anjaekstroem.dk\/wp-content\/uploads\/2021\/10\/AnjaEkstroem-03.png","width":2560,"height":662,"caption":"Anja Ekstr\u00f8m Creative"},"image":{"@id":"https:\/\/anjaekstroem.dk\/#\/schema\/logo\/image\/"}},{"@type":"Person","@id":"https:\/\/anjaekstroem.dk\/#\/schema\/person\/ae301236eee86c4cc45c9a0b9b018b26","name":"Anja Ekstr\u00f8m","url":"https:\/\/anjaekstroem.dk\/es\/author\/anja\/"}]}},"_links":{"self":[{"href":"https:\/\/anjaekstroem.dk\/es\/wp-json\/wp\/v2\/posts\/11623","targetHints":{"allow":["GET"]}}],"collection":[{"href":"https:\/\/anjaekstroem.dk\/es\/wp-json\/wp\/v2\/posts"}],"about":[{"href":"https:\/\/anjaekstroem.dk\/es\/wp-json\/wp\/v2\/types\/post"}],"author":[{"embeddable":true,"href":"https:\/\/anjaekstroem.dk\/es\/wp-json\/wp\/v2\/users\/3"}],"replies":[{"embeddable":true,"href":"https:\/\/anjaekstroem.dk\/es\/wp-json\/wp\/v2\/comments?post=11623"}],"version-history":[{"count":18,"href":"https:\/\/anjaekstroem.dk\/es\/wp-json\/wp\/v2\/posts\/11623\/revisions"}],"predecessor-version":[{"id":11650,"href":"https:\/\/anjaekstroem.dk\/es\/wp-json\/wp\/v2\/posts\/11623\/revisions\/11650"}],"wp:featuredmedia":[{"embeddable":true,"href":"https:\/\/anjaekstroem.dk\/es\/wp-json\/wp\/v2\/media\/11587"}],"wp:attachment":[{"href":"https:\/\/anjaekstroem.dk\/es\/wp-json\/wp\/v2\/media?parent=11623"}],"wp:term":[{"taxonomy":"category","embeddable":true,"href":"https:\/\/anjaekstroem.dk\/es\/wp-json\/wp\/v2\/categories?post=11623"},{"taxonomy":"post_tag","embeddable":true,"href":"https:\/\/anjaekstroem.dk\/es\/wp-json\/wp\/v2\/tags?post=11623"}],"curies":[{"name":"wp","href":"https:\/\/api.w.org\/{rel}","templated":true}]}}