{"id":10283,"date":"2022-07-10T12:39:00","date_gmt":"2022-07-10T10:39:00","guid":{"rendered":"https:\/\/anjaunivers.dk.test01.webtohosting.dk\/?p=10283"},"modified":"2024-11-27T16:09:42","modified_gmt":"2024-11-27T14:09:42","slug":"er-det-svaert-at-lave-kreativ-beauty","status":"publish","type":"post","link":"https:\/\/anjaekstroem.dk\/es\/es-dificil-hacer-belleza-creativa\/","title":{"rendered":"\u00bfEs dif\u00edcil hacer &quot;Belleza Creativa&quot;?"},"content":{"rendered":"<p>A menudo me contactan nuevos fot\u00f3grafos de todo el mundo que aman lo que hago en fotograf\u00eda de belleza. La pregunta m\u00e1s frecuente es: &quot;\u00bfEs dif\u00edcil crear belleza creativa?&quot;<\/p><p>Esa es una gran pregunta... \u00bfpara QU\u00c9 es anfitri\u00f3n? \u00bfLa planificaci\u00f3n, las ideas, las luces...? \u00bfQu\u00e9 parte de ello?<\/p><p>Para algunos es todo lo anterior, para otros es la implementaci\u00f3n menos pr\u00e1ctica; para cada uno es diferente.<\/p><p>Intentar\u00e9 describir mi proceso de pensamiento y mi flujo de trabajo para que tengas el coraje de intentarlo t\u00fa mismo, porque en realidad utilizo muy pocos medios (esto sorprender\u00e1 a muchos de ustedes).<\/p><h2 class=\"wp-block-heading\"><strong>Inspiraci\u00f3n:<\/strong><\/h2><p>REALMENTE me inspiro mucho en Pinterest, TikTok, Instagram, pero tambi\u00e9n en el mundo real. Como fot\u00f3grafo, probablemente estoy un poco &quot;da\u00f1ado&quot; por lo que veo oportunidades en TODO. Puede ser un lugar fresco, un hermoso color en una flor, un estampado en un vestido, etc. Me inspira un &quot;sentimiento&quot; y sigo hablando un poco m\u00e1s de la idea hasta que tengo una idea aproximada en mi cabeza.<\/p><h2 class=\"wp-block-heading\"><strong>Planificaci\u00f3n:<\/strong><\/h2><p>En pinterest encuentro colores, texturas y &quot;estilos&quot; de maquillaje que me gustan y que describen lo mejor posible la idea que tengo. Creo lo que se llama un panel de estado de \u00e1nimo, que le da al equipo una idea clara del aspecto, la direcci\u00f3n y el sentimiento de la sesi\u00f3n de fotos en s\u00ed.<\/p><p>Hago lo mismo con la ropa. Y cuando encuentro el modelo, suelo buscar la ropa yo misma, porque ya tengo la idea en la cabeza y me resulta dif\u00edcil comunicarla a los dem\u00e1s, as\u00ed que normalmente me ocupo de eso yo misma.<\/p><p>Encuentro el modelo en funci\u00f3n de cu\u00e1l es el aspecto\/intenci\u00f3n de la sesi\u00f3n de fotos. Si tengo que fotografiar la belleza con los labios como papel principal, localizo a una modelo con labios bonitos; si son los ojos los que tienen el papel principal, entonces encuentro a alguien con la forma de ojos adecuada y as\u00ed sucesivamente.<\/p><p>La mayor\u00eda de las veces, es importante para m\u00ed que la modelo tenga talento para posar y conozca sus \u00e1ngulos. Esto se debe a que suele ser lo que da el mejor resultado y a menudo le pregunto a Le Management sobre un casting para conseguir el modelo correcto.&nbsp;<\/p><h2 class=\"wp-block-heading\">El maquillador es uno <strong>excelente<\/strong> parte de mis fotos de belleza \u2013 <\/h2><p>\u00a1Sin un artista profesional esto nunca hubiera sido posible! Describo mis ideas y le muestro al maquillador mi panel de estado de \u00e1nimo. El artista transforma estas impresiones, tendencias, colores e ideas en looks propios para convertirlo en algo \u00fanico.<\/p><p><strong>Ahora el equipo est\u00e1 listo <\/strong>y todo el mundo sabe lo que tenemos que hacer. Sin duda, un cliente potencial tambi\u00e9n tiene algo que decir y est\u00e1 presente en todo momento en mi proceso de pensamiento y en mi generaci\u00f3n de ideas.&nbsp;<\/p><p>Ahora tengo que decidir qu\u00e9 luz se adapta mejor al resultado que quiero (<a href=\"https:\/\/anjaekstroem.dk\/es\/que-es-un-modificador\/\" target=\"_blank\" rel=\"noreferrer noopener\">lea publicaciones de blog sobre modificadores aqu\u00ed<\/a>) Las dos im\u00e1genes superiores est\u00e1n hechas con luz suave: 1 l\u00e1mpara con una caja de luz y un reflector plateado para reflejar). Las siguientes dos im\u00e1genes est\u00e1n tomadas con un Beautydish con una capa blanca y con el calcet\u00edn blanco puesto; aqu\u00ed tambi\u00e9n hay un reflector plateado para reflejar.<\/p><h2 class=\"wp-block-heading\"><strong>Entonces: tengo S\u00d3LO UNA L\u00c1MPARA encendida...&nbsp;<\/strong><\/h2><p>Suelo utilizar flores para decorar, porque realmente creo que aportan mucho al cuadro. Tambi\u00e9n pueden ser f\u00e1cilmente cuentas, hilo, sombrero, luz de colores, etc. En algunos, cog\u00ed un par de gafas de sol viejas y pegu\u00e9 flores secas con el pegamento para pesta\u00f1as del maquillador; lo hicimos en el acto. As\u00ed que no TIENEN que ser montajes enormes\u2026 se puede hacer con cinta de seda y algunas flores\u2026. <\/p><h2 class=\"wp-block-heading\">Preg\u00fantale al maquillador si puede hacer algo creativo. \u00a1Te prometo que a menudo tienen un ARSENAL de ideas y enredos con los que jugar!<\/h2><p>Yo mismo colecciono un poco: puede que tenga un par de medias de red y un trozo de cuenco de pl\u00e1stico transparente de color roto. Todo se puede utilizar para crear BELLEZA CREATIVA con\u2026. En la imagen de la rosa de la derecha, es un trozo de media de nailon que hemos atado alrededor del cabello y luego insertamos unas hermosas rosas hermosas.<\/p><p>Recuerda que es un esfuerzo de equipo, tal vez a la modelo o al maquillador se le ocurra una buena idea en el camino... esc\u00fachala y, si hay tiempo, \u00a1pru\u00e9bala! (no se sabe si es una genialidad hasta que se prueba)<\/p><p>En serio, s\u00f3lo la imaginaci\u00f3n establece los l\u00edmites.&nbsp;<\/p><p>Si quieres empezar con la belleza creativa, realizo talleres en vivo en los que pasamos un d\u00eda entero juntos aprendiendo a tomar hermosas fotograf\u00edas de belleza. Ver m\u00e1s\u00a0<a href=\"https:\/\/anjaekstroem.dk\/es\/academia\/taller-de-fotografo\/\" target=\"_blank\" rel=\"noreferrer noopener\">AQU\u00cd<\/a>\u00a0<\/p><h2 class=\"wp-block-heading\">Experimentar\u00e1s una simbiosis perfecta entre teor\u00eda y pr\u00e1ctica. <\/h2><p>El d\u00eda comienza con teor\u00eda y ense\u00f1anza, contin\u00faa hasta que realizo una sesi\u00f3n en vivo para que veas que lo que acabo de ense\u00f1ar tambi\u00e9n es f\u00e1cil de hacer. Despu\u00e9s de eso, viene la etapa &quot;pr\u00e1ctica&quot;, en la que podr\u00e1s tomar hermosas fotograf\u00edas con tu propia c\u00e1mara, y no te preocupes, probablemente te ayudar\u00e9 en todo momento.<\/p><p>\u00bfHay algo que te gustar\u00eda saber sobre En esta publicaci\u00f3n de blog, siempre puedes contactarme.<\/p><p>seguir adelante<a href=\"http:\/\/www.instagram.com\/anjaekstroemacademy\"> www.instagram.com\/anjaekstroemacademy<\/a><\/p>","protected":false},"excerpt":{"rendered":"<p>A menudo me contactan nuevos fot\u00f3grafos de todo el mundo que aman lo que hago en fotograf\u00eda de belleza. La pregunta m\u00e1s frecuente es: &quot;\u00bfEs dif\u00edcil crear belleza creativa?&quot; Esa es una gran pregunta... \u00bfpara QU\u00c9 es anfitri\u00f3n? \u00bfLa planificaci\u00f3n, las ideas, las luces\u2026? \u00bfQu\u00e9 parte de ello? Para algunos es todo lo anterior, [...]<\/p>","protected":false},"author":3,"featured_media":10284,"comment_status":"closed","ping_status":"closed","sticky":false,"template":"","format":"standard","meta":{"_acf_changed":false,"iawp_total_views":51,"footnotes":""},"categories":[119,52,31],"tags":[],"class_list":["post-10283","post","type-post","status-publish","format-standard","has-post-thumbnail","hentry","category-beauty-blog","category-fotoshoots","category-inspiration"],"acf":[],"yoast_head":"<!-- This site is optimized with the Yoast SEO plugin v23.5 - https:\/\/yoast.com\/wordpress\/plugins\/seo\/ -->\n<title>Er det sv\u00e6rt at lave &quot;Kreativ Beauty&quot;? - Anja Ekstr\u00f8m Creative<\/title>\n<meta name=\"description\" content=\"Er det sv\u00e6rt at lave &quot;Kreativ Beauty&quot;? Jeg viser de simple tricks du skal kende for at skyde magasin-v\u00e6rdige billeder\" \/>\n<meta name=\"robots\" content=\"index, follow, max-snippet:-1, max-image-preview:large, max-video-preview:-1\" \/>\n<link rel=\"canonical\" href=\"https:\/\/anjaekstroem.dk\/es\/es-dificil-hacer-belleza-creativa\/\" \/>\n<meta property=\"og:locale\" content=\"es_ES\" \/>\n<meta property=\"og:type\" content=\"article\" \/>\n<meta property=\"og:title\" content=\"Er det sv\u00e6rt at lave &quot;Kreativ Beauty&quot;? - Anja Ekstr\u00f8m Creative\" \/>\n<meta property=\"og:description\" content=\"Er det sv\u00e6rt at lave &quot;Kreativ Beauty&quot;? Jeg viser de simple tricks du skal kende for at skyde magasin-v\u00e6rdige billeder\" \/>\n<meta property=\"og:url\" content=\"https:\/\/anjaekstroem.dk\/es\/es-dificil-hacer-belleza-creativa\/\" \/>\n<meta property=\"og:site_name\" content=\"Anja Ekstr\u00f8m Creative\" \/>\n<meta property=\"article:published_time\" content=\"2022-07-10T10:39:00+00:00\" \/>\n<meta property=\"article:modified_time\" content=\"2024-11-27T14:09:42+00:00\" \/>\n<meta property=\"og:image\" content=\"https:\/\/anjaekstroem.dk\/wp-content\/uploads\/2024\/10\/20201229-20201229-Matilde-Riber0316-scaled-1.jpg\" \/>\n\t<meta property=\"og:image:width\" content=\"1707\" \/>\n\t<meta property=\"og:image:height\" content=\"2560\" \/>\n\t<meta property=\"og:image:type\" content=\"image\/jpeg\" \/>\n<meta name=\"author\" content=\"Anja Ekstr\u00f8m\" \/>\n<meta name=\"twitter:card\" content=\"summary_large_image\" \/>\n<meta name=\"twitter:label1\" content=\"Escrito por\" \/>\n\t<meta name=\"twitter:data1\" content=\"Anja Ekstr\u00f8m\" \/>\n\t<meta name=\"twitter:label2\" content=\"Tiempo de lectura\" \/>\n\t<meta name=\"twitter:data2\" content=\"5 minutos\" \/>\n<script type=\"application\/ld+json\" class=\"yoast-schema-graph\">{\"@context\":\"https:\/\/schema.org\",\"@graph\":[{\"@type\":\"Article\",\"@id\":\"https:\/\/anjaekstroem.dk\/er-det-svaert-at-lave-kreativ-beauty\/#article\",\"isPartOf\":{\"@id\":\"https:\/\/anjaekstroem.dk\/er-det-svaert-at-lave-kreativ-beauty\/\"},\"author\":{\"name\":\"Anja Ekstr\u00f8m\",\"@id\":\"https:\/\/anjaekstroem.dk\/#\/schema\/person\/ae301236eee86c4cc45c9a0b9b018b26\"},\"headline\":\"Er det sv\u00e6rt at lave &#8220;Kreativ Beauty&#8221;?\",\"datePublished\":\"2022-07-10T10:39:00+00:00\",\"dateModified\":\"2024-11-27T14:09:42+00:00\",\"mainEntityOfPage\":{\"@id\":\"https:\/\/anjaekstroem.dk\/er-det-svaert-at-lave-kreativ-beauty\/\"},\"wordCount\":890,\"publisher\":{\"@id\":\"https:\/\/anjaekstroem.dk\/#organization\"},\"image\":{\"@id\":\"https:\/\/anjaekstroem.dk\/er-det-svaert-at-lave-kreativ-beauty\/#primaryimage\"},\"thumbnailUrl\":\"https:\/\/anjaekstroem.dk\/wp-content\/uploads\/2024\/10\/20201229-20201229-Matilde-Riber0316-scaled-1.jpg\",\"articleSection\":[\"Beauty\",\"Fotoshoots\",\"Inspiration\"],\"inLanguage\":\"es\"},{\"@type\":\"WebPage\",\"@id\":\"https:\/\/anjaekstroem.dk\/er-det-svaert-at-lave-kreativ-beauty\/\",\"url\":\"https:\/\/anjaekstroem.dk\/er-det-svaert-at-lave-kreativ-beauty\/\",\"name\":\"Er det sv\u00e6rt at lave \\\"Kreativ Beauty\\\"? - Anja Ekstr\u00f8m Creative\",\"isPartOf\":{\"@id\":\"https:\/\/anjaekstroem.dk\/#website\"},\"primaryImageOfPage\":{\"@id\":\"https:\/\/anjaekstroem.dk\/er-det-svaert-at-lave-kreativ-beauty\/#primaryimage\"},\"image\":{\"@id\":\"https:\/\/anjaekstroem.dk\/er-det-svaert-at-lave-kreativ-beauty\/#primaryimage\"},\"thumbnailUrl\":\"https:\/\/anjaekstroem.dk\/wp-content\/uploads\/2024\/10\/20201229-20201229-Matilde-Riber0316-scaled-1.jpg\",\"datePublished\":\"2022-07-10T10:39:00+00:00\",\"dateModified\":\"2024-11-27T14:09:42+00:00\",\"description\":\"Er det sv\u00e6rt at lave \\\"Kreativ Beauty\\\"? Jeg viser de simple tricks du skal kende for at skyde magasin-v\u00e6rdige billeder\",\"breadcrumb\":{\"@id\":\"https:\/\/anjaekstroem.dk\/er-det-svaert-at-lave-kreativ-beauty\/#breadcrumb\"},\"inLanguage\":\"es\",\"potentialAction\":[{\"@type\":\"ReadAction\",\"target\":[\"https:\/\/anjaekstroem.dk\/er-det-svaert-at-lave-kreativ-beauty\/\"]}]},{\"@type\":\"ImageObject\",\"inLanguage\":\"es\",\"@id\":\"https:\/\/anjaekstroem.dk\/er-det-svaert-at-lave-kreativ-beauty\/#primaryimage\",\"url\":\"https:\/\/anjaekstroem.dk\/wp-content\/uploads\/2024\/10\/20201229-20201229-Matilde-Riber0316-scaled-1.jpg\",\"contentUrl\":\"https:\/\/anjaekstroem.dk\/wp-content\/uploads\/2024\/10\/20201229-20201229-Matilde-Riber0316-scaled-1.jpg\",\"width\":1707,\"height\":2560},{\"@type\":\"BreadcrumbList\",\"@id\":\"https:\/\/anjaekstroem.dk\/er-det-svaert-at-lave-kreativ-beauty\/#breadcrumb\",\"itemListElement\":[{\"@type\":\"ListItem\",\"position\":1,\"name\":\"Hjem\",\"item\":\"https:\/\/anjaekstroem.dk\/\"},{\"@type\":\"ListItem\",\"position\":2,\"name\":\"Er det sv\u00e6rt at lave &#8220;Kreativ Beauty&#8221;?\"}]},{\"@type\":\"WebSite\",\"@id\":\"https:\/\/anjaekstroem.dk\/#website\",\"url\":\"https:\/\/anjaekstroem.dk\/\",\"name\":\"Anja Ekstr\u00f8m Creative\",\"description\":\"Fotograf med sj\u00e6l\",\"publisher\":{\"@id\":\"https:\/\/anjaekstroem.dk\/#organization\"},\"potentialAction\":[{\"@type\":\"SearchAction\",\"target\":{\"@type\":\"EntryPoint\",\"urlTemplate\":\"https:\/\/anjaekstroem.dk\/?s={search_term_string}\"},\"query-input\":{\"@type\":\"PropertyValueSpecification\",\"valueRequired\":true,\"valueName\":\"search_term_string\"}}],\"inLanguage\":\"es\"},{\"@type\":\"Organization\",\"@id\":\"https:\/\/anjaekstroem.dk\/#organization\",\"name\":\"Anja Ekstr\u00f8m Creative\",\"url\":\"https:\/\/anjaekstroem.dk\/\",\"logo\":{\"@type\":\"ImageObject\",\"inLanguage\":\"es\",\"@id\":\"https:\/\/anjaekstroem.dk\/#\/schema\/logo\/image\/\",\"url\":\"https:\/\/anjaekstroem.dk\/wp-content\/uploads\/2021\/10\/AnjaEkstroem-03.png\",\"contentUrl\":\"https:\/\/anjaekstroem.dk\/wp-content\/uploads\/2021\/10\/AnjaEkstroem-03.png\",\"width\":2560,\"height\":662,\"caption\":\"Anja Ekstr\u00f8m Creative\"},\"image\":{\"@id\":\"https:\/\/anjaekstroem.dk\/#\/schema\/logo\/image\/\"}},{\"@type\":\"Person\",\"@id\":\"https:\/\/anjaekstroem.dk\/#\/schema\/person\/ae301236eee86c4cc45c9a0b9b018b26\",\"name\":\"Anja Ekstr\u00f8m\",\"url\":\"https:\/\/anjaekstroem.dk\/es\/author\/anja\/\"}]}<\/script>\n<!-- \/ Yoast SEO plugin. -->","yoast_head_json":{"title":"Er det sv\u00e6rt at lave \"Kreativ Beauty\"? - Anja Ekstr\u00f8m Creative","description":"Er det sv\u00e6rt at lave \"Kreativ Beauty\"? Jeg viser de simple tricks du skal kende for at skyde magasin-v\u00e6rdige billeder","robots":{"index":"index","follow":"follow","max-snippet":"max-snippet:-1","max-image-preview":"max-image-preview:large","max-video-preview":"max-video-preview:-1"},"canonical":"https:\/\/anjaekstroem.dk\/es\/es-dificil-hacer-belleza-creativa\/","og_locale":"es_ES","og_type":"article","og_title":"Er det sv\u00e6rt at lave \"Kreativ Beauty\"? - Anja Ekstr\u00f8m Creative","og_description":"Er det sv\u00e6rt at lave \"Kreativ Beauty\"? Jeg viser de simple tricks du skal kende for at skyde magasin-v\u00e6rdige billeder","og_url":"https:\/\/anjaekstroem.dk\/es\/es-dificil-hacer-belleza-creativa\/","og_site_name":"Anja Ekstr\u00f8m Creative","article_published_time":"2022-07-10T10:39:00+00:00","article_modified_time":"2024-11-27T14:09:42+00:00","og_image":[{"width":1707,"height":2560,"url":"https:\/\/anjaekstroem.dk\/wp-content\/uploads\/2024\/10\/20201229-20201229-Matilde-Riber0316-scaled-1.jpg","type":"image\/jpeg"}],"author":"Anja Ekstr\u00f8m","twitter_card":"summary_large_image","twitter_misc":{"Escrito por":"Anja Ekstr\u00f8m","Tiempo de lectura":"5 minutos"},"schema":{"@context":"https:\/\/schema.org","@graph":[{"@type":"Article","@id":"https:\/\/anjaekstroem.dk\/er-det-svaert-at-lave-kreativ-beauty\/#article","isPartOf":{"@id":"https:\/\/anjaekstroem.dk\/er-det-svaert-at-lave-kreativ-beauty\/"},"author":{"name":"Anja Ekstr\u00f8m","@id":"https:\/\/anjaekstroem.dk\/#\/schema\/person\/ae301236eee86c4cc45c9a0b9b018b26"},"headline":"Er det sv\u00e6rt at lave &#8220;Kreativ Beauty&#8221;?","datePublished":"2022-07-10T10:39:00+00:00","dateModified":"2024-11-27T14:09:42+00:00","mainEntityOfPage":{"@id":"https:\/\/anjaekstroem.dk\/er-det-svaert-at-lave-kreativ-beauty\/"},"wordCount":890,"publisher":{"@id":"https:\/\/anjaekstroem.dk\/#organization"},"image":{"@id":"https:\/\/anjaekstroem.dk\/er-det-svaert-at-lave-kreativ-beauty\/#primaryimage"},"thumbnailUrl":"https:\/\/anjaekstroem.dk\/wp-content\/uploads\/2024\/10\/20201229-20201229-Matilde-Riber0316-scaled-1.jpg","articleSection":["Beauty","Fotoshoots","Inspiration"],"inLanguage":"es"},{"@type":"WebPage","@id":"https:\/\/anjaekstroem.dk\/er-det-svaert-at-lave-kreativ-beauty\/","url":"https:\/\/anjaekstroem.dk\/er-det-svaert-at-lave-kreativ-beauty\/","name":"Er det sv\u00e6rt at lave \"Kreativ Beauty\"? - Anja Ekstr\u00f8m Creative","isPartOf":{"@id":"https:\/\/anjaekstroem.dk\/#website"},"primaryImageOfPage":{"@id":"https:\/\/anjaekstroem.dk\/er-det-svaert-at-lave-kreativ-beauty\/#primaryimage"},"image":{"@id":"https:\/\/anjaekstroem.dk\/er-det-svaert-at-lave-kreativ-beauty\/#primaryimage"},"thumbnailUrl":"https:\/\/anjaekstroem.dk\/wp-content\/uploads\/2024\/10\/20201229-20201229-Matilde-Riber0316-scaled-1.jpg","datePublished":"2022-07-10T10:39:00+00:00","dateModified":"2024-11-27T14:09:42+00:00","description":"Er det sv\u00e6rt at lave \"Kreativ Beauty\"? Jeg viser de simple tricks du skal kende for at skyde magasin-v\u00e6rdige billeder","breadcrumb":{"@id":"https:\/\/anjaekstroem.dk\/er-det-svaert-at-lave-kreativ-beauty\/#breadcrumb"},"inLanguage":"es","potentialAction":[{"@type":"ReadAction","target":["https:\/\/anjaekstroem.dk\/er-det-svaert-at-lave-kreativ-beauty\/"]}]},{"@type":"ImageObject","inLanguage":"es","@id":"https:\/\/anjaekstroem.dk\/er-det-svaert-at-lave-kreativ-beauty\/#primaryimage","url":"https:\/\/anjaekstroem.dk\/wp-content\/uploads\/2024\/10\/20201229-20201229-Matilde-Riber0316-scaled-1.jpg","contentUrl":"https:\/\/anjaekstroem.dk\/wp-content\/uploads\/2024\/10\/20201229-20201229-Matilde-Riber0316-scaled-1.jpg","width":1707,"height":2560},{"@type":"BreadcrumbList","@id":"https:\/\/anjaekstroem.dk\/er-det-svaert-at-lave-kreativ-beauty\/#breadcrumb","itemListElement":[{"@type":"ListItem","position":1,"name":"Hjem","item":"https:\/\/anjaekstroem.dk\/"},{"@type":"ListItem","position":2,"name":"Er det sv\u00e6rt at lave &#8220;Kreativ Beauty&#8221;?"}]},{"@type":"WebSite","@id":"https:\/\/anjaekstroem.dk\/#website","url":"https:\/\/anjaekstroem.dk\/","name":"Anja Ekstr\u00f8m Creative","description":"Fotograf med sj\u00e6l","publisher":{"@id":"https:\/\/anjaekstroem.dk\/#organization"},"potentialAction":[{"@type":"SearchAction","target":{"@type":"EntryPoint","urlTemplate":"https:\/\/anjaekstroem.dk\/?s={search_term_string}"},"query-input":{"@type":"PropertyValueSpecification","valueRequired":true,"valueName":"search_term_string"}}],"inLanguage":"es"},{"@type":"Organization","@id":"https:\/\/anjaekstroem.dk\/#organization","name":"Anja Ekstr\u00f8m Creative","url":"https:\/\/anjaekstroem.dk\/","logo":{"@type":"ImageObject","inLanguage":"es","@id":"https:\/\/anjaekstroem.dk\/#\/schema\/logo\/image\/","url":"https:\/\/anjaekstroem.dk\/wp-content\/uploads\/2021\/10\/AnjaEkstroem-03.png","contentUrl":"https:\/\/anjaekstroem.dk\/wp-content\/uploads\/2021\/10\/AnjaEkstroem-03.png","width":2560,"height":662,"caption":"Anja Ekstr\u00f8m Creative"},"image":{"@id":"https:\/\/anjaekstroem.dk\/#\/schema\/logo\/image\/"}},{"@type":"Person","@id":"https:\/\/anjaekstroem.dk\/#\/schema\/person\/ae301236eee86c4cc45c9a0b9b018b26","name":"Anja Ekstr\u00f8m","url":"https:\/\/anjaekstroem.dk\/es\/author\/anja\/"}]}},"_links":{"self":[{"href":"https:\/\/anjaekstroem.dk\/es\/wp-json\/wp\/v2\/posts\/10283","targetHints":{"allow":["GET"]}}],"collection":[{"href":"https:\/\/anjaekstroem.dk\/es\/wp-json\/wp\/v2\/posts"}],"about":[{"href":"https:\/\/anjaekstroem.dk\/es\/wp-json\/wp\/v2\/types\/post"}],"author":[{"embeddable":true,"href":"https:\/\/anjaekstroem.dk\/es\/wp-json\/wp\/v2\/users\/3"}],"replies":[{"embeddable":true,"href":"https:\/\/anjaekstroem.dk\/es\/wp-json\/wp\/v2\/comments?post=10283"}],"version-history":[{"count":2,"href":"https:\/\/anjaekstroem.dk\/es\/wp-json\/wp\/v2\/posts\/10283\/revisions"}],"predecessor-version":[{"id":11343,"href":"https:\/\/anjaekstroem.dk\/es\/wp-json\/wp\/v2\/posts\/10283\/revisions\/11343"}],"wp:featuredmedia":[{"embeddable":true,"href":"https:\/\/anjaekstroem.dk\/es\/wp-json\/wp\/v2\/media\/10284"}],"wp:attachment":[{"href":"https:\/\/anjaekstroem.dk\/es\/wp-json\/wp\/v2\/media?parent=10283"}],"wp:term":[{"taxonomy":"category","embeddable":true,"href":"https:\/\/anjaekstroem.dk\/es\/wp-json\/wp\/v2\/categories?post=10283"},{"taxonomy":"post_tag","embeddable":true,"href":"https:\/\/anjaekstroem.dk\/es\/wp-json\/wp\/v2\/tags?post=10283"}],"curies":[{"name":"wp","href":"https:\/\/api.w.org\/{rel}","templated":true}]}}