{"id":10258,"date":"2022-07-06T15:28:00","date_gmt":"2022-07-06T13:28:00","guid":{"rendered":"https:\/\/anjaunivers.dk.test01.webtohosting.dk\/?p=10258"},"modified":"2024-11-27T16:13:51","modified_gmt":"2024-11-27T14:13:51","slug":"hvad-er-en-modifier","status":"publish","type":"post","link":"https:\/\/anjaekstroem.dk\/es\/que-es-un-modificador\/","title":{"rendered":"\u00bfQu\u00e9 es un modificador?"},"content":{"rendered":"<h2 class=\"wp-block-heading\">Aqu\u00ed estoy feliz de poder ayudar...<\/h2><p>Como fot\u00f3grafo novel, escuchas muchos t\u00e9rminos t\u00e9cnicos que no tienes idea de cu\u00e1les son... uno de ellos podr\u00eda ser la palabra \u201cmodificador\u201d\u2026. y entonces muchas veces piensas que no quieres preguntar porque no quieres parecer est\u00fapido y novato...<\/p><p>aqui esta alli&nbsp;<strong>NO<\/strong>&nbsp;Pregunta est\u00fapida: tuve que aprenderlo por las malas, as\u00ed que espero que esta publicaci\u00f3n te ayude un poco.<\/p><h2 class=\"wp-block-heading\"><strong>MODIFICAR\u2026.<\/strong>\u00a0<\/h2><p>la palabra significa en toda su simplicidad: Algo que modifica la luz de la fuente de luz en la que la pones, para convertirse en algo espec\u00edfico. Hay INFINITAMENTE MUCHAS opciones diferentes y destacar\u00e9 solo algunas aqu\u00ed para brindarle una comprensi\u00f3n b\u00e1sica de para qu\u00e9 se pueden usar. Luego podr\u00e1s profundizar t\u00fa mismo en el nerderismo cuando aparezca la pasi\u00f3n por la luz.<\/p><p>Imagina que tienes una fotograf\u00eda que quieres hacer en el estudio \u2013 simplemente no sabes qu\u00e9 luz ponerle \u2013 porque \u00bfqu\u00e9 es mejor?\u2026<\/p><p>El primer pensamiento es:&nbsp;<strong>\u00bfQu\u00e9 tipo de foto es?<\/strong>&nbsp;\u00bfEs un retrato, es una campa\u00f1a de belleza, son fotograf\u00edas de ni\u00f1os o algo completamente diferente?<\/p><h2 class=\"wp-block-heading\"><strong>Retratos\/familias\/ni\u00f1os:<\/strong>\u00a0<\/h2><p>Aqu\u00ed recomendar\u00eda una luz suave y esto se puede lograr perfectamente con lo que se llama una softbox\/octabox. Es una &quot;caja&quot; que colocas frente a las l\u00e1mparas, que tiene 2 piezas de tela blanca en su interior, que aten\u00faa la luz brillante y la arroja dentro de la &quot;caja&quot; y se propaga antes de que llegue a la persona; esto significa que la luz Ya se ha rociado un poco y no pega con fuerza, pero sale suave y delicioso. Comp\u00e1relo con la luz solar directa o con sostener una s\u00e1bana blanca frente al sol... entonces la luz cae mucho m\u00e1s fina y suave.<\/p><h2 class=\"wp-block-heading\"><strong>\u00bfPor qu\u00e9 utilizar luz suave?<\/strong>\u00a0<\/h2><p>\u00a1Porque se adapta a todos! Joven o viejo, y SI hay signos iniciales de la edad, como arrugas, etc., la luz intensa es un chisme realmente malo y la gente a menudo no cree que la luz intensa sea un halago. La luz dura es muy brillante all\u00ed donde incide, pero las sombras tambi\u00e9n son muy marcadas, lo que no favorece a un rostro con arrugas. La luz suave cae... bueno... suavemente y NO enfatiza las arrugas, etc., pero cae maravillosamente.<\/p><h2 class=\"wp-block-heading\"><strong>La luz dura:\u00a0<\/strong><\/h2><p>\u00bfCu\u00e1ndo se utiliza? y como? Si vas a fotografiar campa\u00f1as de belleza, CLARAMENTE uso una como regla de oro.\u00a0<strong>plato de belleza.\u00a0<\/strong>La que yo uso tiene una capa interior blanca (ver foto) pero tambi\u00e9n se puede conseguir con una capa plateada (da una luz a\u00fan m\u00e1s dura que la blanca). Puedes comprar un calcet\u00edn blanco adicional o una rejilla que a su vez tambi\u00e9n suaviza\/controla la luz como quieres que sea.\u00a0<\/p><p>En cuanto a la belleza, la luz de intensidad media es s\u00faper agradable porque captura el maquillaje y los ojos de manera absolutamente fant\u00e1stica: un punto culminante del maquillaje se captura MUY bien en la cara y realmente resalta los detalles de los rasgos faciales y el maquillaje. Sin embargo, tendr\u00e9 cuidado con esta fuente de luz para los modelos m\u00e1s antiguos y considerar\u00e9 si la luz suave con softbox podr\u00eda ser una mejor idea.<\/p><p>Yo mismo uso con mayor frecuencia un plato de belleza en blanco CON un calcet\u00edn, ya que creo que apaga un POCO la luz. Si quiero controlar la luz COMPLETAMENTE espec\u00edficamente, pongo mi rejilla. Dicho esto, tambi\u00e9n se me ocurre f\u00e1cilmente fotografiar S\u00d3LO con una l\u00e1mpara, es decir, sin poner nada delante... \u00bfpor qu\u00e9? Obtener la enorme y dura &quot;luz del sol&quot; con una fuerte sombra de impacto detr\u00e1s - depende mucho de la tarea\/de los deseos del cliente.<\/p><p>Para suavizar las sombras debajo del cuello, etc., puedes agregar un reflector plateado para reflejar solo un poco, pero tambi\u00e9n puedes prescindir de \u00e9l si quieres un poco de dramatismo en la expresi\u00f3n.<\/p><h2 class=\"wp-block-heading\"><strong>Reflector de zoom:\u00a0<\/strong><\/h2><p>(el peque\u00f1o y regordete con una capa plateada) Emite una luz potente, pero m\u00e1s concentrada ya que su alcance es m\u00e1s peque\u00f1o que, por ejemplo, un plato de belleza. AQU\u00cd tambi\u00e9n puedes poner cosas al frente que den forma\/controlen la luz seg\u00fan lo que necesites. Hay rejillas (normalmente llamadas rejillas de panal) con diferentes densidades de agujeros que afectan la cantidad de luz que penetra. Esto luego afecta la cantidad de luz que llega a la persona que est\u00e1s fotografiando; puede usarse con gran \u00e9xito para efectos muy dram\u00e1ticos al estilo del &quot;cine negro&quot;.<\/p><p>Yo mismo lo uso para conseguir belleza y para iluminar con geles de colores, pero esa es una historia completamente diferente y se publicar\u00e1 m\u00e1s adelante en una entrada de blog aparte.<\/p><h2 class=\"wp-block-heading\"><strong>Paraguas:<\/strong>\u00a0<\/h2><p>Es muy diferente c\u00f3mo los diferentes fot\u00f3grafos usan diversos modificadores: yo uso principalmente paraguas como luces de efecto para geles de colores, etc. mientras que otros juran usarlos para retratos, etc.\u00a0<\/p><p>Cuando se trata de iluminaci\u00f3n y elecci\u00f3n de modificadores, generalmente no es una lista de hechos y una situaci\u00f3n de &quot;esto o lo otro&quot;; puedes lograr muchas cosas interesantes usando m\u00e9todos inesperados... tal vez puedas llamarlo una situaci\u00f3n de &quot;ambos y&quot; en su lugar. .<\/p><p>Espero que con este post te haya dado una primera idea sobre la luz y que ahora sepas qu\u00e9 es un modificador, al menos el concepto \ud83d\ude09 El resto: PR\u00c1CTICA - PRUEBA - ERROR.... Ya pas\u00e9 por eso tambi\u00e9n. Cr\u00e9ame, todav\u00eda no he pasado por todos los tipos y, despu\u00e9s de todo, llevo fotografiando casi 10 a\u00f1os. Es el MUNDO de posibilidades.<\/p><h2 class=\"wp-block-heading\"><strong>Vea las im\u00e1genes a continuaci\u00f3n<\/strong>\u00a0<\/h2><p>Mirar alrededor\u00a0<strong>T\u00da<\/strong>\u00a0Puedo detectar d\u00f3nde dispar\u00e9 con luz suave (softbox\/octabox) y d\u00f3nde dispar\u00e9 con luz media (beautydish con calcet\u00edn). Hay un truco, \u00bfsabes cu\u00e1l es?<\/p><figure class=\"wp-block-image size-full\"><img fetchpriority=\"high\" decoding=\"async\" width=\"600\" height=\"400\" src=\"https:\/\/anjaekstroem.dk\/wp-content\/uploads\/2024\/10\/ScandinavianPhoto.png\" alt=\"\" class=\"wp-image-10259\" srcset=\"https:\/\/anjaekstroem.dk\/wp-content\/uploads\/2024\/10\/ScandinavianPhoto.png 600w, https:\/\/anjaekstroem.dk\/wp-content\/uploads\/2024\/10\/ScandinavianPhoto-300x200.png 300w, https:\/\/anjaekstroem.dk\/wp-content\/uploads\/2024\/10\/ScandinavianPhoto-18x12.png 18w\" sizes=\"(max-width: 600px) 100vw, 600px\" \/><\/figure><p><strong>GRACIAS a nuestros amigos de&nbsp;<a href=\"https:\/\/www.scandinavianphoto.dk\/\" target=\"_blank\" rel=\"noreferrer noopener\">Foto escandinava<\/a><\/strong>&nbsp;para tomar prestadas las im\u00e1genes de los productos: tengo el enlace a su p\u00e1gina, as\u00ed que no dudes en hacer clic en los productos y acceder\u00e1s a una CANDYSTORE de juguetes \ud83d\ude09<\/p><p>Si tienes dudas sobre lo que T\u00da necesitas, Rene y sus compa\u00f1eros son S\u00daPER buenos brind\u00e1ndote consejos para que juntos descubramos lo que necesitas:&nbsp;<a href=\"https:\/\/www.scandinavianphoto.dk\/butikker\/kobenhavn\" target=\"_blank\" rel=\"noreferrer noopener\">HAGA CLIC AQU\u00cd<\/a><\/p>","protected":false},"excerpt":{"rendered":"<p>Aqu\u00ed estoy feliz de poder ayudar... Como fot\u00f3grafo nuevo, escuchas muchos t\u00e9rminos t\u00e9cnicos que no tienes idea de qu\u00e9 son.... uno de ellos podr\u00eda ser la palabra \u201cmodificador\u201d\u2026. y entonces muchas veces piensas que no quieres preguntar porque no quieres parecer est\u00fapido y novato... Aqu\u00ed NO hay preguntas est\u00fapidas; tuve que aprenderlo yo mismo en [...]<\/p>","protected":false},"author":3,"featured_media":10268,"comment_status":"closed","ping_status":"closed","sticky":false,"template":"","format":"standard","meta":{"_acf_changed":false,"iawp_total_views":145,"footnotes":""},"categories":[119,52,31,71],"tags":[],"class_list":["post-10258","post","type-post","status-publish","format-standard","has-post-thumbnail","hentry","category-beauty-blog","category-fotoshoots","category-inspiration","category-lidt-af-hvert"],"acf":[],"yoast_head":"<!-- This site is optimized with the Yoast SEO plugin v23.5 - https:\/\/yoast.com\/wordpress\/plugins\/seo\/ -->\n<title>Hvad er en modifier? - Anja Ekstr\u00f8m Creative<\/title>\n<meta name=\"description\" content=\"Hvad er en modifier? Her hj\u00e6lper jeg gerne med at navigere rundt i junglen s\u00e5 du f\u00e5r en basisforst\u00e5else for hvad de g\u00f8r hver is\u00e6r.\" \/>\n<meta name=\"robots\" content=\"index, follow, max-snippet:-1, max-image-preview:large, max-video-preview:-1\" \/>\n<link rel=\"canonical\" href=\"https:\/\/anjaekstroem.dk\/es\/que-es-un-modificador\/\" \/>\n<meta property=\"og:locale\" content=\"es_ES\" \/>\n<meta property=\"og:type\" content=\"article\" \/>\n<meta property=\"og:title\" content=\"Hvad er en modifier? - Anja Ekstr\u00f8m Creative\" \/>\n<meta property=\"og:description\" content=\"Hvad er en modifier? Her hj\u00e6lper jeg gerne med at navigere rundt i junglen s\u00e5 du f\u00e5r en basisforst\u00e5else for hvad de g\u00f8r hver is\u00e6r.\" \/>\n<meta property=\"og:url\" content=\"https:\/\/anjaekstroem.dk\/es\/que-es-un-modificador\/\" \/>\n<meta property=\"og:site_name\" content=\"Anja Ekstr\u00f8m Creative\" \/>\n<meta property=\"article:published_time\" content=\"2022-07-06T13:28:00+00:00\" \/>\n<meta property=\"article:modified_time\" content=\"2024-11-27T14:13:51+00:00\" \/>\n<meta property=\"og:image\" content=\"https:\/\/anjaekstroem.dk\/wp-content\/uploads\/2024\/10\/Paraply-Profoto.jpeg\" \/>\n\t<meta property=\"og:image:width\" content=\"960\" \/>\n\t<meta property=\"og:image:height\" content=\"720\" \/>\n\t<meta property=\"og:image:type\" content=\"image\/jpeg\" \/>\n<meta name=\"author\" content=\"Anja Ekstr\u00f8m\" \/>\n<meta name=\"twitter:card\" content=\"summary_large_image\" \/>\n<meta name=\"twitter:label1\" content=\"Escrito por\" \/>\n\t<meta name=\"twitter:data1\" content=\"Anja Ekstr\u00f8m\" \/>\n\t<meta name=\"twitter:label2\" content=\"Tiempo de lectura\" \/>\n\t<meta name=\"twitter:data2\" content=\"6 minutos\" \/>\n<script type=\"application\/ld+json\" class=\"yoast-schema-graph\">{\"@context\":\"https:\/\/schema.org\",\"@graph\":[{\"@type\":\"Article\",\"@id\":\"https:\/\/anjaekstroem.dk\/hvad-er-en-modifier\/#article\",\"isPartOf\":{\"@id\":\"https:\/\/anjaekstroem.dk\/hvad-er-en-modifier\/\"},\"author\":{\"name\":\"Anja Ekstr\u00f8m\",\"@id\":\"https:\/\/anjaekstroem.dk\/#\/schema\/person\/ae301236eee86c4cc45c9a0b9b018b26\"},\"headline\":\"Hvad er en modifier?\",\"datePublished\":\"2022-07-06T13:28:00+00:00\",\"dateModified\":\"2024-11-27T14:13:51+00:00\",\"mainEntityOfPage\":{\"@id\":\"https:\/\/anjaekstroem.dk\/hvad-er-en-modifier\/\"},\"wordCount\":1046,\"publisher\":{\"@id\":\"https:\/\/anjaekstroem.dk\/#organization\"},\"image\":{\"@id\":\"https:\/\/anjaekstroem.dk\/hvad-er-en-modifier\/#primaryimage\"},\"thumbnailUrl\":\"https:\/\/anjaekstroem.dk\/wp-content\/uploads\/2024\/10\/Paraply-Profoto.jpeg\",\"articleSection\":[\"Beauty\",\"Fotoshoots\",\"Inspiration\",\"Lidt af hvert\"],\"inLanguage\":\"es\"},{\"@type\":\"WebPage\",\"@id\":\"https:\/\/anjaekstroem.dk\/hvad-er-en-modifier\/\",\"url\":\"https:\/\/anjaekstroem.dk\/hvad-er-en-modifier\/\",\"name\":\"Hvad er en modifier? - Anja Ekstr\u00f8m Creative\",\"isPartOf\":{\"@id\":\"https:\/\/anjaekstroem.dk\/#website\"},\"primaryImageOfPage\":{\"@id\":\"https:\/\/anjaekstroem.dk\/hvad-er-en-modifier\/#primaryimage\"},\"image\":{\"@id\":\"https:\/\/anjaekstroem.dk\/hvad-er-en-modifier\/#primaryimage\"},\"thumbnailUrl\":\"https:\/\/anjaekstroem.dk\/wp-content\/uploads\/2024\/10\/Paraply-Profoto.jpeg\",\"datePublished\":\"2022-07-06T13:28:00+00:00\",\"dateModified\":\"2024-11-27T14:13:51+00:00\",\"description\":\"Hvad er en modifier? Her hj\u00e6lper jeg gerne med at navigere rundt i junglen s\u00e5 du f\u00e5r en basisforst\u00e5else for hvad de g\u00f8r hver is\u00e6r.\",\"breadcrumb\":{\"@id\":\"https:\/\/anjaekstroem.dk\/hvad-er-en-modifier\/#breadcrumb\"},\"inLanguage\":\"es\",\"potentialAction\":[{\"@type\":\"ReadAction\",\"target\":[\"https:\/\/anjaekstroem.dk\/hvad-er-en-modifier\/\"]}]},{\"@type\":\"ImageObject\",\"inLanguage\":\"es\",\"@id\":\"https:\/\/anjaekstroem.dk\/hvad-er-en-modifier\/#primaryimage\",\"url\":\"https:\/\/anjaekstroem.dk\/wp-content\/uploads\/2024\/10\/Paraply-Profoto.jpeg\",\"contentUrl\":\"https:\/\/anjaekstroem.dk\/wp-content\/uploads\/2024\/10\/Paraply-Profoto.jpeg\",\"width\":960,\"height\":720,\"caption\":\"Hvad er en modifier\"},{\"@type\":\"BreadcrumbList\",\"@id\":\"https:\/\/anjaekstroem.dk\/hvad-er-en-modifier\/#breadcrumb\",\"itemListElement\":[{\"@type\":\"ListItem\",\"position\":1,\"name\":\"Hjem\",\"item\":\"https:\/\/anjaekstroem.dk\/\"},{\"@type\":\"ListItem\",\"position\":2,\"name\":\"Hvad er en modifier?\"}]},{\"@type\":\"WebSite\",\"@id\":\"https:\/\/anjaekstroem.dk\/#website\",\"url\":\"https:\/\/anjaekstroem.dk\/\",\"name\":\"Anja Ekstr\u00f8m Creative\",\"description\":\"Fotograf med sj\u00e6l\",\"publisher\":{\"@id\":\"https:\/\/anjaekstroem.dk\/#organization\"},\"potentialAction\":[{\"@type\":\"SearchAction\",\"target\":{\"@type\":\"EntryPoint\",\"urlTemplate\":\"https:\/\/anjaekstroem.dk\/?s={search_term_string}\"},\"query-input\":{\"@type\":\"PropertyValueSpecification\",\"valueRequired\":true,\"valueName\":\"search_term_string\"}}],\"inLanguage\":\"es\"},{\"@type\":\"Organization\",\"@id\":\"https:\/\/anjaekstroem.dk\/#organization\",\"name\":\"Anja Ekstr\u00f8m Creative\",\"url\":\"https:\/\/anjaekstroem.dk\/\",\"logo\":{\"@type\":\"ImageObject\",\"inLanguage\":\"es\",\"@id\":\"https:\/\/anjaekstroem.dk\/#\/schema\/logo\/image\/\",\"url\":\"https:\/\/anjaekstroem.dk\/wp-content\/uploads\/2021\/10\/AnjaEkstroem-03.png\",\"contentUrl\":\"https:\/\/anjaekstroem.dk\/wp-content\/uploads\/2021\/10\/AnjaEkstroem-03.png\",\"width\":2560,\"height\":662,\"caption\":\"Anja Ekstr\u00f8m Creative\"},\"image\":{\"@id\":\"https:\/\/anjaekstroem.dk\/#\/schema\/logo\/image\/\"}},{\"@type\":\"Person\",\"@id\":\"https:\/\/anjaekstroem.dk\/#\/schema\/person\/ae301236eee86c4cc45c9a0b9b018b26\",\"name\":\"Anja Ekstr\u00f8m\",\"url\":\"https:\/\/anjaekstroem.dk\/es\/author\/anja\/\"}]}<\/script>\n<!-- \/ Yoast SEO plugin. -->","yoast_head_json":{"title":"Hvad er en modifier? - Anja Ekstr\u00f8m Creative","description":"Hvad er en modifier? Her hj\u00e6lper jeg gerne med at navigere rundt i junglen s\u00e5 du f\u00e5r en basisforst\u00e5else for hvad de g\u00f8r hver is\u00e6r.","robots":{"index":"index","follow":"follow","max-snippet":"max-snippet:-1","max-image-preview":"max-image-preview:large","max-video-preview":"max-video-preview:-1"},"canonical":"https:\/\/anjaekstroem.dk\/es\/que-es-un-modificador\/","og_locale":"es_ES","og_type":"article","og_title":"Hvad er en modifier? - Anja Ekstr\u00f8m Creative","og_description":"Hvad er en modifier? Her hj\u00e6lper jeg gerne med at navigere rundt i junglen s\u00e5 du f\u00e5r en basisforst\u00e5else for hvad de g\u00f8r hver is\u00e6r.","og_url":"https:\/\/anjaekstroem.dk\/es\/que-es-un-modificador\/","og_site_name":"Anja Ekstr\u00f8m Creative","article_published_time":"2022-07-06T13:28:00+00:00","article_modified_time":"2024-11-27T14:13:51+00:00","og_image":[{"width":960,"height":720,"url":"https:\/\/anjaekstroem.dk\/wp-content\/uploads\/2024\/10\/Paraply-Profoto.jpeg","type":"image\/jpeg"}],"author":"Anja Ekstr\u00f8m","twitter_card":"summary_large_image","twitter_misc":{"Escrito por":"Anja Ekstr\u00f8m","Tiempo de lectura":"6 minutos"},"schema":{"@context":"https:\/\/schema.org","@graph":[{"@type":"Article","@id":"https:\/\/anjaekstroem.dk\/hvad-er-en-modifier\/#article","isPartOf":{"@id":"https:\/\/anjaekstroem.dk\/hvad-er-en-modifier\/"},"author":{"name":"Anja Ekstr\u00f8m","@id":"https:\/\/anjaekstroem.dk\/#\/schema\/person\/ae301236eee86c4cc45c9a0b9b018b26"},"headline":"Hvad er en modifier?","datePublished":"2022-07-06T13:28:00+00:00","dateModified":"2024-11-27T14:13:51+00:00","mainEntityOfPage":{"@id":"https:\/\/anjaekstroem.dk\/hvad-er-en-modifier\/"},"wordCount":1046,"publisher":{"@id":"https:\/\/anjaekstroem.dk\/#organization"},"image":{"@id":"https:\/\/anjaekstroem.dk\/hvad-er-en-modifier\/#primaryimage"},"thumbnailUrl":"https:\/\/anjaekstroem.dk\/wp-content\/uploads\/2024\/10\/Paraply-Profoto.jpeg","articleSection":["Beauty","Fotoshoots","Inspiration","Lidt af hvert"],"inLanguage":"es"},{"@type":"WebPage","@id":"https:\/\/anjaekstroem.dk\/hvad-er-en-modifier\/","url":"https:\/\/anjaekstroem.dk\/hvad-er-en-modifier\/","name":"Hvad er en modifier? - Anja Ekstr\u00f8m Creative","isPartOf":{"@id":"https:\/\/anjaekstroem.dk\/#website"},"primaryImageOfPage":{"@id":"https:\/\/anjaekstroem.dk\/hvad-er-en-modifier\/#primaryimage"},"image":{"@id":"https:\/\/anjaekstroem.dk\/hvad-er-en-modifier\/#primaryimage"},"thumbnailUrl":"https:\/\/anjaekstroem.dk\/wp-content\/uploads\/2024\/10\/Paraply-Profoto.jpeg","datePublished":"2022-07-06T13:28:00+00:00","dateModified":"2024-11-27T14:13:51+00:00","description":"Hvad er en modifier? Her hj\u00e6lper jeg gerne med at navigere rundt i junglen s\u00e5 du f\u00e5r en basisforst\u00e5else for hvad de g\u00f8r hver is\u00e6r.","breadcrumb":{"@id":"https:\/\/anjaekstroem.dk\/hvad-er-en-modifier\/#breadcrumb"},"inLanguage":"es","potentialAction":[{"@type":"ReadAction","target":["https:\/\/anjaekstroem.dk\/hvad-er-en-modifier\/"]}]},{"@type":"ImageObject","inLanguage":"es","@id":"https:\/\/anjaekstroem.dk\/hvad-er-en-modifier\/#primaryimage","url":"https:\/\/anjaekstroem.dk\/wp-content\/uploads\/2024\/10\/Paraply-Profoto.jpeg","contentUrl":"https:\/\/anjaekstroem.dk\/wp-content\/uploads\/2024\/10\/Paraply-Profoto.jpeg","width":960,"height":720,"caption":"Hvad er en modifier"},{"@type":"BreadcrumbList","@id":"https:\/\/anjaekstroem.dk\/hvad-er-en-modifier\/#breadcrumb","itemListElement":[{"@type":"ListItem","position":1,"name":"Hjem","item":"https:\/\/anjaekstroem.dk\/"},{"@type":"ListItem","position":2,"name":"Hvad er en modifier?"}]},{"@type":"WebSite","@id":"https:\/\/anjaekstroem.dk\/#website","url":"https:\/\/anjaekstroem.dk\/","name":"Anja Ekstr\u00f8m Creative","description":"Fotograf med sj\u00e6l","publisher":{"@id":"https:\/\/anjaekstroem.dk\/#organization"},"potentialAction":[{"@type":"SearchAction","target":{"@type":"EntryPoint","urlTemplate":"https:\/\/anjaekstroem.dk\/?s={search_term_string}"},"query-input":{"@type":"PropertyValueSpecification","valueRequired":true,"valueName":"search_term_string"}}],"inLanguage":"es"},{"@type":"Organization","@id":"https:\/\/anjaekstroem.dk\/#organization","name":"Anja Ekstr\u00f8m Creative","url":"https:\/\/anjaekstroem.dk\/","logo":{"@type":"ImageObject","inLanguage":"es","@id":"https:\/\/anjaekstroem.dk\/#\/schema\/logo\/image\/","url":"https:\/\/anjaekstroem.dk\/wp-content\/uploads\/2021\/10\/AnjaEkstroem-03.png","contentUrl":"https:\/\/anjaekstroem.dk\/wp-content\/uploads\/2021\/10\/AnjaEkstroem-03.png","width":2560,"height":662,"caption":"Anja Ekstr\u00f8m Creative"},"image":{"@id":"https:\/\/anjaekstroem.dk\/#\/schema\/logo\/image\/"}},{"@type":"Person","@id":"https:\/\/anjaekstroem.dk\/#\/schema\/person\/ae301236eee86c4cc45c9a0b9b018b26","name":"Anja Ekstr\u00f8m","url":"https:\/\/anjaekstroem.dk\/es\/author\/anja\/"}]}},"_links":{"self":[{"href":"https:\/\/anjaekstroem.dk\/es\/wp-json\/wp\/v2\/posts\/10258","targetHints":{"allow":["GET"]}}],"collection":[{"href":"https:\/\/anjaekstroem.dk\/es\/wp-json\/wp\/v2\/posts"}],"about":[{"href":"https:\/\/anjaekstroem.dk\/es\/wp-json\/wp\/v2\/types\/post"}],"author":[{"embeddable":true,"href":"https:\/\/anjaekstroem.dk\/es\/wp-json\/wp\/v2\/users\/3"}],"replies":[{"embeddable":true,"href":"https:\/\/anjaekstroem.dk\/es\/wp-json\/wp\/v2\/comments?post=10258"}],"version-history":[{"count":2,"href":"https:\/\/anjaekstroem.dk\/es\/wp-json\/wp\/v2\/posts\/10258\/revisions"}],"predecessor-version":[{"id":11345,"href":"https:\/\/anjaekstroem.dk\/es\/wp-json\/wp\/v2\/posts\/10258\/revisions\/11345"}],"wp:featuredmedia":[{"embeddable":true,"href":"https:\/\/anjaekstroem.dk\/es\/wp-json\/wp\/v2\/media\/10268"}],"wp:attachment":[{"href":"https:\/\/anjaekstroem.dk\/es\/wp-json\/wp\/v2\/media?parent=10258"}],"wp:term":[{"taxonomy":"category","embeddable":true,"href":"https:\/\/anjaekstroem.dk\/es\/wp-json\/wp\/v2\/categories?post=10258"},{"taxonomy":"post_tag","embeddable":true,"href":"https:\/\/anjaekstroem.dk\/es\/wp-json\/wp\/v2\/tags?post=10258"}],"curies":[{"name":"wp","href":"https:\/\/api.w.org\/{rel}","templated":true}]}}