{"id":3254,"date":"2022-02-26T18:14:48","date_gmt":"2022-02-26T17:14:48","guid":{"rendered":"https:\/\/www.anjaekstroem.dk\/?p=3254"},"modified":"2024-08-26T13:29:31","modified_gmt":"2024-08-26T11:29:31","slug":"faa-din-egen-internationale-kampagne","status":"publish","type":"post","link":"https:\/\/anjaekstroem.dk\/en\/get-your-own-international-campaign\/","title":{"rendered":"Get your own international campaign"},"content":{"rendered":"<h2>Get your own international campaign<\/h2>\n<h3>Yes, it sounds very good right?\u2026..<\/h3>\n<p>You can have your own international campaign, shot under sunshine and palm rush\u2026.. But HOW????<\/p>\n<p>As many know, international campaigns can cost many, many, many thousands of kroner as you fly a whole team away, with catering, hotel, etc. , have a common understanding, etc., so many prefer to have their &quot;own&quot; photographer with them, and not hire someone they know nothing about.<\/p>\n<p>Regardless, it just ends up being more than you expect and smaller (perhaps new) brands don&#039;t necessarily have that kind of budget for the upcoming campaign for website, social media, etc.<\/p>\n<h4>I have a solution for that!<\/h4>\n<p>Let&#039;s say you sell\/design women&#039;s clothing and are new to the market. You don&#039;t have 30-70,000 to spend abroad, but you dream of the international look of your photos. I KNOW ABOUT ANYONE what it&#039;s like to want it ALL\u2026. NUUUUU... but don&#039;t have the finances to just give up! I&#039;ve never been good at the &quot;Eating for nourishment&quot; concept but that&#039;s the way it has to be sometimes... BUT NOT NOW!<\/p>\n<p>You contact me and tell me what you want the photos to contain in terms of location, styling, model type, vibe\/mood etc., how many styles etc. it is about<\/p>\n<p>I will take a model + your products to the sunny coast of Spain (<a href=\"https:\/\/www.google.com\/maps\/place\/29770+Torrox+Costa,+M%C3%A1laga,+Spanien\/@36.7324982,-3.9630656,14z\/data=!3m1!4b1!4m5!3m4!1s0xd723a898c69cceb:0xc358756be5d629fb!8m2!3d36.7325!4d-3.945556\">map here)<\/a>. We shoot a series based on your instructions and wishes. I am sending you a preview of what we have done so that you can sit quietly in Denmark and be with us all the way. I set aside plenty of time for each shoot so that there is room for you to say: &quot;I&#039;m just missing a few pieces in this setting&quot; or similar, and then we have time to capture it before we travel back again.<\/p>\n<h4>So you save the WHOLE team away - I&#039;ll make sure of that.<\/h4>\n<p>I am responsible for all the practical things together with you. Together we will find the model(s) that suit the expression you want. I will probably help shape your vision into reality, so you can just sit back and watch your brand baby grow and grow in the visual field.<\/p>\n<p>To see your products being professionally photographed under the sun and palm trees is for many a FANTASTIC experience.<\/p>\n<h4>Why am I doing this?<\/h4>\n<p>I believe in and am really passionate about helping each other and giving back. I am PASSIONATE about entrepreneurship and would really like to be a small part of your future success if I can!.<\/p>\n<p>I really think there is huge potential in this. That&#039;s why I also put &quot;money where my mouth is&quot; and have lowered my image price SIGNIFICANTLY to get this started! I love EVERYTHING about it!! and thus: &quot;Get your own international campaign&quot; came to life.<\/p>\n<p>If you want to hear more about the financial aspects of it, send me an email or SMS and I will happily explain - I promise that it is a FAR more palatable price than described above \ud83d\ude09<\/p>\n<p>Contact: anja@anjaekstroem.dk \/\/ 25157676 \u2013 you can find something from Los Angeles and Spain <a href=\"https:\/\/anjaekstroem.dk\/en\/fashion-photographer\/\">HERE<\/a><\/p>\n<p>I&#039;ll just throw a few in here:<\/p>\n<p><img fetchpriority=\"high\" decoding=\"async\" class=\"alignnone size-medium wp-image-2601\" src=\"https:\/\/www.anjaekstroem.dk\/wp-content\/uploads\/2020\/06\/20200303-20200303-DSC03103-Edit-4-300x204.jpg\" alt=\"Ball International fashion photographer Anja Ekstr\u00f8m\" width=\"300\" height=\"204\" \/><img decoding=\"async\" class=\"alignnone size-medium wp-image-1894\" src=\"https:\/\/anjaekstroem.dk\/wp-content\/uploads\/2018\/10\/madeline-ford-photographer-anja-ekstrom-4-300x200.jpg\" alt=\"Los Angeles Madeline Ford fashion photographer Anja Ekstr\u00f8m\" width=\"300\" height=\"200\" srcset=\"https:\/\/anjaekstroem.dk\/wp-content\/uploads\/2018\/10\/madeline-ford-photographer-anja-ekstrom-4-300x200.jpg 300w, https:\/\/anjaekstroem.dk\/wp-content\/uploads\/2018\/10\/madeline-ford-photographer-anja-ekstrom-4-600x400.jpg 600w, https:\/\/anjaekstroem.dk\/wp-content\/uploads\/2018\/10\/madeline-ford-photographer-anja-ekstrom-4-1024x683.jpg 1024w, https:\/\/anjaekstroem.dk\/wp-content\/uploads\/2018\/10\/madeline-ford-photographer-anja-ekstrom-4-768x512.jpg 768w, https:\/\/anjaekstroem.dk\/wp-content\/uploads\/2018\/10\/madeline-ford-photographer-anja-ekstrom-4-1536x1024.jpg 1536w, https:\/\/anjaekstroem.dk\/wp-content\/uploads\/2018\/10\/madeline-ford-photographer-anja-ekstrom-4.jpg 2048w\" sizes=\"(max-width: 300px) 100vw, 300px\" \/><img decoding=\"async\" class=\"alignnone size-medium wp-image-1755\" src=\"https:\/\/anjaekstroem.dk\/wp-content\/uploads\/2018\/03\/416A4960-3-300x200.jpg\" alt=\"fashion photographer Anja Ekstr\u00f8m\" width=\"300\" height=\"200\" srcset=\"https:\/\/anjaekstroem.dk\/wp-content\/uploads\/2018\/03\/416A4960-3-300x200.jpg 300w, https:\/\/anjaekstroem.dk\/wp-content\/uploads\/2018\/03\/416A4960-3-600x400.jpg 600w, https:\/\/anjaekstroem.dk\/wp-content\/uploads\/2018\/03\/416A4960-3-1024x683.jpg 1024w, https:\/\/anjaekstroem.dk\/wp-content\/uploads\/2018\/03\/416A4960-3-768x512.jpg 768w, https:\/\/anjaekstroem.dk\/wp-content\/uploads\/2018\/03\/416A4960-3-1536x1024.jpg 1536w, https:\/\/anjaekstroem.dk\/wp-content\/uploads\/2018\/03\/416A4960-3.jpg 2048w\" sizes=\"(max-width: 300px) 100vw, 300px\" \/><img loading=\"lazy\" decoding=\"async\" class=\"alignnone size-medium wp-image-1896\" src=\"https:\/\/anjaekstroem.dk\/wp-content\/uploads\/2018\/10\/madeline-ford-photographer-anja-ekstrom-25-300x200.jpg\" alt=\"Los Angeles Anja Ekstrom\" width=\"300\" height=\"200\" \/><\/p>\n<p><img loading=\"lazy\" decoding=\"async\" class=\"alignnone size-medium wp-image-2602\" src=\"https:\/\/www.anjaekstroem.dk\/wp-content\/uploads\/2020\/06\/20200303-20200303-DSC03415-Edit-Edit-300x200.jpg\" alt=\"Ball International by fashion photographer Anja Ekstr\u00f8m\" width=\"300\" height=\"200\" \/><img loading=\"lazy\" decoding=\"async\" class=\"alignnone size-medium wp-image-1901\" src=\"https:\/\/anjaekstroem.dk\/wp-content\/uploads\/2018\/10\/Madeline-Ford-photographer-Anja-Ekstrom-7-300x200.jpg\" alt=\"Fashion photographer Anja Ekstr\u00f8m\" width=\"300\" height=\"200\" srcset=\"https:\/\/anjaekstroem.dk\/wp-content\/uploads\/2018\/10\/Madeline-Ford-photographer-Anja-Ekstrom-7-300x200.jpg 300w, https:\/\/anjaekstroem.dk\/wp-content\/uploads\/2018\/10\/Madeline-Ford-photographer-Anja-Ekstrom-7-600x400.jpg 600w, https:\/\/anjaekstroem.dk\/wp-content\/uploads\/2018\/10\/Madeline-Ford-photographer-Anja-Ekstrom-7-1024x683.jpg 1024w, https:\/\/anjaekstroem.dk\/wp-content\/uploads\/2018\/10\/Madeline-Ford-photographer-Anja-Ekstrom-7-768x512.jpg 768w, https:\/\/anjaekstroem.dk\/wp-content\/uploads\/2018\/10\/Madeline-Ford-photographer-Anja-Ekstrom-7-1536x1024.jpg 1536w, https:\/\/anjaekstroem.dk\/wp-content\/uploads\/2018\/10\/Madeline-Ford-photographer-Anja-Ekstrom-7.jpg 2048w\" sizes=\"(max-width: 300px) 100vw, 300px\" \/><img loading=\"lazy\" decoding=\"async\" class=\"alignnone size-medium wp-image-2604\" src=\"https:\/\/www.anjaekstroem.dk\/wp-content\/uploads\/2020\/06\/20200304-20200304-DSC04448-Edit-300x200.jpg\" alt=\"\" width=\"300\" height=\"200\" \/><img loading=\"lazy\" decoding=\"async\" class=\"alignnone size-medium wp-image-1761\" src=\"https:\/\/anjaekstroem.dk\/wp-content\/uploads\/2018\/03\/416A5061-300x200.jpg\" alt=\"Fashion photographer Anja Ekstr\u00f8m\" width=\"300\" height=\"200\" srcset=\"https:\/\/anjaekstroem.dk\/wp-content\/uploads\/2018\/03\/416A5061-300x200.jpg 300w, https:\/\/anjaekstroem.dk\/wp-content\/uploads\/2018\/03\/416A5061-600x400.jpg 600w, https:\/\/anjaekstroem.dk\/wp-content\/uploads\/2018\/03\/416A5061-1024x683.jpg 1024w, https:\/\/anjaekstroem.dk\/wp-content\/uploads\/2018\/03\/416A5061-768x512.jpg 768w, https:\/\/anjaekstroem.dk\/wp-content\/uploads\/2018\/03\/416A5061-1536x1025.jpg 1536w, https:\/\/anjaekstroem.dk\/wp-content\/uploads\/2018\/03\/416A5061.jpg 2048w\" sizes=\"(max-width: 300px) 100vw, 300px\" \/><\/p>\n<p>XOXO<\/p>\n<p>Anja<\/p>","protected":false},"excerpt":{"rendered":"<p>Get your own international campaign Yes, it sounds very good right?\u2026.. You can have your own international campaign, shot under sunshine and palm rustles\u2026.. But HOW???? As many know, international campaigns can cost many, many, many thousands of kroner, since you fly a whole team away, with food, hotel, etc., etc. Alternatively, you can hire [\u2026]<\/p>","protected":false},"author":3,"featured_media":1895,"comment_status":"open","ping_status":"open","sticky":false,"template":"","format":"standard","meta":{"_acf_changed":false,"iawp_total_views":31,"footnotes":""},"categories":[52,71,53],"tags":[66,67,68,69,70],"class_list":["post-3254","post","type-post","status-publish","format-standard","has-post-thumbnail","hentry","category-fotoshoots","category-lidt-af-hvert","category-magasiner","tag-branding","tag-international-kampagne","tag-lookbook","tag-mode","tag-spanien"],"acf":[],"yoast_head":"<!-- This site is optimized with the Yoast SEO plugin v23.5 - https:\/\/yoast.com\/wordpress\/plugins\/seo\/ -->\n<title>F\u00e5 din egen internationale kampagne - Anja Ekstr\u00f8m Creative<\/title>\n<meta name=\"description\" content=\"F\u00e5 din egen internationale kampagne Er du et mindre brand med \u00f8nsket om billeder med et internationalt look men har et lille budget?\" \/>\n<meta name=\"robots\" content=\"index, follow, max-snippet:-1, max-image-preview:large, max-video-preview:-1\" \/>\n<link rel=\"canonical\" href=\"https:\/\/anjaekstroem.dk\/en\/get-your-own-international-campaign\/\" \/>\n<meta property=\"og:locale\" content=\"en_GB\" \/>\n<meta property=\"og:type\" content=\"article\" \/>\n<meta property=\"og:title\" content=\"F\u00e5 din egen internationale kampagne - Anja Ekstr\u00f8m Creative\" \/>\n<meta property=\"og:description\" content=\"F\u00e5 din egen internationale kampagne Er du et mindre brand med \u00f8nsket om billeder med et internationalt look men har et lille budget?\" \/>\n<meta property=\"og:url\" content=\"https:\/\/anjaekstroem.dk\/en\/get-your-own-international-campaign\/\" \/>\n<meta property=\"og:site_name\" content=\"Anja Ekstr\u00f8m Creative\" \/>\n<meta property=\"article:published_time\" content=\"2022-02-26T17:14:48+00:00\" \/>\n<meta property=\"article:modified_time\" content=\"2024-08-26T11:29:31+00:00\" \/>\n<meta property=\"og:image\" content=\"https:\/\/anjaekstroem.dk\/wp-content\/uploads\/2018\/10\/madeline-ford-photographer-anja-ekstrom-12.jpg\" \/>\n\t<meta property=\"og:image:width\" content=\"2048\" \/>\n\t<meta property=\"og:image:height\" content=\"1365\" \/>\n\t<meta property=\"og:image:type\" content=\"image\/jpeg\" \/>\n<meta name=\"author\" content=\"Anja Ekstr\u00f8m\" \/>\n<meta name=\"twitter:card\" content=\"summary_large_image\" \/>\n<meta name=\"twitter:label1\" content=\"Written by\" \/>\n\t<meta name=\"twitter:data1\" content=\"Anja Ekstr\u00f8m\" \/>\n\t<meta name=\"twitter:label2\" content=\"Estimated reading time\" \/>\n\t<meta name=\"twitter:data2\" content=\"5 minutes\" \/>\n<script type=\"application\/ld+json\" class=\"yoast-schema-graph\">{\"@context\":\"https:\/\/schema.org\",\"@graph\":[{\"@type\":\"Article\",\"@id\":\"https:\/\/anjaekstroem.dk\/faa-din-egen-internationale-kampagne\/#article\",\"isPartOf\":{\"@id\":\"https:\/\/anjaekstroem.dk\/faa-din-egen-internationale-kampagne\/\"},\"author\":{\"name\":\"Anja Ekstr\u00f8m\",\"@id\":\"https:\/\/anjaekstroem.dk\/#\/schema\/person\/ae301236eee86c4cc45c9a0b9b018b26\"},\"headline\":\"F\u00e5 din egen internationale kampagne\",\"datePublished\":\"2022-02-26T17:14:48+00:00\",\"dateModified\":\"2024-08-26T11:29:31+00:00\",\"mainEntityOfPage\":{\"@id\":\"https:\/\/anjaekstroem.dk\/faa-din-egen-internationale-kampagne\/\"},\"wordCount\":582,\"commentCount\":26,\"publisher\":{\"@id\":\"https:\/\/anjaekstroem.dk\/#organization\"},\"image\":{\"@id\":\"https:\/\/anjaekstroem.dk\/faa-din-egen-internationale-kampagne\/#primaryimage\"},\"thumbnailUrl\":\"https:\/\/anjaekstroem.dk\/wp-content\/uploads\/2018\/10\/madeline-ford-photographer-anja-ekstrom-12.jpg\",\"keywords\":[\"branding\",\"international kampagne\",\"lookbook\",\"mode\",\"spanien\"],\"articleSection\":[\"Fotoshoots\",\"Lidt af hvert\",\"Magasiner\"],\"inLanguage\":\"en-GB\",\"potentialAction\":[{\"@type\":\"CommentAction\",\"name\":\"Comment\",\"target\":[\"https:\/\/anjaekstroem.dk\/faa-din-egen-internationale-kampagne\/#respond\"]}]},{\"@type\":\"WebPage\",\"@id\":\"https:\/\/anjaekstroem.dk\/faa-din-egen-internationale-kampagne\/\",\"url\":\"https:\/\/anjaekstroem.dk\/faa-din-egen-internationale-kampagne\/\",\"name\":\"F\u00e5 din egen internationale kampagne - Anja Ekstr\u00f8m Creative\",\"isPartOf\":{\"@id\":\"https:\/\/anjaekstroem.dk\/#website\"},\"primaryImageOfPage\":{\"@id\":\"https:\/\/anjaekstroem.dk\/faa-din-egen-internationale-kampagne\/#primaryimage\"},\"image\":{\"@id\":\"https:\/\/anjaekstroem.dk\/faa-din-egen-internationale-kampagne\/#primaryimage\"},\"thumbnailUrl\":\"https:\/\/anjaekstroem.dk\/wp-content\/uploads\/2018\/10\/madeline-ford-photographer-anja-ekstrom-12.jpg\",\"datePublished\":\"2022-02-26T17:14:48+00:00\",\"dateModified\":\"2024-08-26T11:29:31+00:00\",\"description\":\"F\u00e5 din egen internationale kampagne Er du et mindre brand med \u00f8nsket om billeder med et internationalt look men har et lille budget?\",\"breadcrumb\":{\"@id\":\"https:\/\/anjaekstroem.dk\/faa-din-egen-internationale-kampagne\/#breadcrumb\"},\"inLanguage\":\"en-GB\",\"potentialAction\":[{\"@type\":\"ReadAction\",\"target\":[\"https:\/\/anjaekstroem.dk\/faa-din-egen-internationale-kampagne\/\"]}]},{\"@type\":\"ImageObject\",\"inLanguage\":\"en-GB\",\"@id\":\"https:\/\/anjaekstroem.dk\/faa-din-egen-internationale-kampagne\/#primaryimage\",\"url\":\"https:\/\/anjaekstroem.dk\/wp-content\/uploads\/2018\/10\/madeline-ford-photographer-anja-ekstrom-12.jpg\",\"contentUrl\":\"https:\/\/anjaekstroem.dk\/wp-content\/uploads\/2018\/10\/madeline-ford-photographer-anja-ekstrom-12.jpg\",\"width\":2048,\"height\":1365,\"caption\":\"Los Angeles modekampagne skudt af Anja Ekstr\u00f8m\"},{\"@type\":\"BreadcrumbList\",\"@id\":\"https:\/\/anjaekstroem.dk\/faa-din-egen-internationale-kampagne\/#breadcrumb\",\"itemListElement\":[{\"@type\":\"ListItem\",\"position\":1,\"name\":\"Hjem\",\"item\":\"https:\/\/anjaekstroem.dk\/\"},{\"@type\":\"ListItem\",\"position\":2,\"name\":\"F\u00e5 din egen internationale kampagne\"}]},{\"@type\":\"WebSite\",\"@id\":\"https:\/\/anjaekstroem.dk\/#website\",\"url\":\"https:\/\/anjaekstroem.dk\/\",\"name\":\"Anja Ekstr\u00f8m Creative\",\"description\":\"Fotograf med sj\u00e6l\",\"publisher\":{\"@id\":\"https:\/\/anjaekstroem.dk\/#organization\"},\"potentialAction\":[{\"@type\":\"SearchAction\",\"target\":{\"@type\":\"EntryPoint\",\"urlTemplate\":\"https:\/\/anjaekstroem.dk\/?s={search_term_string}\"},\"query-input\":{\"@type\":\"PropertyValueSpecification\",\"valueRequired\":true,\"valueName\":\"search_term_string\"}}],\"inLanguage\":\"en-GB\"},{\"@type\":\"Organization\",\"@id\":\"https:\/\/anjaekstroem.dk\/#organization\",\"name\":\"Anja Ekstr\u00f8m Creative\",\"url\":\"https:\/\/anjaekstroem.dk\/\",\"logo\":{\"@type\":\"ImageObject\",\"inLanguage\":\"en-GB\",\"@id\":\"https:\/\/anjaekstroem.dk\/#\/schema\/logo\/image\/\",\"url\":\"https:\/\/anjaekstroem.dk\/wp-content\/uploads\/2021\/10\/AnjaEkstroem-03.png\",\"contentUrl\":\"https:\/\/anjaekstroem.dk\/wp-content\/uploads\/2021\/10\/AnjaEkstroem-03.png\",\"width\":2560,\"height\":662,\"caption\":\"Anja Ekstr\u00f8m Creative\"},\"image\":{\"@id\":\"https:\/\/anjaekstroem.dk\/#\/schema\/logo\/image\/\"}},{\"@type\":\"Person\",\"@id\":\"https:\/\/anjaekstroem.dk\/#\/schema\/person\/ae301236eee86c4cc45c9a0b9b018b26\",\"name\":\"Anja Ekstr\u00f8m\",\"url\":\"https:\/\/anjaekstroem.dk\/en\/author\/anja\/\"}]}<\/script>\n<!-- \/ Yoast SEO plugin. -->","yoast_head_json":{"title":"F\u00e5 din egen internationale kampagne - Anja Ekstr\u00f8m Creative","description":"F\u00e5 din egen internationale kampagne Er du et mindre brand med \u00f8nsket om billeder med et internationalt look men har et lille budget?","robots":{"index":"index","follow":"follow","max-snippet":"max-snippet:-1","max-image-preview":"max-image-preview:large","max-video-preview":"max-video-preview:-1"},"canonical":"https:\/\/anjaekstroem.dk\/en\/get-your-own-international-campaign\/","og_locale":"en_GB","og_type":"article","og_title":"F\u00e5 din egen internationale kampagne - Anja Ekstr\u00f8m Creative","og_description":"F\u00e5 din egen internationale kampagne Er du et mindre brand med \u00f8nsket om billeder med et internationalt look men har et lille budget?","og_url":"https:\/\/anjaekstroem.dk\/en\/get-your-own-international-campaign\/","og_site_name":"Anja Ekstr\u00f8m Creative","article_published_time":"2022-02-26T17:14:48+00:00","article_modified_time":"2024-08-26T11:29:31+00:00","og_image":[{"width":2048,"height":1365,"url":"https:\/\/anjaekstroem.dk\/wp-content\/uploads\/2018\/10\/madeline-ford-photographer-anja-ekstrom-12.jpg","type":"image\/jpeg"}],"author":"Anja Ekstr\u00f8m","twitter_card":"summary_large_image","twitter_misc":{"Written by":"Anja Ekstr\u00f8m","Estimated reading time":"5 minutes"},"schema":{"@context":"https:\/\/schema.org","@graph":[{"@type":"Article","@id":"https:\/\/anjaekstroem.dk\/faa-din-egen-internationale-kampagne\/#article","isPartOf":{"@id":"https:\/\/anjaekstroem.dk\/faa-din-egen-internationale-kampagne\/"},"author":{"name":"Anja Ekstr\u00f8m","@id":"https:\/\/anjaekstroem.dk\/#\/schema\/person\/ae301236eee86c4cc45c9a0b9b018b26"},"headline":"F\u00e5 din egen internationale kampagne","datePublished":"2022-02-26T17:14:48+00:00","dateModified":"2024-08-26T11:29:31+00:00","mainEntityOfPage":{"@id":"https:\/\/anjaekstroem.dk\/faa-din-egen-internationale-kampagne\/"},"wordCount":582,"commentCount":26,"publisher":{"@id":"https:\/\/anjaekstroem.dk\/#organization"},"image":{"@id":"https:\/\/anjaekstroem.dk\/faa-din-egen-internationale-kampagne\/#primaryimage"},"thumbnailUrl":"https:\/\/anjaekstroem.dk\/wp-content\/uploads\/2018\/10\/madeline-ford-photographer-anja-ekstrom-12.jpg","keywords":["branding","international kampagne","lookbook","mode","spanien"],"articleSection":["Fotoshoots","Lidt af hvert","Magasiner"],"inLanguage":"en-GB","potentialAction":[{"@type":"CommentAction","name":"Comment","target":["https:\/\/anjaekstroem.dk\/faa-din-egen-internationale-kampagne\/#respond"]}]},{"@type":"WebPage","@id":"https:\/\/anjaekstroem.dk\/faa-din-egen-internationale-kampagne\/","url":"https:\/\/anjaekstroem.dk\/faa-din-egen-internationale-kampagne\/","name":"F\u00e5 din egen internationale kampagne - Anja Ekstr\u00f8m Creative","isPartOf":{"@id":"https:\/\/anjaekstroem.dk\/#website"},"primaryImageOfPage":{"@id":"https:\/\/anjaekstroem.dk\/faa-din-egen-internationale-kampagne\/#primaryimage"},"image":{"@id":"https:\/\/anjaekstroem.dk\/faa-din-egen-internationale-kampagne\/#primaryimage"},"thumbnailUrl":"https:\/\/anjaekstroem.dk\/wp-content\/uploads\/2018\/10\/madeline-ford-photographer-anja-ekstrom-12.jpg","datePublished":"2022-02-26T17:14:48+00:00","dateModified":"2024-08-26T11:29:31+00:00","description":"F\u00e5 din egen internationale kampagne Er du et mindre brand med \u00f8nsket om billeder med et internationalt look men har et lille budget?","breadcrumb":{"@id":"https:\/\/anjaekstroem.dk\/faa-din-egen-internationale-kampagne\/#breadcrumb"},"inLanguage":"en-GB","potentialAction":[{"@type":"ReadAction","target":["https:\/\/anjaekstroem.dk\/faa-din-egen-internationale-kampagne\/"]}]},{"@type":"ImageObject","inLanguage":"en-GB","@id":"https:\/\/anjaekstroem.dk\/faa-din-egen-internationale-kampagne\/#primaryimage","url":"https:\/\/anjaekstroem.dk\/wp-content\/uploads\/2018\/10\/madeline-ford-photographer-anja-ekstrom-12.jpg","contentUrl":"https:\/\/anjaekstroem.dk\/wp-content\/uploads\/2018\/10\/madeline-ford-photographer-anja-ekstrom-12.jpg","width":2048,"height":1365,"caption":"Los Angeles modekampagne skudt af Anja Ekstr\u00f8m"},{"@type":"BreadcrumbList","@id":"https:\/\/anjaekstroem.dk\/faa-din-egen-internationale-kampagne\/#breadcrumb","itemListElement":[{"@type":"ListItem","position":1,"name":"Hjem","item":"https:\/\/anjaekstroem.dk\/"},{"@type":"ListItem","position":2,"name":"F\u00e5 din egen internationale kampagne"}]},{"@type":"WebSite","@id":"https:\/\/anjaekstroem.dk\/#website","url":"https:\/\/anjaekstroem.dk\/","name":"Anja Ekstr\u00f8m Creative","description":"Fotograf med sj\u00e6l","publisher":{"@id":"https:\/\/anjaekstroem.dk\/#organization"},"potentialAction":[{"@type":"SearchAction","target":{"@type":"EntryPoint","urlTemplate":"https:\/\/anjaekstroem.dk\/?s={search_term_string}"},"query-input":{"@type":"PropertyValueSpecification","valueRequired":true,"valueName":"search_term_string"}}],"inLanguage":"en-GB"},{"@type":"Organization","@id":"https:\/\/anjaekstroem.dk\/#organization","name":"Anja Ekstr\u00f8m Creative","url":"https:\/\/anjaekstroem.dk\/","logo":{"@type":"ImageObject","inLanguage":"en-GB","@id":"https:\/\/anjaekstroem.dk\/#\/schema\/logo\/image\/","url":"https:\/\/anjaekstroem.dk\/wp-content\/uploads\/2021\/10\/AnjaEkstroem-03.png","contentUrl":"https:\/\/anjaekstroem.dk\/wp-content\/uploads\/2021\/10\/AnjaEkstroem-03.png","width":2560,"height":662,"caption":"Anja Ekstr\u00f8m Creative"},"image":{"@id":"https:\/\/anjaekstroem.dk\/#\/schema\/logo\/image\/"}},{"@type":"Person","@id":"https:\/\/anjaekstroem.dk\/#\/schema\/person\/ae301236eee86c4cc45c9a0b9b018b26","name":"Anja Ekstr\u00f8m","url":"https:\/\/anjaekstroem.dk\/en\/author\/anja\/"}]}},"_links":{"self":[{"href":"https:\/\/anjaekstroem.dk\/en\/wp-json\/wp\/v2\/posts\/3254","targetHints":{"allow":["GET"]}}],"collection":[{"href":"https:\/\/anjaekstroem.dk\/en\/wp-json\/wp\/v2\/posts"}],"about":[{"href":"https:\/\/anjaekstroem.dk\/en\/wp-json\/wp\/v2\/types\/post"}],"author":[{"embeddable":true,"href":"https:\/\/anjaekstroem.dk\/en\/wp-json\/wp\/v2\/users\/3"}],"replies":[{"embeddable":true,"href":"https:\/\/anjaekstroem.dk\/en\/wp-json\/wp\/v2\/comments?post=3254"}],"version-history":[{"count":1,"href":"https:\/\/anjaekstroem.dk\/en\/wp-json\/wp\/v2\/posts\/3254\/revisions"}],"predecessor-version":[{"id":5675,"href":"https:\/\/anjaekstroem.dk\/en\/wp-json\/wp\/v2\/posts\/3254\/revisions\/5675"}],"wp:featuredmedia":[{"embeddable":true,"href":"https:\/\/anjaekstroem.dk\/en\/wp-json\/wp\/v2\/media\/1895"}],"wp:attachment":[{"href":"https:\/\/anjaekstroem.dk\/en\/wp-json\/wp\/v2\/media?parent=3254"}],"wp:term":[{"taxonomy":"category","embeddable":true,"href":"https:\/\/anjaekstroem.dk\/en\/wp-json\/wp\/v2\/categories?post=3254"},{"taxonomy":"post_tag","embeddable":true,"href":"https:\/\/anjaekstroem.dk\/en\/wp-json\/wp\/v2\/tags?post=3254"}],"curies":[{"name":"wp","href":"https:\/\/api.w.org\/{rel}","templated":true}]}}