{"id":2232,"date":"2017-01-23T17:14:23","date_gmt":"2017-01-23T16:14:23","guid":{"rendered":"https:\/\/www.anjaekstroem.dk\/?p=1443"},"modified":"2017-01-23T17:14:23","modified_gmt":"2017-01-23T16:14:23","slug":"den-rigtige-beslutning","status":"publish","type":"post","link":"https:\/\/anjaekstroem.dk\/en\/the-right-decision\/","title":{"rendered":"The right decision?"},"content":{"rendered":"<p>Now it is almost EXACTLY 6 months ago that I took the leap as a 100% independent photographer.<\/p>\n<p>No fixed salary every month.<\/p>\n<p>No illness with salary guarantee.<\/p>\n<p>No 8-16 meeting times.<\/p>\n<p>No full days off (almost).<\/p>\n<p>\u2026. and I look back with the question: <strong><em>So is it worth it??<\/em><\/strong><\/p>\n<p>The answer is; <strong>ABSO-FREAKIN&#039;-LUTELY!!!<\/strong> It&#039;s totally worth it <strong>x 100,000,000!!<\/strong><\/p>\n<p>As I described in a previous blog post, the office job has never really suited me - compare it to a jacket that is just too narrow over the shoulders: You NEED a jacket and you can easily wear it, but it doesn&#039;t fit quite.<\/p>\n<p>That&#039;s how I felt for 20 years... I just never took the time to delve into the WHY or what to do about it. I didn&#039;t dare! Because what if I didn&#039;t like the answer? I have always had an economy that has dictated my choices and therefore it was very scary to say goodbye to the secure income and fixed framework.<\/p>\n<p>It is the BEST thing I could have ever done for myself and my quality of life! For the first time in my life I feel passion for what I do. I feel it in my bones that I am EXACTLY where I need to be and I <strong>love love love<\/strong> to be allowed to build on my lifelong dream.<\/p>\n<p>Those who have said &quot;yes I love my job so much I love Monday morning&quot; - I have wanted to strangle them and throw up next to them.... NOW I AM ONE OF THEM!! And I like to shout it from every rooftop \ud83d\ude42<\/p>\n<p>Since I went &quot;all in&quot; with the photography, I have had clients such as L&#039;oreal, Universal Music, the Aveny chain, etc. and it proves (not least to myself):<\/p>\n<h2>\u00a0<strong>&quot;If you can dream it, you can DO it&quot;<\/strong><\/h2>\n<p>I look forward to sharing <strong>ALL<\/strong> with you on my journey and hope that you will follow both here on the blog, but also support <a href=\"http:\/\/facebook.com\/Aekstroem\">Facebook<\/a> and <a href=\"http:\/\/instagram.com\/anjaekstroem\">Instagram<\/a> \u2013 it will mean the world.<\/p>\n<p>XOXO<\/p>\n<p>Anja<\/p>\n<p>&nbsp;<\/p>","protected":false},"excerpt":{"rendered":"<p>Now it is almost EXACTLY 6 months ago that I took the leap as a 100% independent photographer. No fixed salary every month. No illness with salary guarantee. No 8-16 meeting times. No full days off (almost). \u2026. and I look back with the question: Is it worth it?? The answer is; ABSO-FREAKIN&#039;-LUTELY!!! It&#039;s totally worth it x 100,000,000!! As I [\u2026]<\/p>","protected":false},"author":3,"featured_media":4181,"comment_status":"open","ping_status":"open","sticky":false,"template":"","format":"standard","meta":{"_acf_changed":false,"iawp_total_views":38,"footnotes":""},"categories":[71],"tags":[],"class_list":["post-2232","post","type-post","status-publish","format-standard","has-post-thumbnail","hentry","category-lidt-af-hvert"],"acf":[],"yoast_head":"<!-- This site is optimized with the Yoast SEO plugin v23.5 - https:\/\/yoast.com\/wordpress\/plugins\/seo\/ -->\n<title>Har jeg taget den rigtige beslutning? Anja Ekstr\u00f8m Photography<\/title>\n<meta name=\"description\" content=\"Nu er det snart PR\u00c6CIS 6 mdr siden, at jeg tog springet som 100% selvst\u00e6ndig fotograf, uden fast indt\u00e6gt hver m\u00e5ned. Er det s\u00e5 det hele v\u00e6rd?\" \/>\n<meta name=\"robots\" content=\"index, follow, max-snippet:-1, max-image-preview:large, max-video-preview:-1\" \/>\n<link rel=\"canonical\" href=\"https:\/\/anjaekstroem.dk\/en\/the-right-decision\/\" \/>\n<meta property=\"og:locale\" content=\"en_GB\" \/>\n<meta property=\"og:type\" content=\"article\" \/>\n<meta property=\"og:title\" content=\"Har jeg taget den rigtige beslutning? Anja Ekstr\u00f8m Photography\" \/>\n<meta property=\"og:description\" content=\"Nu er det snart PR\u00c6CIS 6 mdr siden, at jeg tog springet som 100% selvst\u00e6ndig fotograf, uden fast indt\u00e6gt hver m\u00e5ned. Er det s\u00e5 det hele v\u00e6rd?\" \/>\n<meta property=\"og:url\" content=\"https:\/\/anjaekstroem.dk\/en\/the-right-decision\/\" \/>\n<meta property=\"og:site_name\" content=\"Anja Ekstr\u00f8m Creative\" \/>\n<meta property=\"article:published_time\" content=\"2017-01-23T16:14:23+00:00\" \/>\n<meta property=\"og:image\" content=\"https:\/\/anjaekstroem.dk\/wp-content\/uploads\/2017\/01\/glad-anja-ekstroem-e1485184309873.jpg\" \/>\n\t<meta property=\"og:image:width\" content=\"960\" \/>\n\t<meta property=\"og:image:height\" content=\"1280\" \/>\n\t<meta property=\"og:image:type\" content=\"image\/jpeg\" \/>\n<meta name=\"author\" content=\"Anja Ekstr\u00f8m\" \/>\n<meta name=\"twitter:card\" content=\"summary_large_image\" \/>\n<meta name=\"twitter:label1\" content=\"Written by\" \/>\n\t<meta name=\"twitter:data1\" content=\"Anja Ekstr\u00f8m\" \/>\n\t<meta name=\"twitter:label2\" content=\"Estimated reading time\" \/>\n\t<meta name=\"twitter:data2\" content=\"2 minutes\" \/>\n<script type=\"application\/ld+json\" class=\"yoast-schema-graph\">{\"@context\":\"https:\/\/schema.org\",\"@graph\":[{\"@type\":\"Article\",\"@id\":\"https:\/\/anjaekstroem.dk\/den-rigtige-beslutning\/#article\",\"isPartOf\":{\"@id\":\"https:\/\/anjaekstroem.dk\/den-rigtige-beslutning\/\"},\"author\":{\"name\":\"Anja Ekstr\u00f8m\",\"@id\":\"https:\/\/anjaekstroem.dk\/#\/schema\/person\/ae301236eee86c4cc45c9a0b9b018b26\"},\"headline\":\"Den rigtige beslutning?\",\"datePublished\":\"2017-01-23T16:14:23+00:00\",\"dateModified\":\"2017-01-23T16:14:23+00:00\",\"mainEntityOfPage\":{\"@id\":\"https:\/\/anjaekstroem.dk\/den-rigtige-beslutning\/\"},\"wordCount\":377,\"commentCount\":26,\"publisher\":{\"@id\":\"https:\/\/anjaekstroem.dk\/#organization\"},\"image\":{\"@id\":\"https:\/\/anjaekstroem.dk\/den-rigtige-beslutning\/#primaryimage\"},\"thumbnailUrl\":\"https:\/\/anjaekstroem.dk\/wp-content\/uploads\/2017\/01\/glad-anja-ekstroem-e1485184309873.jpg\",\"articleSection\":[\"Lidt af hvert\"],\"inLanguage\":\"en-GB\",\"potentialAction\":[{\"@type\":\"CommentAction\",\"name\":\"Comment\",\"target\":[\"https:\/\/anjaekstroem.dk\/den-rigtige-beslutning\/#respond\"]}]},{\"@type\":\"WebPage\",\"@id\":\"https:\/\/anjaekstroem.dk\/den-rigtige-beslutning\/\",\"url\":\"https:\/\/anjaekstroem.dk\/den-rigtige-beslutning\/\",\"name\":\"Har jeg taget den rigtige beslutning? Anja Ekstr\u00f8m Photography\",\"isPartOf\":{\"@id\":\"https:\/\/anjaekstroem.dk\/#website\"},\"primaryImageOfPage\":{\"@id\":\"https:\/\/anjaekstroem.dk\/den-rigtige-beslutning\/#primaryimage\"},\"image\":{\"@id\":\"https:\/\/anjaekstroem.dk\/den-rigtige-beslutning\/#primaryimage\"},\"thumbnailUrl\":\"https:\/\/anjaekstroem.dk\/wp-content\/uploads\/2017\/01\/glad-anja-ekstroem-e1485184309873.jpg\",\"datePublished\":\"2017-01-23T16:14:23+00:00\",\"dateModified\":\"2017-01-23T16:14:23+00:00\",\"description\":\"Nu er det snart PR\u00c6CIS 6 mdr siden, at jeg tog springet som 100% selvst\u00e6ndig fotograf, uden fast indt\u00e6gt hver m\u00e5ned. Er det s\u00e5 det hele v\u00e6rd?\",\"breadcrumb\":{\"@id\":\"https:\/\/anjaekstroem.dk\/den-rigtige-beslutning\/#breadcrumb\"},\"inLanguage\":\"en-GB\",\"potentialAction\":[{\"@type\":\"ReadAction\",\"target\":[\"https:\/\/anjaekstroem.dk\/den-rigtige-beslutning\/\"]}]},{\"@type\":\"ImageObject\",\"inLanguage\":\"en-GB\",\"@id\":\"https:\/\/anjaekstroem.dk\/den-rigtige-beslutning\/#primaryimage\",\"url\":\"https:\/\/anjaekstroem.dk\/wp-content\/uploads\/2017\/01\/glad-anja-ekstroem-e1485184309873.jpg\",\"contentUrl\":\"https:\/\/anjaekstroem.dk\/wp-content\/uploads\/2017\/01\/glad-anja-ekstroem-e1485184309873.jpg\",\"width\":960,\"height\":1280,\"caption\":\"selfie Anja Ekstr\u00f8m\"},{\"@type\":\"BreadcrumbList\",\"@id\":\"https:\/\/anjaekstroem.dk\/den-rigtige-beslutning\/#breadcrumb\",\"itemListElement\":[{\"@type\":\"ListItem\",\"position\":1,\"name\":\"Hjem\",\"item\":\"https:\/\/anjaekstroem.dk\/\"},{\"@type\":\"ListItem\",\"position\":2,\"name\":\"Den rigtige beslutning?\"}]},{\"@type\":\"WebSite\",\"@id\":\"https:\/\/anjaekstroem.dk\/#website\",\"url\":\"https:\/\/anjaekstroem.dk\/\",\"name\":\"Anja Ekstr\u00f8m Creative\",\"description\":\"Fotograf med sj\u00e6l\",\"publisher\":{\"@id\":\"https:\/\/anjaekstroem.dk\/#organization\"},\"potentialAction\":[{\"@type\":\"SearchAction\",\"target\":{\"@type\":\"EntryPoint\",\"urlTemplate\":\"https:\/\/anjaekstroem.dk\/?s={search_term_string}\"},\"query-input\":{\"@type\":\"PropertyValueSpecification\",\"valueRequired\":true,\"valueName\":\"search_term_string\"}}],\"inLanguage\":\"en-GB\"},{\"@type\":\"Organization\",\"@id\":\"https:\/\/anjaekstroem.dk\/#organization\",\"name\":\"Anja Ekstr\u00f8m Creative\",\"url\":\"https:\/\/anjaekstroem.dk\/\",\"logo\":{\"@type\":\"ImageObject\",\"inLanguage\":\"en-GB\",\"@id\":\"https:\/\/anjaekstroem.dk\/#\/schema\/logo\/image\/\",\"url\":\"https:\/\/anjaekstroem.dk\/wp-content\/uploads\/2021\/10\/AnjaEkstroem-03.png\",\"contentUrl\":\"https:\/\/anjaekstroem.dk\/wp-content\/uploads\/2021\/10\/AnjaEkstroem-03.png\",\"width\":2560,\"height\":662,\"caption\":\"Anja Ekstr\u00f8m Creative\"},\"image\":{\"@id\":\"https:\/\/anjaekstroem.dk\/#\/schema\/logo\/image\/\"}},{\"@type\":\"Person\",\"@id\":\"https:\/\/anjaekstroem.dk\/#\/schema\/person\/ae301236eee86c4cc45c9a0b9b018b26\",\"name\":\"Anja Ekstr\u00f8m\",\"url\":\"https:\/\/anjaekstroem.dk\/en\/author\/anja\/\"}]}<\/script>\n<!-- \/ Yoast SEO plugin. -->","yoast_head_json":{"title":"Har jeg taget den rigtige beslutning? Anja Ekstr\u00f8m Photography","description":"Nu er det snart PR\u00c6CIS 6 mdr siden, at jeg tog springet som 100% selvst\u00e6ndig fotograf, uden fast indt\u00e6gt hver m\u00e5ned. Er det s\u00e5 det hele v\u00e6rd?","robots":{"index":"index","follow":"follow","max-snippet":"max-snippet:-1","max-image-preview":"max-image-preview:large","max-video-preview":"max-video-preview:-1"},"canonical":"https:\/\/anjaekstroem.dk\/en\/the-right-decision\/","og_locale":"en_GB","og_type":"article","og_title":"Har jeg taget den rigtige beslutning? Anja Ekstr\u00f8m Photography","og_description":"Nu er det snart PR\u00c6CIS 6 mdr siden, at jeg tog springet som 100% selvst\u00e6ndig fotograf, uden fast indt\u00e6gt hver m\u00e5ned. Er det s\u00e5 det hele v\u00e6rd?","og_url":"https:\/\/anjaekstroem.dk\/en\/the-right-decision\/","og_site_name":"Anja Ekstr\u00f8m Creative","article_published_time":"2017-01-23T16:14:23+00:00","og_image":[{"width":960,"height":1280,"url":"https:\/\/anjaekstroem.dk\/wp-content\/uploads\/2017\/01\/glad-anja-ekstroem-e1485184309873.jpg","type":"image\/jpeg"}],"author":"Anja Ekstr\u00f8m","twitter_card":"summary_large_image","twitter_misc":{"Written by":"Anja Ekstr\u00f8m","Estimated reading time":"2 minutes"},"schema":{"@context":"https:\/\/schema.org","@graph":[{"@type":"Article","@id":"https:\/\/anjaekstroem.dk\/den-rigtige-beslutning\/#article","isPartOf":{"@id":"https:\/\/anjaekstroem.dk\/den-rigtige-beslutning\/"},"author":{"name":"Anja Ekstr\u00f8m","@id":"https:\/\/anjaekstroem.dk\/#\/schema\/person\/ae301236eee86c4cc45c9a0b9b018b26"},"headline":"Den rigtige beslutning?","datePublished":"2017-01-23T16:14:23+00:00","dateModified":"2017-01-23T16:14:23+00:00","mainEntityOfPage":{"@id":"https:\/\/anjaekstroem.dk\/den-rigtige-beslutning\/"},"wordCount":377,"commentCount":26,"publisher":{"@id":"https:\/\/anjaekstroem.dk\/#organization"},"image":{"@id":"https:\/\/anjaekstroem.dk\/den-rigtige-beslutning\/#primaryimage"},"thumbnailUrl":"https:\/\/anjaekstroem.dk\/wp-content\/uploads\/2017\/01\/glad-anja-ekstroem-e1485184309873.jpg","articleSection":["Lidt af hvert"],"inLanguage":"en-GB","potentialAction":[{"@type":"CommentAction","name":"Comment","target":["https:\/\/anjaekstroem.dk\/den-rigtige-beslutning\/#respond"]}]},{"@type":"WebPage","@id":"https:\/\/anjaekstroem.dk\/den-rigtige-beslutning\/","url":"https:\/\/anjaekstroem.dk\/den-rigtige-beslutning\/","name":"Har jeg taget den rigtige beslutning? Anja Ekstr\u00f8m Photography","isPartOf":{"@id":"https:\/\/anjaekstroem.dk\/#website"},"primaryImageOfPage":{"@id":"https:\/\/anjaekstroem.dk\/den-rigtige-beslutning\/#primaryimage"},"image":{"@id":"https:\/\/anjaekstroem.dk\/den-rigtige-beslutning\/#primaryimage"},"thumbnailUrl":"https:\/\/anjaekstroem.dk\/wp-content\/uploads\/2017\/01\/glad-anja-ekstroem-e1485184309873.jpg","datePublished":"2017-01-23T16:14:23+00:00","dateModified":"2017-01-23T16:14:23+00:00","description":"Nu er det snart PR\u00c6CIS 6 mdr siden, at jeg tog springet som 100% selvst\u00e6ndig fotograf, uden fast indt\u00e6gt hver m\u00e5ned. Er det s\u00e5 det hele v\u00e6rd?","breadcrumb":{"@id":"https:\/\/anjaekstroem.dk\/den-rigtige-beslutning\/#breadcrumb"},"inLanguage":"en-GB","potentialAction":[{"@type":"ReadAction","target":["https:\/\/anjaekstroem.dk\/den-rigtige-beslutning\/"]}]},{"@type":"ImageObject","inLanguage":"en-GB","@id":"https:\/\/anjaekstroem.dk\/den-rigtige-beslutning\/#primaryimage","url":"https:\/\/anjaekstroem.dk\/wp-content\/uploads\/2017\/01\/glad-anja-ekstroem-e1485184309873.jpg","contentUrl":"https:\/\/anjaekstroem.dk\/wp-content\/uploads\/2017\/01\/glad-anja-ekstroem-e1485184309873.jpg","width":960,"height":1280,"caption":"selfie Anja Ekstr\u00f8m"},{"@type":"BreadcrumbList","@id":"https:\/\/anjaekstroem.dk\/den-rigtige-beslutning\/#breadcrumb","itemListElement":[{"@type":"ListItem","position":1,"name":"Hjem","item":"https:\/\/anjaekstroem.dk\/"},{"@type":"ListItem","position":2,"name":"Den rigtige beslutning?"}]},{"@type":"WebSite","@id":"https:\/\/anjaekstroem.dk\/#website","url":"https:\/\/anjaekstroem.dk\/","name":"Anja Ekstr\u00f8m Creative","description":"Fotograf med sj\u00e6l","publisher":{"@id":"https:\/\/anjaekstroem.dk\/#organization"},"potentialAction":[{"@type":"SearchAction","target":{"@type":"EntryPoint","urlTemplate":"https:\/\/anjaekstroem.dk\/?s={search_term_string}"},"query-input":{"@type":"PropertyValueSpecification","valueRequired":true,"valueName":"search_term_string"}}],"inLanguage":"en-GB"},{"@type":"Organization","@id":"https:\/\/anjaekstroem.dk\/#organization","name":"Anja Ekstr\u00f8m Creative","url":"https:\/\/anjaekstroem.dk\/","logo":{"@type":"ImageObject","inLanguage":"en-GB","@id":"https:\/\/anjaekstroem.dk\/#\/schema\/logo\/image\/","url":"https:\/\/anjaekstroem.dk\/wp-content\/uploads\/2021\/10\/AnjaEkstroem-03.png","contentUrl":"https:\/\/anjaekstroem.dk\/wp-content\/uploads\/2021\/10\/AnjaEkstroem-03.png","width":2560,"height":662,"caption":"Anja Ekstr\u00f8m Creative"},"image":{"@id":"https:\/\/anjaekstroem.dk\/#\/schema\/logo\/image\/"}},{"@type":"Person","@id":"https:\/\/anjaekstroem.dk\/#\/schema\/person\/ae301236eee86c4cc45c9a0b9b018b26","name":"Anja Ekstr\u00f8m","url":"https:\/\/anjaekstroem.dk\/en\/author\/anja\/"}]}},"_links":{"self":[{"href":"https:\/\/anjaekstroem.dk\/en\/wp-json\/wp\/v2\/posts\/2232","targetHints":{"allow":["GET"]}}],"collection":[{"href":"https:\/\/anjaekstroem.dk\/en\/wp-json\/wp\/v2\/posts"}],"about":[{"href":"https:\/\/anjaekstroem.dk\/en\/wp-json\/wp\/v2\/types\/post"}],"author":[{"embeddable":true,"href":"https:\/\/anjaekstroem.dk\/en\/wp-json\/wp\/v2\/users\/3"}],"replies":[{"embeddable":true,"href":"https:\/\/anjaekstroem.dk\/en\/wp-json\/wp\/v2\/comments?post=2232"}],"version-history":[{"count":0,"href":"https:\/\/anjaekstroem.dk\/en\/wp-json\/wp\/v2\/posts\/2232\/revisions"}],"wp:featuredmedia":[{"embeddable":true,"href":"https:\/\/anjaekstroem.dk\/en\/wp-json\/wp\/v2\/media\/4181"}],"wp:attachment":[{"href":"https:\/\/anjaekstroem.dk\/en\/wp-json\/wp\/v2\/media?parent=2232"}],"wp:term":[{"taxonomy":"category","embeddable":true,"href":"https:\/\/anjaekstroem.dk\/en\/wp-json\/wp\/v2\/categories?post=2232"},{"taxonomy":"post_tag","embeddable":true,"href":"https:\/\/anjaekstroem.dk\/en\/wp-json\/wp\/v2\/tags?post=2232"}],"curies":[{"name":"wp","href":"https:\/\/api.w.org\/{rel}","templated":true}]}}