{"id":2207,"date":"2015-03-20T15:55:36","date_gmt":"2015-03-20T14:55:36","guid":{"rendered":"https:\/\/www.anjaekstroem.dk\/?p=827"},"modified":"2015-03-20T15:55:36","modified_gmt":"2015-03-20T14:55:36","slug":"elsker-naar-mine-serier-udkommer-i-magasinerne","status":"publish","type":"post","link":"https:\/\/anjaekstroem.dk\/en\/love-when-my-series-appear-in-the-magazines\/","title":{"rendered":"LOVE when my series appear in the magazines"},"content":{"rendered":"<p>N\u00d8\u00d8OY how I just love it when my photos appear in the magazines.... I&#039;m getting REALLY hot inside ????<\/p>\n<p><a href=\"http:\/\/messmag.com\/\">Mess Magazine<\/a> just released the entire series ????<\/p>\n<p>Earlier this year I had to experiment with &quot;colored light&quot; for the first time. I had been told that it is difficult, challenging but also fun and I thought that the effect is MEGA cool when it is done beautifully... so I had to try it.<\/p>\n<p>I got a dream team together, and the stylist Jonas Worup conjured up lingerie that hasn&#039;t even hit the stores yet from Britney Spears \/\/ Change<\/p>\n<p><strong>NOW it was time to play\u2026.\u00a0<\/strong><\/p>\n<p>Quite true... there were moments when the hair roots were in danger of being pulled out - but that&#039;s just the photographer&#039;s frustration that the light doesn&#039;t quite do what she expects ????<\/p>\n<p>Having said that\u2026. so I&#039;m really proud of the result... and WAUW for a model\u2026. Everything really ended up being something that I&#039;m really proud of!! Judge for yourself\u2026. the whole series comes here:<\/p>\n<p><strong>Makeup<\/strong>: Mickaela Berman \/\/ Hair: Dorthe Olesen \/\/ Styling: Jonas Worup \/\/ Model: Simona Popovic \/\/ Agency: Scoop Models \/\/ Magazine: Mess Magazine<\/p>","protected":false},"excerpt":{"rendered":"<p>N\u00d8\u00d8OY how I just love it when my photos appear in the magazines.... I&#039;m getting REALLY hot inside ???? Mess Magazine has just published the entire series ???? Earlier this year I had to experiment with &quot;colored light&quot; for the first time. I had let myself be told that it is difficult, challenging but also fun and I seemed to [...]<\/p>","protected":false},"author":3,"featured_media":831,"comment_status":"open","ping_status":"open","sticky":false,"template":"","format":"standard","meta":{"_acf_changed":false,"iawp_total_views":32,"footnotes":""},"categories":[53],"tags":[],"class_list":["post-2207","post","type-post","status-publish","format-standard","has-post-thumbnail","hentry","category-magasiner"],"acf":[],"yoast_head":"<!-- This site is optimized with the Yoast SEO plugin v23.5 - https:\/\/yoast.com\/wordpress\/plugins\/seo\/ -->\n<title>ELSKER n\u00e5r mine billeder udkommer i magasinerne<\/title>\n<meta name=\"description\" content=\"N\u00f8j hvor jeg elsker n\u00e5r mine billeder udkommer i magasinerne. S\u00e5 er det n\u00e6sten som juleaften i marts. Bliver helt varm indeni :)\" \/>\n<meta name=\"robots\" content=\"index, follow, max-snippet:-1, max-image-preview:large, max-video-preview:-1\" \/>\n<link rel=\"canonical\" href=\"https:\/\/anjaekstroem.dk\/en\/love-when-my-series-appear-in-the-magazines\/\" \/>\n<meta property=\"og:locale\" content=\"en_GB\" \/>\n<meta property=\"og:type\" content=\"article\" \/>\n<meta property=\"og:title\" content=\"ELSKER n\u00e5r mine billeder udkommer i magasinerne\" \/>\n<meta property=\"og:description\" content=\"N\u00f8j hvor jeg elsker n\u00e5r mine billeder udkommer i magasinerne. S\u00e5 er det n\u00e6sten som juleaften i marts. Bliver helt varm indeni :)\" \/>\n<meta property=\"og:url\" content=\"https:\/\/anjaekstroem.dk\/en\/love-when-my-series-appear-in-the-magazines\/\" \/>\n<meta property=\"og:site_name\" content=\"Anja Ekstr\u00f8m Creative\" \/>\n<meta property=\"article:published_time\" content=\"2015-03-20T14:55:36+00:00\" \/>\n<meta property=\"og:image\" content=\"https:\/\/anjaekstroem.dk\/wp-content\/uploads\/2016\/07\/mess-magazine-simona-popovic-fotograf-anja-ekstroem-koebenhavn-3-1.jpg\" \/>\n\t<meta property=\"og:image:width\" content=\"1200\" \/>\n\t<meta property=\"og:image:height\" content=\"901\" \/>\n\t<meta property=\"og:image:type\" content=\"image\/jpeg\" \/>\n<meta name=\"author\" content=\"Anja Ekstr\u00f8m\" \/>\n<meta name=\"twitter:card\" content=\"summary_large_image\" \/>\n<meta name=\"twitter:label1\" content=\"Written by\" \/>\n\t<meta name=\"twitter:data1\" content=\"Anja Ekstr\u00f8m\" \/>\n\t<meta name=\"twitter:label2\" content=\"Estimated reading time\" \/>\n\t<meta name=\"twitter:data2\" content=\"1 minute\" \/>\n<script type=\"application\/ld+json\" class=\"yoast-schema-graph\">{\"@context\":\"https:\/\/schema.org\",\"@graph\":[{\"@type\":\"Article\",\"@id\":\"https:\/\/anjaekstroem.dk\/elsker-naar-mine-serier-udkommer-i-magasinerne\/#article\",\"isPartOf\":{\"@id\":\"https:\/\/anjaekstroem.dk\/elsker-naar-mine-serier-udkommer-i-magasinerne\/\"},\"author\":{\"name\":\"Anja Ekstr\u00f8m\",\"@id\":\"https:\/\/anjaekstroem.dk\/#\/schema\/person\/ae301236eee86c4cc45c9a0b9b018b26\"},\"headline\":\"ELSKER n\u00e5r mine serier udkommer i magasinerne\",\"datePublished\":\"2015-03-20T14:55:36+00:00\",\"dateModified\":\"2015-03-20T14:55:36+00:00\",\"mainEntityOfPage\":{\"@id\":\"https:\/\/anjaekstroem.dk\/elsker-naar-mine-serier-udkommer-i-magasinerne\/\"},\"wordCount\":202,\"commentCount\":31,\"publisher\":{\"@id\":\"https:\/\/anjaekstroem.dk\/#organization\"},\"image\":{\"@id\":\"https:\/\/anjaekstroem.dk\/elsker-naar-mine-serier-udkommer-i-magasinerne\/#primaryimage\"},\"thumbnailUrl\":\"https:\/\/anjaekstroem.dk\/wp-content\/uploads\/2016\/07\/mess-magazine-simona-popovic-fotograf-anja-ekstroem-koebenhavn-3-1.jpg\",\"articleSection\":[\"Magasiner\"],\"inLanguage\":\"en-GB\",\"potentialAction\":[{\"@type\":\"CommentAction\",\"name\":\"Comment\",\"target\":[\"https:\/\/anjaekstroem.dk\/elsker-naar-mine-serier-udkommer-i-magasinerne\/#respond\"]}]},{\"@type\":\"WebPage\",\"@id\":\"https:\/\/anjaekstroem.dk\/elsker-naar-mine-serier-udkommer-i-magasinerne\/\",\"url\":\"https:\/\/anjaekstroem.dk\/elsker-naar-mine-serier-udkommer-i-magasinerne\/\",\"name\":\"ELSKER n\u00e5r mine billeder udkommer i magasinerne\",\"isPartOf\":{\"@id\":\"https:\/\/anjaekstroem.dk\/#website\"},\"primaryImageOfPage\":{\"@id\":\"https:\/\/anjaekstroem.dk\/elsker-naar-mine-serier-udkommer-i-magasinerne\/#primaryimage\"},\"image\":{\"@id\":\"https:\/\/anjaekstroem.dk\/elsker-naar-mine-serier-udkommer-i-magasinerne\/#primaryimage\"},\"thumbnailUrl\":\"https:\/\/anjaekstroem.dk\/wp-content\/uploads\/2016\/07\/mess-magazine-simona-popovic-fotograf-anja-ekstroem-koebenhavn-3-1.jpg\",\"datePublished\":\"2015-03-20T14:55:36+00:00\",\"dateModified\":\"2015-03-20T14:55:36+00:00\",\"description\":\"N\u00f8j hvor jeg elsker n\u00e5r mine billeder udkommer i magasinerne. S\u00e5 er det n\u00e6sten som juleaften i marts. Bliver helt varm indeni :)\",\"breadcrumb\":{\"@id\":\"https:\/\/anjaekstroem.dk\/elsker-naar-mine-serier-udkommer-i-magasinerne\/#breadcrumb\"},\"inLanguage\":\"en-GB\",\"potentialAction\":[{\"@type\":\"ReadAction\",\"target\":[\"https:\/\/anjaekstroem.dk\/elsker-naar-mine-serier-udkommer-i-magasinerne\/\"]}]},{\"@type\":\"ImageObject\",\"inLanguage\":\"en-GB\",\"@id\":\"https:\/\/anjaekstroem.dk\/elsker-naar-mine-serier-udkommer-i-magasinerne\/#primaryimage\",\"url\":\"https:\/\/anjaekstroem.dk\/wp-content\/uploads\/2016\/07\/mess-magazine-simona-popovic-fotograf-anja-ekstroem-koebenhavn-3-1.jpg\",\"contentUrl\":\"https:\/\/anjaekstroem.dk\/wp-content\/uploads\/2016\/07\/mess-magazine-simona-popovic-fotograf-anja-ekstroem-koebenhavn-3-1.jpg\",\"width\":1200,\"height\":901,\"caption\":\"Mess Magazine Simona Popovic fotograf Anja Ekstr\u00f8m K\u00f8benhavn\"},{\"@type\":\"BreadcrumbList\",\"@id\":\"https:\/\/anjaekstroem.dk\/elsker-naar-mine-serier-udkommer-i-magasinerne\/#breadcrumb\",\"itemListElement\":[{\"@type\":\"ListItem\",\"position\":1,\"name\":\"Hjem\",\"item\":\"https:\/\/anjaekstroem.dk\/\"},{\"@type\":\"ListItem\",\"position\":2,\"name\":\"ELSKER n\u00e5r mine serier udkommer i magasinerne\"}]},{\"@type\":\"WebSite\",\"@id\":\"https:\/\/anjaekstroem.dk\/#website\",\"url\":\"https:\/\/anjaekstroem.dk\/\",\"name\":\"Anja Ekstr\u00f8m Creative\",\"description\":\"Fotograf med sj\u00e6l\",\"publisher\":{\"@id\":\"https:\/\/anjaekstroem.dk\/#organization\"},\"potentialAction\":[{\"@type\":\"SearchAction\",\"target\":{\"@type\":\"EntryPoint\",\"urlTemplate\":\"https:\/\/anjaekstroem.dk\/?s={search_term_string}\"},\"query-input\":{\"@type\":\"PropertyValueSpecification\",\"valueRequired\":true,\"valueName\":\"search_term_string\"}}],\"inLanguage\":\"en-GB\"},{\"@type\":\"Organization\",\"@id\":\"https:\/\/anjaekstroem.dk\/#organization\",\"name\":\"Anja Ekstr\u00f8m Creative\",\"url\":\"https:\/\/anjaekstroem.dk\/\",\"logo\":{\"@type\":\"ImageObject\",\"inLanguage\":\"en-GB\",\"@id\":\"https:\/\/anjaekstroem.dk\/#\/schema\/logo\/image\/\",\"url\":\"https:\/\/anjaekstroem.dk\/wp-content\/uploads\/2021\/10\/AnjaEkstroem-03.png\",\"contentUrl\":\"https:\/\/anjaekstroem.dk\/wp-content\/uploads\/2021\/10\/AnjaEkstroem-03.png\",\"width\":2560,\"height\":662,\"caption\":\"Anja Ekstr\u00f8m Creative\"},\"image\":{\"@id\":\"https:\/\/anjaekstroem.dk\/#\/schema\/logo\/image\/\"}},{\"@type\":\"Person\",\"@id\":\"https:\/\/anjaekstroem.dk\/#\/schema\/person\/ae301236eee86c4cc45c9a0b9b018b26\",\"name\":\"Anja Ekstr\u00f8m\",\"url\":\"https:\/\/anjaekstroem.dk\/en\/author\/anja\/\"}]}<\/script>\n<!-- \/ Yoast SEO plugin. -->","yoast_head_json":{"title":"ELSKER n\u00e5r mine billeder udkommer i magasinerne","description":"N\u00f8j hvor jeg elsker n\u00e5r mine billeder udkommer i magasinerne. S\u00e5 er det n\u00e6sten som juleaften i marts. Bliver helt varm indeni :)","robots":{"index":"index","follow":"follow","max-snippet":"max-snippet:-1","max-image-preview":"max-image-preview:large","max-video-preview":"max-video-preview:-1"},"canonical":"https:\/\/anjaekstroem.dk\/en\/love-when-my-series-appear-in-the-magazines\/","og_locale":"en_GB","og_type":"article","og_title":"ELSKER n\u00e5r mine billeder udkommer i magasinerne","og_description":"N\u00f8j hvor jeg elsker n\u00e5r mine billeder udkommer i magasinerne. S\u00e5 er det n\u00e6sten som juleaften i marts. Bliver helt varm indeni :)","og_url":"https:\/\/anjaekstroem.dk\/en\/love-when-my-series-appear-in-the-magazines\/","og_site_name":"Anja Ekstr\u00f8m Creative","article_published_time":"2015-03-20T14:55:36+00:00","og_image":[{"width":1200,"height":901,"url":"https:\/\/anjaekstroem.dk\/wp-content\/uploads\/2016\/07\/mess-magazine-simona-popovic-fotograf-anja-ekstroem-koebenhavn-3-1.jpg","type":"image\/jpeg"}],"author":"Anja Ekstr\u00f8m","twitter_card":"summary_large_image","twitter_misc":{"Written by":"Anja Ekstr\u00f8m","Estimated reading time":"1 minute"},"schema":{"@context":"https:\/\/schema.org","@graph":[{"@type":"Article","@id":"https:\/\/anjaekstroem.dk\/elsker-naar-mine-serier-udkommer-i-magasinerne\/#article","isPartOf":{"@id":"https:\/\/anjaekstroem.dk\/elsker-naar-mine-serier-udkommer-i-magasinerne\/"},"author":{"name":"Anja Ekstr\u00f8m","@id":"https:\/\/anjaekstroem.dk\/#\/schema\/person\/ae301236eee86c4cc45c9a0b9b018b26"},"headline":"ELSKER n\u00e5r mine serier udkommer i magasinerne","datePublished":"2015-03-20T14:55:36+00:00","dateModified":"2015-03-20T14:55:36+00:00","mainEntityOfPage":{"@id":"https:\/\/anjaekstroem.dk\/elsker-naar-mine-serier-udkommer-i-magasinerne\/"},"wordCount":202,"commentCount":31,"publisher":{"@id":"https:\/\/anjaekstroem.dk\/#organization"},"image":{"@id":"https:\/\/anjaekstroem.dk\/elsker-naar-mine-serier-udkommer-i-magasinerne\/#primaryimage"},"thumbnailUrl":"https:\/\/anjaekstroem.dk\/wp-content\/uploads\/2016\/07\/mess-magazine-simona-popovic-fotograf-anja-ekstroem-koebenhavn-3-1.jpg","articleSection":["Magasiner"],"inLanguage":"en-GB","potentialAction":[{"@type":"CommentAction","name":"Comment","target":["https:\/\/anjaekstroem.dk\/elsker-naar-mine-serier-udkommer-i-magasinerne\/#respond"]}]},{"@type":"WebPage","@id":"https:\/\/anjaekstroem.dk\/elsker-naar-mine-serier-udkommer-i-magasinerne\/","url":"https:\/\/anjaekstroem.dk\/elsker-naar-mine-serier-udkommer-i-magasinerne\/","name":"ELSKER n\u00e5r mine billeder udkommer i magasinerne","isPartOf":{"@id":"https:\/\/anjaekstroem.dk\/#website"},"primaryImageOfPage":{"@id":"https:\/\/anjaekstroem.dk\/elsker-naar-mine-serier-udkommer-i-magasinerne\/#primaryimage"},"image":{"@id":"https:\/\/anjaekstroem.dk\/elsker-naar-mine-serier-udkommer-i-magasinerne\/#primaryimage"},"thumbnailUrl":"https:\/\/anjaekstroem.dk\/wp-content\/uploads\/2016\/07\/mess-magazine-simona-popovic-fotograf-anja-ekstroem-koebenhavn-3-1.jpg","datePublished":"2015-03-20T14:55:36+00:00","dateModified":"2015-03-20T14:55:36+00:00","description":"N\u00f8j hvor jeg elsker n\u00e5r mine billeder udkommer i magasinerne. S\u00e5 er det n\u00e6sten som juleaften i marts. Bliver helt varm indeni :)","breadcrumb":{"@id":"https:\/\/anjaekstroem.dk\/elsker-naar-mine-serier-udkommer-i-magasinerne\/#breadcrumb"},"inLanguage":"en-GB","potentialAction":[{"@type":"ReadAction","target":["https:\/\/anjaekstroem.dk\/elsker-naar-mine-serier-udkommer-i-magasinerne\/"]}]},{"@type":"ImageObject","inLanguage":"en-GB","@id":"https:\/\/anjaekstroem.dk\/elsker-naar-mine-serier-udkommer-i-magasinerne\/#primaryimage","url":"https:\/\/anjaekstroem.dk\/wp-content\/uploads\/2016\/07\/mess-magazine-simona-popovic-fotograf-anja-ekstroem-koebenhavn-3-1.jpg","contentUrl":"https:\/\/anjaekstroem.dk\/wp-content\/uploads\/2016\/07\/mess-magazine-simona-popovic-fotograf-anja-ekstroem-koebenhavn-3-1.jpg","width":1200,"height":901,"caption":"Mess Magazine Simona Popovic fotograf Anja Ekstr\u00f8m K\u00f8benhavn"},{"@type":"BreadcrumbList","@id":"https:\/\/anjaekstroem.dk\/elsker-naar-mine-serier-udkommer-i-magasinerne\/#breadcrumb","itemListElement":[{"@type":"ListItem","position":1,"name":"Hjem","item":"https:\/\/anjaekstroem.dk\/"},{"@type":"ListItem","position":2,"name":"ELSKER n\u00e5r mine serier udkommer i magasinerne"}]},{"@type":"WebSite","@id":"https:\/\/anjaekstroem.dk\/#website","url":"https:\/\/anjaekstroem.dk\/","name":"Anja Ekstr\u00f8m Creative","description":"Fotograf med sj\u00e6l","publisher":{"@id":"https:\/\/anjaekstroem.dk\/#organization"},"potentialAction":[{"@type":"SearchAction","target":{"@type":"EntryPoint","urlTemplate":"https:\/\/anjaekstroem.dk\/?s={search_term_string}"},"query-input":{"@type":"PropertyValueSpecification","valueRequired":true,"valueName":"search_term_string"}}],"inLanguage":"en-GB"},{"@type":"Organization","@id":"https:\/\/anjaekstroem.dk\/#organization","name":"Anja Ekstr\u00f8m Creative","url":"https:\/\/anjaekstroem.dk\/","logo":{"@type":"ImageObject","inLanguage":"en-GB","@id":"https:\/\/anjaekstroem.dk\/#\/schema\/logo\/image\/","url":"https:\/\/anjaekstroem.dk\/wp-content\/uploads\/2021\/10\/AnjaEkstroem-03.png","contentUrl":"https:\/\/anjaekstroem.dk\/wp-content\/uploads\/2021\/10\/AnjaEkstroem-03.png","width":2560,"height":662,"caption":"Anja Ekstr\u00f8m Creative"},"image":{"@id":"https:\/\/anjaekstroem.dk\/#\/schema\/logo\/image\/"}},{"@type":"Person","@id":"https:\/\/anjaekstroem.dk\/#\/schema\/person\/ae301236eee86c4cc45c9a0b9b018b26","name":"Anja Ekstr\u00f8m","url":"https:\/\/anjaekstroem.dk\/en\/author\/anja\/"}]}},"_links":{"self":[{"href":"https:\/\/anjaekstroem.dk\/en\/wp-json\/wp\/v2\/posts\/2207","targetHints":{"allow":["GET"]}}],"collection":[{"href":"https:\/\/anjaekstroem.dk\/en\/wp-json\/wp\/v2\/posts"}],"about":[{"href":"https:\/\/anjaekstroem.dk\/en\/wp-json\/wp\/v2\/types\/post"}],"author":[{"embeddable":true,"href":"https:\/\/anjaekstroem.dk\/en\/wp-json\/wp\/v2\/users\/3"}],"replies":[{"embeddable":true,"href":"https:\/\/anjaekstroem.dk\/en\/wp-json\/wp\/v2\/comments?post=2207"}],"version-history":[{"count":0,"href":"https:\/\/anjaekstroem.dk\/en\/wp-json\/wp\/v2\/posts\/2207\/revisions"}],"wp:featuredmedia":[{"embeddable":true,"href":"https:\/\/anjaekstroem.dk\/en\/wp-json\/wp\/v2\/media\/831"}],"wp:attachment":[{"href":"https:\/\/anjaekstroem.dk\/en\/wp-json\/wp\/v2\/media?parent=2207"}],"wp:term":[{"taxonomy":"category","embeddable":true,"href":"https:\/\/anjaekstroem.dk\/en\/wp-json\/wp\/v2\/categories?post=2207"},{"taxonomy":"post_tag","embeddable":true,"href":"https:\/\/anjaekstroem.dk\/en\/wp-json\/wp\/v2\/tags?post=2207"}],"curies":[{"name":"wp","href":"https:\/\/api.w.org\/{rel}","templated":true}]}}