{"id":2149,"date":"2019-06-29T20:37:13","date_gmt":"2019-06-29T18:37:13","guid":{"rendered":"https:\/\/www.anjaekstroem.dk\/?p=2149"},"modified":"2019-06-29T20:37:13","modified_gmt":"2019-06-29T18:37:13","slug":"mit-foto-er-en-magasinforside","status":"publish","type":"post","link":"https:\/\/anjaekstroem.dk\/en\/my-photo-is-a-magazine-cover-2\/","title":{"rendered":"My photo is a magazine cover!"},"content":{"rendered":"<p><strong>My photo is a magazine cover!<\/strong><\/p>\n<p>Do you remember the feeling in the morning when you had your birthday as a child? That is, the feeling that is in the stomach long before the family &quot;wakes&quot; you with a song, even if you are fast asleep? and the redemption it is to see the flags and the presents on the table at breakfast?<\/p>\n<p>THIS IS HOW I FEEL! Every SINGLE time a magazine prints my photographs. Seeing your &quot;babies&quot; printed on glossy, colorful pages in magazines is a gift every single time. It is something very special. I can&#039;t explain it differently than above - it&#039;s really not very &quot;cool&quot; to be so excited and many of the big photographers might downplay it, but I DON&#039;T CARE - for me it&#039;s damn cool every single time. \ud83d\ude09 I squeal like a little schoolgirl inside when I see my work in magazines all over the world\u2026.. say it with me: ALL AROUND THE WORLD! arrrr but then\u2026\u2026 If it&#039;s uncool \u2013 then I&#039;m uncool! And I&#039;m cool with being uncool\u2026..what a lot of coolness just happened there! \ud83d\ude09<\/p>\n<p>That my little creative universe can reach the colored pages is absolutely amazing.... and for this, edderdyleme must say a big big big thank you to all my fantastic teams who have participated in my crazy ideas and delivered SUPERB results<\/p>\n<p><strong>And now comes the wildest:\u2026. I have within a short time received, not 1 but 2 COVERS!!!! (I think I peed my pants there)<\/strong><\/p>\n<p>I have many ideas that will be published in the near future - and of course also here on the site, so keep an eye out for new things that happen<\/p>\n<p>A big thank you to the magazines around the world who publish my photos - below<a href=\"https:\/\/creatorsmag.com\/\"> CREATORS MAGAZINE<\/a>, as seen below:<\/p>\n<p><img fetchpriority=\"high\" decoding=\"async\" src=\"https:\/\/anjaekstroem.dk\/wp-content\/uploads\/2019\/04\/COLOR-CRAVE-COVER-232x300.jpg\" alt=\"\" width=\"232\" height=\"300\" class=\"alignnone size-medium wp-image-2180\" srcset=\"https:\/\/anjaekstroem.dk\/wp-content\/uploads\/2019\/04\/COLOR-CRAVE-COVER-232x300.jpg 232w, https:\/\/anjaekstroem.dk\/wp-content\/uploads\/2019\/04\/COLOR-CRAVE-COVER-600x776.jpg 600w, https:\/\/anjaekstroem.dk\/wp-content\/uploads\/2019\/04\/COLOR-CRAVE-COVER-791x1024.jpg 791w, https:\/\/anjaekstroem.dk\/wp-content\/uploads\/2019\/04\/COLOR-CRAVE-COVER-768x994.jpg 768w, https:\/\/anjaekstroem.dk\/wp-content\/uploads\/2019\/04\/COLOR-CRAVE-COVER-1187x1536.jpg 1187w, https:\/\/anjaekstroem.dk\/wp-content\/uploads\/2019\/04\/COLOR-CRAVE-COVER.jpg 1484w\" sizes=\"(max-width: 232px) 100vw, 232px\" \/> <img decoding=\"async\" src=\"https:\/\/anjaekstroem.dk\/wp-content\/uploads\/2019\/04\/DESTINATION-COVER-232x300.jpg\" alt=\"\" width=\"232\" height=\"300\" class=\"alignnone size-medium wp-image-2228\" \/><\/p>\n<p>If you want to see a lot more of what I got in the magazines, I have LOTS on the website below <a href=\"https:\/\/anjaekstroem.dk\/en\/magasiner-fotograf\/\">PUBLICATIONS<\/a><\/p>\n<h4>I&#039;m still happy every time I can say: &quot;My photo is a magazine cover&quot; because it&#039;s really cool!<\/h4>","protected":false},"excerpt":{"rendered":"<p>My photo is a magazine cover! Do you remember the feeling in the morning when you had your birthday as a child? That is, the feeling that is in the stomach long before the family &quot;wakes&quot; you with a song, even if you are fast asleep? and the redemption it is to see the flags and the presents on the table at breakfast? THIS IS HOW I FEEL! Every SINGLE [\u2026]<\/p>","protected":false},"author":3,"featured_media":2180,"comment_status":"open","ping_status":"open","sticky":false,"template":"","format":"standard","meta":{"_acf_changed":false,"iawp_total_views":29,"footnotes":""},"categories":[52,71,53],"tags":[],"class_list":["post-2149","post","type-post","status-publish","format-standard","has-post-thumbnail","hentry","category-fotoshoots","category-lidt-af-hvert","category-magasiner"],"acf":[],"yoast_head":"<!-- This site is optimized with the Yoast SEO plugin v23.5 - https:\/\/yoast.com\/wordpress\/plugins\/seo\/ -->\n<title>Mit foto er en magasinforside! - Anja Ekstr\u00f8m Creative<\/title>\n<meta name=\"description\" content=\"Mit foto er en magasinforside! Som fotograf g\u00f8r det mig stadig MEGA glad at se mine fine billeder, g\u00f8re sig flot som COVERS p\u00e5 magasinerne.\" \/>\n<meta name=\"robots\" content=\"index, follow, max-snippet:-1, max-image-preview:large, max-video-preview:-1\" \/>\n<link rel=\"canonical\" href=\"https:\/\/anjaekstroem.dk\/en\/my-photo-is-a-magazine-cover-2\/\" \/>\n<meta property=\"og:locale\" content=\"en_GB\" \/>\n<meta property=\"og:type\" content=\"article\" \/>\n<meta property=\"og:title\" content=\"Mit foto er en magasinforside! - Anja Ekstr\u00f8m Creative\" \/>\n<meta property=\"og:description\" content=\"Mit foto er en magasinforside! Som fotograf g\u00f8r det mig stadig MEGA glad at se mine fine billeder, g\u00f8re sig flot som COVERS p\u00e5 magasinerne.\" \/>\n<meta property=\"og:url\" content=\"https:\/\/anjaekstroem.dk\/en\/my-photo-is-a-magazine-cover-2\/\" \/>\n<meta property=\"og:site_name\" content=\"Anja Ekstr\u00f8m Creative\" \/>\n<meta property=\"article:published_time\" content=\"2019-06-29T18:37:13+00:00\" \/>\n<meta property=\"og:image\" content=\"https:\/\/anjaekstroem.dk\/wp-content\/uploads\/2019\/04\/COLOR-CRAVE-COVER.jpg\" \/>\n\t<meta property=\"og:image:width\" content=\"1484\" \/>\n\t<meta property=\"og:image:height\" content=\"1920\" \/>\n\t<meta property=\"og:image:type\" content=\"image\/jpeg\" \/>\n<meta name=\"author\" content=\"Anja Ekstr\u00f8m\" \/>\n<meta name=\"twitter:card\" content=\"summary_large_image\" \/>\n<meta name=\"twitter:label1\" content=\"Written by\" \/>\n\t<meta name=\"twitter:data1\" content=\"Anja Ekstr\u00f8m\" \/>\n\t<meta name=\"twitter:label2\" content=\"Estimated reading time\" \/>\n\t<meta name=\"twitter:data2\" content=\"3 minutes\" \/>\n<script type=\"application\/ld+json\" class=\"yoast-schema-graph\">{\"@context\":\"https:\/\/schema.org\",\"@graph\":[{\"@type\":\"Article\",\"@id\":\"https:\/\/anjaekstroem.dk\/mit-foto-er-en-magasinforside\/#article\",\"isPartOf\":{\"@id\":\"https:\/\/anjaekstroem.dk\/mit-foto-er-en-magasinforside\/\"},\"author\":{\"name\":\"Anja Ekstr\u00f8m\",\"@id\":\"https:\/\/anjaekstroem.dk\/#\/schema\/person\/ae301236eee86c4cc45c9a0b9b018b26\"},\"headline\":\"Mit foto er en magasinforside!\",\"datePublished\":\"2019-06-29T18:37:13+00:00\",\"dateModified\":\"2019-06-29T18:37:13+00:00\",\"mainEntityOfPage\":{\"@id\":\"https:\/\/anjaekstroem.dk\/mit-foto-er-en-magasinforside\/\"},\"wordCount\":357,\"commentCount\":31,\"publisher\":{\"@id\":\"https:\/\/anjaekstroem.dk\/#organization\"},\"image\":{\"@id\":\"https:\/\/anjaekstroem.dk\/mit-foto-er-en-magasinforside\/#primaryimage\"},\"thumbnailUrl\":\"https:\/\/anjaekstroem.dk\/wp-content\/uploads\/2019\/04\/COLOR-CRAVE-COVER.jpg\",\"articleSection\":[\"Fotoshoots\",\"Lidt af hvert\",\"Magasiner\"],\"inLanguage\":\"en-GB\",\"potentialAction\":[{\"@type\":\"CommentAction\",\"name\":\"Comment\",\"target\":[\"https:\/\/anjaekstroem.dk\/mit-foto-er-en-magasinforside\/#respond\"]}]},{\"@type\":\"WebPage\",\"@id\":\"https:\/\/anjaekstroem.dk\/mit-foto-er-en-magasinforside\/\",\"url\":\"https:\/\/anjaekstroem.dk\/mit-foto-er-en-magasinforside\/\",\"name\":\"Mit foto er en magasinforside! - Anja Ekstr\u00f8m Creative\",\"isPartOf\":{\"@id\":\"https:\/\/anjaekstroem.dk\/#website\"},\"primaryImageOfPage\":{\"@id\":\"https:\/\/anjaekstroem.dk\/mit-foto-er-en-magasinforside\/#primaryimage\"},\"image\":{\"@id\":\"https:\/\/anjaekstroem.dk\/mit-foto-er-en-magasinforside\/#primaryimage\"},\"thumbnailUrl\":\"https:\/\/anjaekstroem.dk\/wp-content\/uploads\/2019\/04\/COLOR-CRAVE-COVER.jpg\",\"datePublished\":\"2019-06-29T18:37:13+00:00\",\"dateModified\":\"2019-06-29T18:37:13+00:00\",\"description\":\"Mit foto er en magasinforside! Som fotograf g\u00f8r det mig stadig MEGA glad at se mine fine billeder, g\u00f8re sig flot som COVERS p\u00e5 magasinerne.\",\"breadcrumb\":{\"@id\":\"https:\/\/anjaekstroem.dk\/mit-foto-er-en-magasinforside\/#breadcrumb\"},\"inLanguage\":\"en-GB\",\"potentialAction\":[{\"@type\":\"ReadAction\",\"target\":[\"https:\/\/anjaekstroem.dk\/mit-foto-er-en-magasinforside\/\"]}]},{\"@type\":\"ImageObject\",\"inLanguage\":\"en-GB\",\"@id\":\"https:\/\/anjaekstroem.dk\/mit-foto-er-en-magasinforside\/#primaryimage\",\"url\":\"https:\/\/anjaekstroem.dk\/wp-content\/uploads\/2019\/04\/COLOR-CRAVE-COVER.jpg\",\"contentUrl\":\"https:\/\/anjaekstroem.dk\/wp-content\/uploads\/2019\/04\/COLOR-CRAVE-COVER.jpg\",\"width\":1484,\"height\":1920},{\"@type\":\"BreadcrumbList\",\"@id\":\"https:\/\/anjaekstroem.dk\/mit-foto-er-en-magasinforside\/#breadcrumb\",\"itemListElement\":[{\"@type\":\"ListItem\",\"position\":1,\"name\":\"Hjem\",\"item\":\"https:\/\/anjaekstroem.dk\/\"},{\"@type\":\"ListItem\",\"position\":2,\"name\":\"Mit foto er en magasinforside!\"}]},{\"@type\":\"WebSite\",\"@id\":\"https:\/\/anjaekstroem.dk\/#website\",\"url\":\"https:\/\/anjaekstroem.dk\/\",\"name\":\"Anja Ekstr\u00f8m Creative\",\"description\":\"Fotograf med sj\u00e6l\",\"publisher\":{\"@id\":\"https:\/\/anjaekstroem.dk\/#organization\"},\"potentialAction\":[{\"@type\":\"SearchAction\",\"target\":{\"@type\":\"EntryPoint\",\"urlTemplate\":\"https:\/\/anjaekstroem.dk\/?s={search_term_string}\"},\"query-input\":{\"@type\":\"PropertyValueSpecification\",\"valueRequired\":true,\"valueName\":\"search_term_string\"}}],\"inLanguage\":\"en-GB\"},{\"@type\":\"Organization\",\"@id\":\"https:\/\/anjaekstroem.dk\/#organization\",\"name\":\"Anja Ekstr\u00f8m Creative\",\"url\":\"https:\/\/anjaekstroem.dk\/\",\"logo\":{\"@type\":\"ImageObject\",\"inLanguage\":\"en-GB\",\"@id\":\"https:\/\/anjaekstroem.dk\/#\/schema\/logo\/image\/\",\"url\":\"https:\/\/anjaekstroem.dk\/wp-content\/uploads\/2021\/10\/AnjaEkstroem-03.png\",\"contentUrl\":\"https:\/\/anjaekstroem.dk\/wp-content\/uploads\/2021\/10\/AnjaEkstroem-03.png\",\"width\":2560,\"height\":662,\"caption\":\"Anja Ekstr\u00f8m Creative\"},\"image\":{\"@id\":\"https:\/\/anjaekstroem.dk\/#\/schema\/logo\/image\/\"}},{\"@type\":\"Person\",\"@id\":\"https:\/\/anjaekstroem.dk\/#\/schema\/person\/ae301236eee86c4cc45c9a0b9b018b26\",\"name\":\"Anja Ekstr\u00f8m\",\"url\":\"https:\/\/anjaekstroem.dk\/en\/author\/anja\/\"}]}<\/script>\n<!-- \/ Yoast SEO plugin. -->","yoast_head_json":{"title":"Mit foto er en magasinforside! - Anja Ekstr\u00f8m Creative","description":"Mit foto er en magasinforside! Som fotograf g\u00f8r det mig stadig MEGA glad at se mine fine billeder, g\u00f8re sig flot som COVERS p\u00e5 magasinerne.","robots":{"index":"index","follow":"follow","max-snippet":"max-snippet:-1","max-image-preview":"max-image-preview:large","max-video-preview":"max-video-preview:-1"},"canonical":"https:\/\/anjaekstroem.dk\/en\/my-photo-is-a-magazine-cover-2\/","og_locale":"en_GB","og_type":"article","og_title":"Mit foto er en magasinforside! - Anja Ekstr\u00f8m Creative","og_description":"Mit foto er en magasinforside! Som fotograf g\u00f8r det mig stadig MEGA glad at se mine fine billeder, g\u00f8re sig flot som COVERS p\u00e5 magasinerne.","og_url":"https:\/\/anjaekstroem.dk\/en\/my-photo-is-a-magazine-cover-2\/","og_site_name":"Anja Ekstr\u00f8m Creative","article_published_time":"2019-06-29T18:37:13+00:00","og_image":[{"width":1484,"height":1920,"url":"https:\/\/anjaekstroem.dk\/wp-content\/uploads\/2019\/04\/COLOR-CRAVE-COVER.jpg","type":"image\/jpeg"}],"author":"Anja Ekstr\u00f8m","twitter_card":"summary_large_image","twitter_misc":{"Written by":"Anja Ekstr\u00f8m","Estimated reading time":"3 minutes"},"schema":{"@context":"https:\/\/schema.org","@graph":[{"@type":"Article","@id":"https:\/\/anjaekstroem.dk\/mit-foto-er-en-magasinforside\/#article","isPartOf":{"@id":"https:\/\/anjaekstroem.dk\/mit-foto-er-en-magasinforside\/"},"author":{"name":"Anja Ekstr\u00f8m","@id":"https:\/\/anjaekstroem.dk\/#\/schema\/person\/ae301236eee86c4cc45c9a0b9b018b26"},"headline":"Mit foto er en magasinforside!","datePublished":"2019-06-29T18:37:13+00:00","dateModified":"2019-06-29T18:37:13+00:00","mainEntityOfPage":{"@id":"https:\/\/anjaekstroem.dk\/mit-foto-er-en-magasinforside\/"},"wordCount":357,"commentCount":31,"publisher":{"@id":"https:\/\/anjaekstroem.dk\/#organization"},"image":{"@id":"https:\/\/anjaekstroem.dk\/mit-foto-er-en-magasinforside\/#primaryimage"},"thumbnailUrl":"https:\/\/anjaekstroem.dk\/wp-content\/uploads\/2019\/04\/COLOR-CRAVE-COVER.jpg","articleSection":["Fotoshoots","Lidt af hvert","Magasiner"],"inLanguage":"en-GB","potentialAction":[{"@type":"CommentAction","name":"Comment","target":["https:\/\/anjaekstroem.dk\/mit-foto-er-en-magasinforside\/#respond"]}]},{"@type":"WebPage","@id":"https:\/\/anjaekstroem.dk\/mit-foto-er-en-magasinforside\/","url":"https:\/\/anjaekstroem.dk\/mit-foto-er-en-magasinforside\/","name":"Mit foto er en magasinforside! - Anja Ekstr\u00f8m Creative","isPartOf":{"@id":"https:\/\/anjaekstroem.dk\/#website"},"primaryImageOfPage":{"@id":"https:\/\/anjaekstroem.dk\/mit-foto-er-en-magasinforside\/#primaryimage"},"image":{"@id":"https:\/\/anjaekstroem.dk\/mit-foto-er-en-magasinforside\/#primaryimage"},"thumbnailUrl":"https:\/\/anjaekstroem.dk\/wp-content\/uploads\/2019\/04\/COLOR-CRAVE-COVER.jpg","datePublished":"2019-06-29T18:37:13+00:00","dateModified":"2019-06-29T18:37:13+00:00","description":"Mit foto er en magasinforside! Som fotograf g\u00f8r det mig stadig MEGA glad at se mine fine billeder, g\u00f8re sig flot som COVERS p\u00e5 magasinerne.","breadcrumb":{"@id":"https:\/\/anjaekstroem.dk\/mit-foto-er-en-magasinforside\/#breadcrumb"},"inLanguage":"en-GB","potentialAction":[{"@type":"ReadAction","target":["https:\/\/anjaekstroem.dk\/mit-foto-er-en-magasinforside\/"]}]},{"@type":"ImageObject","inLanguage":"en-GB","@id":"https:\/\/anjaekstroem.dk\/mit-foto-er-en-magasinforside\/#primaryimage","url":"https:\/\/anjaekstroem.dk\/wp-content\/uploads\/2019\/04\/COLOR-CRAVE-COVER.jpg","contentUrl":"https:\/\/anjaekstroem.dk\/wp-content\/uploads\/2019\/04\/COLOR-CRAVE-COVER.jpg","width":1484,"height":1920},{"@type":"BreadcrumbList","@id":"https:\/\/anjaekstroem.dk\/mit-foto-er-en-magasinforside\/#breadcrumb","itemListElement":[{"@type":"ListItem","position":1,"name":"Hjem","item":"https:\/\/anjaekstroem.dk\/"},{"@type":"ListItem","position":2,"name":"Mit foto er en magasinforside!"}]},{"@type":"WebSite","@id":"https:\/\/anjaekstroem.dk\/#website","url":"https:\/\/anjaekstroem.dk\/","name":"Anja Ekstr\u00f8m Creative","description":"Fotograf med sj\u00e6l","publisher":{"@id":"https:\/\/anjaekstroem.dk\/#organization"},"potentialAction":[{"@type":"SearchAction","target":{"@type":"EntryPoint","urlTemplate":"https:\/\/anjaekstroem.dk\/?s={search_term_string}"},"query-input":{"@type":"PropertyValueSpecification","valueRequired":true,"valueName":"search_term_string"}}],"inLanguage":"en-GB"},{"@type":"Organization","@id":"https:\/\/anjaekstroem.dk\/#organization","name":"Anja Ekstr\u00f8m Creative","url":"https:\/\/anjaekstroem.dk\/","logo":{"@type":"ImageObject","inLanguage":"en-GB","@id":"https:\/\/anjaekstroem.dk\/#\/schema\/logo\/image\/","url":"https:\/\/anjaekstroem.dk\/wp-content\/uploads\/2021\/10\/AnjaEkstroem-03.png","contentUrl":"https:\/\/anjaekstroem.dk\/wp-content\/uploads\/2021\/10\/AnjaEkstroem-03.png","width":2560,"height":662,"caption":"Anja Ekstr\u00f8m Creative"},"image":{"@id":"https:\/\/anjaekstroem.dk\/#\/schema\/logo\/image\/"}},{"@type":"Person","@id":"https:\/\/anjaekstroem.dk\/#\/schema\/person\/ae301236eee86c4cc45c9a0b9b018b26","name":"Anja Ekstr\u00f8m","url":"https:\/\/anjaekstroem.dk\/en\/author\/anja\/"}]}},"_links":{"self":[{"href":"https:\/\/anjaekstroem.dk\/en\/wp-json\/wp\/v2\/posts\/2149","targetHints":{"allow":["GET"]}}],"collection":[{"href":"https:\/\/anjaekstroem.dk\/en\/wp-json\/wp\/v2\/posts"}],"about":[{"href":"https:\/\/anjaekstroem.dk\/en\/wp-json\/wp\/v2\/types\/post"}],"author":[{"embeddable":true,"href":"https:\/\/anjaekstroem.dk\/en\/wp-json\/wp\/v2\/users\/3"}],"replies":[{"embeddable":true,"href":"https:\/\/anjaekstroem.dk\/en\/wp-json\/wp\/v2\/comments?post=2149"}],"version-history":[{"count":0,"href":"https:\/\/anjaekstroem.dk\/en\/wp-json\/wp\/v2\/posts\/2149\/revisions"}],"wp:featuredmedia":[{"embeddable":true,"href":"https:\/\/anjaekstroem.dk\/en\/wp-json\/wp\/v2\/media\/2180"}],"wp:attachment":[{"href":"https:\/\/anjaekstroem.dk\/en\/wp-json\/wp\/v2\/media?parent=2149"}],"wp:term":[{"taxonomy":"category","embeddable":true,"href":"https:\/\/anjaekstroem.dk\/en\/wp-json\/wp\/v2\/categories?post=2149"},{"taxonomy":"post_tag","embeddable":true,"href":"https:\/\/anjaekstroem.dk\/en\/wp-json\/wp\/v2\/tags?post=2149"}],"curies":[{"name":"wp","href":"https:\/\/api.w.org\/{rel}","templated":true}]}}