{"id":1844,"date":"2018-08-08T13:00:06","date_gmt":"2018-08-08T11:00:06","guid":{"rendered":"https:\/\/www.anjaekstroem.dk\/?p=1844"},"modified":"2018-08-08T13:00:06","modified_gmt":"2018-08-08T11:00:06","slug":"los-angeles-mit-fotoeventyr","status":"publish","type":"post","link":"https:\/\/anjaekstroem.dk\/en\/los-angeles-my-photo-adventure\/","title":{"rendered":"Los Angeles \u2013 my photo adventure"},"content":{"rendered":"<p><em><strong>Los Angeles \u2013 my photo adventure:<\/strong><\/em><\/p>\n<p><strong>WOOOOOOPS, half a year just flew by\u2026..<\/strong><\/p>\n<p>I can&#039;t understand that half a year has already passed, but when I look back, I have achieved so many exciting things in that period.<\/p>\n<h4>Rome:<\/h4>\n<p>a trip in March which contained a LOT of rain but a lot of cool experiences.<\/p>\n<h4>Rhodes:<\/h4>\n<p>the place where I was a mosquito buffet for the big gold medal, but got the name &quot;the famous photographer from Denmark&quot; (don&#039;t ask me\u2026\u2026 don&#039;t know why)<\/p>\n<h4>Los Angeles:<\/h4>\n<p>I just returned from Los Angeles, and let me tell you\u2026 I come home with so many cool experiences. Both behind the camera but also on the network and socially.<\/p>\n<p>I absolutely cannot WAIT to show you EVERYTHING from there! Now I have to go through the editing first and then have them via the magazines - UH that&#039;s good.... In fact, I would go so far as to say that some of my best work lies in between.<\/p>\n<p>I was allowed to shoot with some super cool people over there - both in the studio, where we shot beauty but mostly on locations in the fantastic LA sun. I was, among other things, in the Joshua Tree desert, where I had rented a house for a day so we could use the &quot;garden&quot; (read: the desert) to make the coolest fashion show.<\/p>\n<p>I was quite a bit UNDER the Santa Monica Pier as there is the coolest location with the big massive pillars that hold the pier up. Here you just have to keep an eye out for the homeless who &quot;live&quot; there + the birds who really want to peck at you.... YEP, They got me!!<\/p>\n<p>The first shoot I had was in Malibu. Here we were dropped off, at the wrong place, by Uber\u2026.. so\u2026 Did you wear your walking shoes??!! Mamma mia! We then also had to go down (AND UP) a slope, corresponding to a height of 12 storeys and HERE the photographer was challenged on fitness and fear of heights, I should say. BUT IT WAS TOTALLY WORTH IT!!!<\/p>\n<p>See the pictures for yourself here: Model is <a href=\"https:\/\/www.instagram.com\/sissemarie\/\">Sisse Marie S\u00f8by<\/a> \/\/ Makeup and hair off <a href=\"https:\/\/www.instagram.com\/ciannedenize\/\">Cianne Denise<\/a><\/p>\n<p>I look forward to showing you the rest of all of them <a href=\"https:\/\/anjaekstroem.dk\/en\/magasiner-fotograf\/creators-magazine-marts-2019\/\">beautiful pictures<\/a> from Los Angeles \u2013 my photo adventure.<\/p>\n<p><img fetchpriority=\"high\" decoding=\"async\" src=\"https:\/\/anjaekstroem.dk\/wp-content\/uploads\/2018\/07\/sisse-marie-soeby-200x300.jpg\" alt=\"Beauty photographer Anja Ekstr\u00f8m\" width=\"200\" height=\"300\" class=\"alignnone size-medium wp-image-1839\" srcset=\"https:\/\/anjaekstroem.dk\/wp-content\/uploads\/2018\/07\/sisse-marie-soeby-200x300.jpg 200w, https:\/\/anjaekstroem.dk\/wp-content\/uploads\/2018\/07\/sisse-marie-soeby-600x900.jpg 600w, https:\/\/anjaekstroem.dk\/wp-content\/uploads\/2018\/07\/sisse-marie-soeby-682x1024.jpg 682w, https:\/\/anjaekstroem.dk\/wp-content\/uploads\/2018\/07\/sisse-marie-soeby-768x1152.jpg 768w, https:\/\/anjaekstroem.dk\/wp-content\/uploads\/2018\/07\/sisse-marie-soeby-1024x1536.jpg 1024w, https:\/\/anjaekstroem.dk\/wp-content\/uploads\/2018\/07\/sisse-marie-soeby.jpg 1333w\" sizes=\"(max-width: 200px) 100vw, 200px\" \/> <img decoding=\"async\" src=\"https:\/\/anjaekstroem.dk\/wp-content\/uploads\/2018\/08\/sisse-marie-soby-close-up-200x300.jpg\" alt=\"Beauty photographer Anja Ekstr\u00f8m\" width=\"200\" height=\"300\" class=\"alignnone size-medium wp-image-1847\" srcset=\"https:\/\/anjaekstroem.dk\/wp-content\/uploads\/2018\/08\/sisse-marie-soby-close-up-200x300.jpg 200w, https:\/\/anjaekstroem.dk\/wp-content\/uploads\/2018\/08\/sisse-marie-soby-close-up-scaled-600x900.jpg 600w, https:\/\/anjaekstroem.dk\/wp-content\/uploads\/2018\/08\/sisse-marie-soby-close-up-683x1024.jpg 683w, https:\/\/anjaekstroem.dk\/wp-content\/uploads\/2018\/08\/sisse-marie-soby-close-up-768x1152.jpg 768w, https:\/\/anjaekstroem.dk\/wp-content\/uploads\/2018\/08\/sisse-marie-soby-close-up-1024x1536.jpg 1024w, https:\/\/anjaekstroem.dk\/wp-content\/uploads\/2018\/08\/sisse-marie-soby-close-up-1365x2048.jpg 1365w, https:\/\/anjaekstroem.dk\/wp-content\/uploads\/2018\/08\/sisse-marie-soby-close-up-scaled.jpg 1707w\" sizes=\"(max-width: 200px) 100vw, 200px\" \/> <img decoding=\"async\" src=\"https:\/\/anjaekstroem.dk\/wp-content\/uploads\/2018\/08\/sisse-marie-soby-glossy-eyemakeup-200x300.jpg\" alt=\"beauty photographer Anja Ekstr\u00f8m\" width=\"200\" height=\"300\" class=\"alignnone size-medium wp-image-1848\" srcset=\"https:\/\/anjaekstroem.dk\/wp-content\/uploads\/2018\/08\/sisse-marie-soby-glossy-eyemakeup-200x300.jpg 200w, https:\/\/anjaekstroem.dk\/wp-content\/uploads\/2018\/08\/sisse-marie-soby-glossy-eyemakeup-scaled-600x900.jpg 600w, https:\/\/anjaekstroem.dk\/wp-content\/uploads\/2018\/08\/sisse-marie-soby-glossy-eyemakeup-683x1024.jpg 683w, https:\/\/anjaekstroem.dk\/wp-content\/uploads\/2018\/08\/sisse-marie-soby-glossy-eyemakeup-768x1152.jpg 768w, https:\/\/anjaekstroem.dk\/wp-content\/uploads\/2018\/08\/sisse-marie-soby-glossy-eyemakeup-1024x1536.jpg 1024w, https:\/\/anjaekstroem.dk\/wp-content\/uploads\/2018\/08\/sisse-marie-soby-glossy-eyemakeup-1365x2048.jpg 1365w, https:\/\/anjaekstroem.dk\/wp-content\/uploads\/2018\/08\/sisse-marie-soby-glossy-eyemakeup-scaled.jpg 1707w\" sizes=\"(max-width: 200px) 100vw, 200px\" \/> <img loading=\"lazy\" decoding=\"async\" src=\"https:\/\/anjaekstroem.dk\/wp-content\/uploads\/2018\/08\/sisse-marie-soby-200x300.jpg\" alt=\"Fashion photographer Anja Ekstr\u00f8m\" width=\"200\" height=\"300\" class=\"alignnone size-medium wp-image-1846\" srcset=\"https:\/\/anjaekstroem.dk\/wp-content\/uploads\/2018\/08\/sisse-marie-soby-200x300.jpg 200w, https:\/\/anjaekstroem.dk\/wp-content\/uploads\/2018\/08\/sisse-marie-soby-scaled-600x900.jpg 600w, https:\/\/anjaekstroem.dk\/wp-content\/uploads\/2018\/08\/sisse-marie-soby-683x1024.jpg 683w, https:\/\/anjaekstroem.dk\/wp-content\/uploads\/2018\/08\/sisse-marie-soby-768x1152.jpg 768w, https:\/\/anjaekstroem.dk\/wp-content\/uploads\/2018\/08\/sisse-marie-soby-1024x1536.jpg 1024w, https:\/\/anjaekstroem.dk\/wp-content\/uploads\/2018\/08\/sisse-marie-soby-1365x2048.jpg 1365w, https:\/\/anjaekstroem.dk\/wp-content\/uploads\/2018\/08\/sisse-marie-soby-scaled.jpg 1707w\" sizes=\"(max-width: 200px) 100vw, 200px\" \/><\/p>","protected":false},"excerpt":{"rendered":"<p>Los Angeles - my photo adventure: WOOOOOPS, half a year just flew by.... I can&#039;t even understand that half a year has already passed, but when I look back, I&#039;ve achieved so many exciting things in that period. Rome: a trip in March that included SOME rain but a lot of [\u2026]<\/p>","protected":false},"author":3,"featured_media":1839,"comment_status":"open","ping_status":"open","sticky":false,"template":"","format":"standard","meta":{"_acf_changed":false,"iawp_total_views":42,"footnotes":""},"categories":[52,71,53],"tags":[],"class_list":["post-1844","post","type-post","status-publish","format-standard","has-post-thumbnail","hentry","category-fotoshoots","category-lidt-af-hvert","category-magasiner"],"acf":[],"yoast_head":"<!-- This site is optimized with the Yoast SEO plugin v23.5 - https:\/\/yoast.com\/wordpress\/plugins\/seo\/ -->\n<title>Los Angeles - mit fotoeventyr - Anja Ekstr\u00f8m Creative<\/title>\n<meta name=\"description\" content=\"Los Angeles - mit fotoeventyr. En dr\u00f8mmetur med fede photoshoots men ogs\u00e5 p\u00e5 locations i den fantastiske sol og under den azurbl\u00e5 himmel\" \/>\n<meta name=\"robots\" content=\"index, follow, max-snippet:-1, max-image-preview:large, max-video-preview:-1\" \/>\n<link rel=\"canonical\" href=\"https:\/\/anjaekstroem.dk\/en\/los-angeles-my-photo-adventure\/\" \/>\n<meta property=\"og:locale\" content=\"en_GB\" \/>\n<meta property=\"og:type\" content=\"article\" \/>\n<meta property=\"og:title\" content=\"Los Angeles - mit fotoeventyr - Anja Ekstr\u00f8m Creative\" \/>\n<meta property=\"og:description\" content=\"Los Angeles - mit fotoeventyr. En dr\u00f8mmetur med fede photoshoots men ogs\u00e5 p\u00e5 locations i den fantastiske sol og under den azurbl\u00e5 himmel\" \/>\n<meta property=\"og:url\" content=\"https:\/\/anjaekstroem.dk\/en\/los-angeles-my-photo-adventure\/\" \/>\n<meta property=\"og:site_name\" content=\"Anja Ekstr\u00f8m Creative\" \/>\n<meta property=\"article:published_time\" content=\"2018-08-08T11:00:06+00:00\" \/>\n<meta property=\"og:image\" content=\"https:\/\/anjaekstroem.dk\/wp-content\/uploads\/2018\/07\/sisse-marie-soeby.jpg\" \/>\n\t<meta property=\"og:image:width\" content=\"1333\" \/>\n\t<meta property=\"og:image:height\" content=\"2000\" \/>\n\t<meta property=\"og:image:type\" content=\"image\/jpeg\" \/>\n<meta name=\"author\" content=\"Anja Ekstr\u00f8m\" \/>\n<meta name=\"twitter:card\" content=\"summary_large_image\" \/>\n<meta name=\"twitter:label1\" content=\"Written by\" \/>\n\t<meta name=\"twitter:data1\" content=\"Anja Ekstr\u00f8m\" \/>\n\t<meta name=\"twitter:label2\" content=\"Estimated reading time\" \/>\n\t<meta name=\"twitter:data2\" content=\"3 minutes\" \/>\n<script type=\"application\/ld+json\" class=\"yoast-schema-graph\">{\"@context\":\"https:\/\/schema.org\",\"@graph\":[{\"@type\":\"Article\",\"@id\":\"https:\/\/anjaekstroem.dk\/los-angeles-mit-fotoeventyr\/#article\",\"isPartOf\":{\"@id\":\"https:\/\/anjaekstroem.dk\/los-angeles-mit-fotoeventyr\/\"},\"author\":{\"name\":\"Anja Ekstr\u00f8m\",\"@id\":\"https:\/\/anjaekstroem.dk\/#\/schema\/person\/ae301236eee86c4cc45c9a0b9b018b26\"},\"headline\":\"Los Angeles &#8211; mit fotoeventyr\",\"datePublished\":\"2018-08-08T11:00:06+00:00\",\"dateModified\":\"2018-08-08T11:00:06+00:00\",\"mainEntityOfPage\":{\"@id\":\"https:\/\/anjaekstroem.dk\/los-angeles-mit-fotoeventyr\/\"},\"wordCount\":388,\"commentCount\":32,\"publisher\":{\"@id\":\"https:\/\/anjaekstroem.dk\/#organization\"},\"image\":{\"@id\":\"https:\/\/anjaekstroem.dk\/los-angeles-mit-fotoeventyr\/#primaryimage\"},\"thumbnailUrl\":\"https:\/\/anjaekstroem.dk\/wp-content\/uploads\/2018\/07\/sisse-marie-soeby.jpg\",\"articleSection\":[\"Fotoshoots\",\"Lidt af hvert\",\"Magasiner\"],\"inLanguage\":\"en-GB\",\"potentialAction\":[{\"@type\":\"CommentAction\",\"name\":\"Comment\",\"target\":[\"https:\/\/anjaekstroem.dk\/los-angeles-mit-fotoeventyr\/#respond\"]}]},{\"@type\":\"WebPage\",\"@id\":\"https:\/\/anjaekstroem.dk\/los-angeles-mit-fotoeventyr\/\",\"url\":\"https:\/\/anjaekstroem.dk\/los-angeles-mit-fotoeventyr\/\",\"name\":\"Los Angeles - mit fotoeventyr - Anja Ekstr\u00f8m Creative\",\"isPartOf\":{\"@id\":\"https:\/\/anjaekstroem.dk\/#website\"},\"primaryImageOfPage\":{\"@id\":\"https:\/\/anjaekstroem.dk\/los-angeles-mit-fotoeventyr\/#primaryimage\"},\"image\":{\"@id\":\"https:\/\/anjaekstroem.dk\/los-angeles-mit-fotoeventyr\/#primaryimage\"},\"thumbnailUrl\":\"https:\/\/anjaekstroem.dk\/wp-content\/uploads\/2018\/07\/sisse-marie-soeby.jpg\",\"datePublished\":\"2018-08-08T11:00:06+00:00\",\"dateModified\":\"2018-08-08T11:00:06+00:00\",\"description\":\"Los Angeles - mit fotoeventyr. En dr\u00f8mmetur med fede photoshoots men ogs\u00e5 p\u00e5 locations i den fantastiske sol og under den azurbl\u00e5 himmel\",\"breadcrumb\":{\"@id\":\"https:\/\/anjaekstroem.dk\/los-angeles-mit-fotoeventyr\/#breadcrumb\"},\"inLanguage\":\"en-GB\",\"potentialAction\":[{\"@type\":\"ReadAction\",\"target\":[\"https:\/\/anjaekstroem.dk\/los-angeles-mit-fotoeventyr\/\"]}]},{\"@type\":\"ImageObject\",\"inLanguage\":\"en-GB\",\"@id\":\"https:\/\/anjaekstroem.dk\/los-angeles-mit-fotoeventyr\/#primaryimage\",\"url\":\"https:\/\/anjaekstroem.dk\/wp-content\/uploads\/2018\/07\/sisse-marie-soeby.jpg\",\"contentUrl\":\"https:\/\/anjaekstroem.dk\/wp-content\/uploads\/2018\/07\/sisse-marie-soeby.jpg\",\"width\":1333,\"height\":2000,\"caption\":\"Beautyfotograf Anja Ekstr\u00f8m\"},{\"@type\":\"BreadcrumbList\",\"@id\":\"https:\/\/anjaekstroem.dk\/los-angeles-mit-fotoeventyr\/#breadcrumb\",\"itemListElement\":[{\"@type\":\"ListItem\",\"position\":1,\"name\":\"Hjem\",\"item\":\"https:\/\/anjaekstroem.dk\/\"},{\"@type\":\"ListItem\",\"position\":2,\"name\":\"Los Angeles &#8211; mit fotoeventyr\"}]},{\"@type\":\"WebSite\",\"@id\":\"https:\/\/anjaekstroem.dk\/#website\",\"url\":\"https:\/\/anjaekstroem.dk\/\",\"name\":\"Anja Ekstr\u00f8m Creative\",\"description\":\"Fotograf med sj\u00e6l\",\"publisher\":{\"@id\":\"https:\/\/anjaekstroem.dk\/#organization\"},\"potentialAction\":[{\"@type\":\"SearchAction\",\"target\":{\"@type\":\"EntryPoint\",\"urlTemplate\":\"https:\/\/anjaekstroem.dk\/?s={search_term_string}\"},\"query-input\":{\"@type\":\"PropertyValueSpecification\",\"valueRequired\":true,\"valueName\":\"search_term_string\"}}],\"inLanguage\":\"en-GB\"},{\"@type\":\"Organization\",\"@id\":\"https:\/\/anjaekstroem.dk\/#organization\",\"name\":\"Anja Ekstr\u00f8m Creative\",\"url\":\"https:\/\/anjaekstroem.dk\/\",\"logo\":{\"@type\":\"ImageObject\",\"inLanguage\":\"en-GB\",\"@id\":\"https:\/\/anjaekstroem.dk\/#\/schema\/logo\/image\/\",\"url\":\"https:\/\/anjaekstroem.dk\/wp-content\/uploads\/2021\/10\/AnjaEkstroem-03.png\",\"contentUrl\":\"https:\/\/anjaekstroem.dk\/wp-content\/uploads\/2021\/10\/AnjaEkstroem-03.png\",\"width\":2560,\"height\":662,\"caption\":\"Anja Ekstr\u00f8m Creative\"},\"image\":{\"@id\":\"https:\/\/anjaekstroem.dk\/#\/schema\/logo\/image\/\"}},{\"@type\":\"Person\",\"@id\":\"https:\/\/anjaekstroem.dk\/#\/schema\/person\/ae301236eee86c4cc45c9a0b9b018b26\",\"name\":\"Anja Ekstr\u00f8m\",\"url\":\"https:\/\/anjaekstroem.dk\/en\/author\/anja\/\"}]}<\/script>\n<!-- \/ Yoast SEO plugin. -->","yoast_head_json":{"title":"Los Angeles - mit fotoeventyr - Anja Ekstr\u00f8m Creative","description":"Los Angeles - mit fotoeventyr. En dr\u00f8mmetur med fede photoshoots men ogs\u00e5 p\u00e5 locations i den fantastiske sol og under den azurbl\u00e5 himmel","robots":{"index":"index","follow":"follow","max-snippet":"max-snippet:-1","max-image-preview":"max-image-preview:large","max-video-preview":"max-video-preview:-1"},"canonical":"https:\/\/anjaekstroem.dk\/en\/los-angeles-my-photo-adventure\/","og_locale":"en_GB","og_type":"article","og_title":"Los Angeles - mit fotoeventyr - Anja Ekstr\u00f8m Creative","og_description":"Los Angeles - mit fotoeventyr. En dr\u00f8mmetur med fede photoshoots men ogs\u00e5 p\u00e5 locations i den fantastiske sol og under den azurbl\u00e5 himmel","og_url":"https:\/\/anjaekstroem.dk\/en\/los-angeles-my-photo-adventure\/","og_site_name":"Anja Ekstr\u00f8m Creative","article_published_time":"2018-08-08T11:00:06+00:00","og_image":[{"width":1333,"height":2000,"url":"https:\/\/anjaekstroem.dk\/wp-content\/uploads\/2018\/07\/sisse-marie-soeby.jpg","type":"image\/jpeg"}],"author":"Anja Ekstr\u00f8m","twitter_card":"summary_large_image","twitter_misc":{"Written by":"Anja Ekstr\u00f8m","Estimated reading time":"3 minutes"},"schema":{"@context":"https:\/\/schema.org","@graph":[{"@type":"Article","@id":"https:\/\/anjaekstroem.dk\/los-angeles-mit-fotoeventyr\/#article","isPartOf":{"@id":"https:\/\/anjaekstroem.dk\/los-angeles-mit-fotoeventyr\/"},"author":{"name":"Anja Ekstr\u00f8m","@id":"https:\/\/anjaekstroem.dk\/#\/schema\/person\/ae301236eee86c4cc45c9a0b9b018b26"},"headline":"Los Angeles &#8211; mit fotoeventyr","datePublished":"2018-08-08T11:00:06+00:00","dateModified":"2018-08-08T11:00:06+00:00","mainEntityOfPage":{"@id":"https:\/\/anjaekstroem.dk\/los-angeles-mit-fotoeventyr\/"},"wordCount":388,"commentCount":32,"publisher":{"@id":"https:\/\/anjaekstroem.dk\/#organization"},"image":{"@id":"https:\/\/anjaekstroem.dk\/los-angeles-mit-fotoeventyr\/#primaryimage"},"thumbnailUrl":"https:\/\/anjaekstroem.dk\/wp-content\/uploads\/2018\/07\/sisse-marie-soeby.jpg","articleSection":["Fotoshoots","Lidt af hvert","Magasiner"],"inLanguage":"en-GB","potentialAction":[{"@type":"CommentAction","name":"Comment","target":["https:\/\/anjaekstroem.dk\/los-angeles-mit-fotoeventyr\/#respond"]}]},{"@type":"WebPage","@id":"https:\/\/anjaekstroem.dk\/los-angeles-mit-fotoeventyr\/","url":"https:\/\/anjaekstroem.dk\/los-angeles-mit-fotoeventyr\/","name":"Los Angeles - mit fotoeventyr - Anja Ekstr\u00f8m Creative","isPartOf":{"@id":"https:\/\/anjaekstroem.dk\/#website"},"primaryImageOfPage":{"@id":"https:\/\/anjaekstroem.dk\/los-angeles-mit-fotoeventyr\/#primaryimage"},"image":{"@id":"https:\/\/anjaekstroem.dk\/los-angeles-mit-fotoeventyr\/#primaryimage"},"thumbnailUrl":"https:\/\/anjaekstroem.dk\/wp-content\/uploads\/2018\/07\/sisse-marie-soeby.jpg","datePublished":"2018-08-08T11:00:06+00:00","dateModified":"2018-08-08T11:00:06+00:00","description":"Los Angeles - mit fotoeventyr. En dr\u00f8mmetur med fede photoshoots men ogs\u00e5 p\u00e5 locations i den fantastiske sol og under den azurbl\u00e5 himmel","breadcrumb":{"@id":"https:\/\/anjaekstroem.dk\/los-angeles-mit-fotoeventyr\/#breadcrumb"},"inLanguage":"en-GB","potentialAction":[{"@type":"ReadAction","target":["https:\/\/anjaekstroem.dk\/los-angeles-mit-fotoeventyr\/"]}]},{"@type":"ImageObject","inLanguage":"en-GB","@id":"https:\/\/anjaekstroem.dk\/los-angeles-mit-fotoeventyr\/#primaryimage","url":"https:\/\/anjaekstroem.dk\/wp-content\/uploads\/2018\/07\/sisse-marie-soeby.jpg","contentUrl":"https:\/\/anjaekstroem.dk\/wp-content\/uploads\/2018\/07\/sisse-marie-soeby.jpg","width":1333,"height":2000,"caption":"Beautyfotograf Anja Ekstr\u00f8m"},{"@type":"BreadcrumbList","@id":"https:\/\/anjaekstroem.dk\/los-angeles-mit-fotoeventyr\/#breadcrumb","itemListElement":[{"@type":"ListItem","position":1,"name":"Hjem","item":"https:\/\/anjaekstroem.dk\/"},{"@type":"ListItem","position":2,"name":"Los Angeles &#8211; mit fotoeventyr"}]},{"@type":"WebSite","@id":"https:\/\/anjaekstroem.dk\/#website","url":"https:\/\/anjaekstroem.dk\/","name":"Anja Ekstr\u00f8m Creative","description":"Fotograf med sj\u00e6l","publisher":{"@id":"https:\/\/anjaekstroem.dk\/#organization"},"potentialAction":[{"@type":"SearchAction","target":{"@type":"EntryPoint","urlTemplate":"https:\/\/anjaekstroem.dk\/?s={search_term_string}"},"query-input":{"@type":"PropertyValueSpecification","valueRequired":true,"valueName":"search_term_string"}}],"inLanguage":"en-GB"},{"@type":"Organization","@id":"https:\/\/anjaekstroem.dk\/#organization","name":"Anja Ekstr\u00f8m Creative","url":"https:\/\/anjaekstroem.dk\/","logo":{"@type":"ImageObject","inLanguage":"en-GB","@id":"https:\/\/anjaekstroem.dk\/#\/schema\/logo\/image\/","url":"https:\/\/anjaekstroem.dk\/wp-content\/uploads\/2021\/10\/AnjaEkstroem-03.png","contentUrl":"https:\/\/anjaekstroem.dk\/wp-content\/uploads\/2021\/10\/AnjaEkstroem-03.png","width":2560,"height":662,"caption":"Anja Ekstr\u00f8m Creative"},"image":{"@id":"https:\/\/anjaekstroem.dk\/#\/schema\/logo\/image\/"}},{"@type":"Person","@id":"https:\/\/anjaekstroem.dk\/#\/schema\/person\/ae301236eee86c4cc45c9a0b9b018b26","name":"Anja Ekstr\u00f8m","url":"https:\/\/anjaekstroem.dk\/en\/author\/anja\/"}]}},"_links":{"self":[{"href":"https:\/\/anjaekstroem.dk\/en\/wp-json\/wp\/v2\/posts\/1844","targetHints":{"allow":["GET"]}}],"collection":[{"href":"https:\/\/anjaekstroem.dk\/en\/wp-json\/wp\/v2\/posts"}],"about":[{"href":"https:\/\/anjaekstroem.dk\/en\/wp-json\/wp\/v2\/types\/post"}],"author":[{"embeddable":true,"href":"https:\/\/anjaekstroem.dk\/en\/wp-json\/wp\/v2\/users\/3"}],"replies":[{"embeddable":true,"href":"https:\/\/anjaekstroem.dk\/en\/wp-json\/wp\/v2\/comments?post=1844"}],"version-history":[{"count":0,"href":"https:\/\/anjaekstroem.dk\/en\/wp-json\/wp\/v2\/posts\/1844\/revisions"}],"wp:featuredmedia":[{"embeddable":true,"href":"https:\/\/anjaekstroem.dk\/en\/wp-json\/wp\/v2\/media\/1839"}],"wp:attachment":[{"href":"https:\/\/anjaekstroem.dk\/en\/wp-json\/wp\/v2\/media?parent=1844"}],"wp:term":[{"taxonomy":"category","embeddable":true,"href":"https:\/\/anjaekstroem.dk\/en\/wp-json\/wp\/v2\/categories?post=1844"},{"taxonomy":"post_tag","embeddable":true,"href":"https:\/\/anjaekstroem.dk\/en\/wp-json\/wp\/v2\/tags?post=1844"}],"curies":[{"name":"wp","href":"https:\/\/api.w.org\/{rel}","templated":true}]}}