{"id":1625,"date":"2017-11-14T16:30:53","date_gmt":"2017-11-14T15:30:53","guid":{"rendered":"https:\/\/www.anjaekstroem.dk\/?p=1625"},"modified":"2017-11-14T16:30:53","modified_gmt":"2017-11-14T15:30:53","slug":"vi-er-for-haarde-ved-os-selv","status":"publish","type":"post","link":"https:\/\/anjaekstroem.dk\/en\/we-are-too-hard-on-ourselves\/","title":{"rendered":"We are too hard on ourselves"},"content":{"rendered":"<p><em><strong>We are too hard on ourselves<\/strong><\/em><\/p>\n<h4>Beauty ideals and Photoshop<\/h4>\n<p>That&#039;s right <strong>Not<\/strong> to the rarities that &quot;one&quot; discusses beauty ideals vs photoshop, etc., when it comes to the self-perception of young girls. My ups and downs are when I can use my photography to help young girls\/women to see themselves through other people&#039;s eyes and maybe (for a while) take the critical hating glasses off the view.<\/p>\n<p>My greatest compliment ever was when a young woman started crying when she saw herself through my eyes\u2026. &quot;I have never seen myself so beautiful....&quot; she said as tears gathered in her eyes (also on me) and it was straight to the shooting...NO PHOTOSHOP.... She was simply used to ONLY looking critically at herself. After all, we are our own worst critics, sissy\u2026. come on, admit it!<\/p>\n<h4>Daddy Cool<\/h4>\n<p>Recently I got an email from a father\u2026. Father has a 12-year-old daughter who has grown faster than all her friends and suddenly she feels very wild next to her... too tall, too red-haired, too freckled, too (insert self unhappy).<\/p>\n<p>Being the cool dad he is, he books me as a surprise to give daughter mouse Emma. As a confidence boost, by being able to see yourself through a photographer&#039;s eyes\u2026.. When I saw her I had no doubts\u2026 WAUW\u2026. At 12 years old, she is already 1.73 and slim with red hair and freckles. I explained to her that her look is what we photographers LOVE\u2026. That she should carry herself with pride, because she is SO beautiful\u2026. Slowly she loosens up and we really have a lot of fun with the wind machine and the whole mess. She gets the whole &quot;model-for-a-day&quot; boiled down in an hour and a half \ud83d\ude42<\/p>\n<p>The story ends with a VERY talkative daughter on the way home in their car, who proudly and very eagerly tells father and mother about everything she experienced. I don&#039;t doubt for a moment that she will hold her head high... if only for a while, because just around the corner, puberty awaits with all the other problems \ud83d\ude42<\/p>\n<p>I am VERY happy to be involved in the task - and proud that I was allowed to make a footprint in her memory bank going forward \ud83d\ude42<\/p>\n<h4>We are too hard on ourselves and I hope that you just SOMETIMES feel as beautiful as you are!<\/h4>\n<p>Remember: You are all beautiful! Also Emma, as you can see below:<\/p>\n<p><img fetchpriority=\"high\" decoding=\"async\" src=\"https:\/\/anjaekstroem.dk\/wp-content\/uploads\/2017\/11\/16A1519-Edit-200x300.jpg\" alt=\"portrait photographer Anja Ekstr\u00f8m\" width=\"200\" height=\"300\" class=\"alignnone size-medium wp-image-1642\" srcset=\"https:\/\/anjaekstroem.dk\/wp-content\/uploads\/2017\/11\/16A1519-Edit-200x300.jpg 200w, https:\/\/anjaekstroem.dk\/wp-content\/uploads\/2017\/11\/16A1519-Edit-600x900.jpg 600w, https:\/\/anjaekstroem.dk\/wp-content\/uploads\/2017\/11\/16A1519-Edit-682x1024.jpg 682w, https:\/\/anjaekstroem.dk\/wp-content\/uploads\/2017\/11\/16A1519-Edit-768x1152.jpg 768w, https:\/\/anjaekstroem.dk\/wp-content\/uploads\/2017\/11\/16A1519-Edit-1024x1536.jpg 1024w, https:\/\/anjaekstroem.dk\/wp-content\/uploads\/2017\/11\/16A1519-Edit.jpg 1333w\" sizes=\"(max-width: 200px) 100vw, 200px\" \/>\u00a0<img decoding=\"async\" src=\"https:\/\/anjaekstroem.dk\/wp-content\/uploads\/2017\/11\/16A1404-Edit-200x300.jpg\" alt=\"portrait photographer Anja Ekstr\u00f8m\" width=\"200\" height=\"300\" class=\"alignnone size-medium wp-image-1639\" srcset=\"https:\/\/anjaekstroem.dk\/wp-content\/uploads\/2017\/11\/16A1404-Edit-200x300.jpg 200w, https:\/\/anjaekstroem.dk\/wp-content\/uploads\/2017\/11\/16A1404-Edit-600x900.jpg 600w, https:\/\/anjaekstroem.dk\/wp-content\/uploads\/2017\/11\/16A1404-Edit-682x1024.jpg 682w, https:\/\/anjaekstroem.dk\/wp-content\/uploads\/2017\/11\/16A1404-Edit-768x1152.jpg 768w, https:\/\/anjaekstroem.dk\/wp-content\/uploads\/2017\/11\/16A1404-Edit-1024x1536.jpg 1024w, https:\/\/anjaekstroem.dk\/wp-content\/uploads\/2017\/11\/16A1404-Edit.jpg 1333w\" sizes=\"(max-width: 200px) 100vw, 200px\" \/><\/p>\n<p>Follow along <a href=\"https:\/\/www.instagram.com\/anjaekstroem\/\">IG<\/a> or <a href=\"https:\/\/anjaekstroem.dk\/en\/\">website<\/a><\/p>\n<p>XOXO<\/p>\n<p>Anja<\/p>","protected":false},"excerpt":{"rendered":"<p>We are too hard on ourselves Beauty ideals and Photoshop It is not a rarity that &quot;one&quot; discusses beauty ideals vs photoshop etc. when it comes to young girls&#039; self-concept. My turn is when I can use my photography to help young girls\/women see themselves in other people&#039;s eyes and maybe [...]<\/p>","protected":false},"author":3,"featured_media":1640,"comment_status":"open","ping_status":"open","sticky":false,"template":"","format":"standard","meta":{"_acf_changed":false,"iawp_total_views":32,"footnotes":""},"categories":[52,71],"tags":[],"class_list":["post-1625","post","type-post","status-publish","format-standard","has-post-thumbnail","hentry","category-fotoshoots","category-lidt-af-hvert"],"acf":[],"yoast_head":"<!-- This site is optimized with the Yoast SEO plugin v23.5 - https:\/\/yoast.com\/wordpress\/plugins\/seo\/ -->\n<title>Vi er for h\u00e5rde ved os selv - Anja Ekstr\u00f8m Creative<\/title>\n<meta name=\"description\" content=\"Vi er for h\u00e5rde ved os selv. Optur er, n\u00e5r jeg kan bruge min fotografi til at unge kvinder ser sig selv via mine \u00f8jne og kamera.\" \/>\n<meta name=\"robots\" content=\"index, follow, max-snippet:-1, max-image-preview:large, max-video-preview:-1\" \/>\n<link rel=\"canonical\" href=\"https:\/\/anjaekstroem.dk\/en\/we-are-too-hard-on-ourselves\/\" \/>\n<meta property=\"og:locale\" content=\"en_GB\" \/>\n<meta property=\"og:type\" content=\"article\" \/>\n<meta property=\"og:title\" content=\"Vi er for h\u00e5rde ved os selv - Anja Ekstr\u00f8m Creative\" \/>\n<meta property=\"og:description\" content=\"Vi er for h\u00e5rde ved os selv. Optur er, n\u00e5r jeg kan bruge min fotografi til at unge kvinder ser sig selv via mine \u00f8jne og kamera.\" \/>\n<meta property=\"og:url\" content=\"https:\/\/anjaekstroem.dk\/en\/we-are-too-hard-on-ourselves\/\" \/>\n<meta property=\"og:site_name\" content=\"Anja Ekstr\u00f8m Creative\" \/>\n<meta property=\"article:published_time\" content=\"2017-11-14T15:30:53+00:00\" \/>\n<meta property=\"og:image\" content=\"https:\/\/anjaekstroem.dk\/wp-content\/uploads\/2017\/11\/16A1502-Edit.jpg\" \/>\n\t<meta property=\"og:image:width\" content=\"2048\" \/>\n\t<meta property=\"og:image:height\" content=\"1365\" \/>\n\t<meta property=\"og:image:type\" content=\"image\/jpeg\" \/>\n<meta name=\"author\" content=\"Anja Ekstr\u00f8m\" \/>\n<meta name=\"twitter:card\" content=\"summary_large_image\" \/>\n<meta name=\"twitter:label1\" content=\"Written by\" \/>\n\t<meta name=\"twitter:data1\" content=\"Anja Ekstr\u00f8m\" \/>\n\t<meta name=\"twitter:label2\" content=\"Estimated reading time\" \/>\n\t<meta name=\"twitter:data2\" content=\"3 minutes\" \/>\n<script type=\"application\/ld+json\" class=\"yoast-schema-graph\">{\"@context\":\"https:\/\/schema.org\",\"@graph\":[{\"@type\":\"Article\",\"@id\":\"https:\/\/anjaekstroem.dk\/vi-er-for-haarde-ved-os-selv\/#article\",\"isPartOf\":{\"@id\":\"https:\/\/anjaekstroem.dk\/vi-er-for-haarde-ved-os-selv\/\"},\"author\":{\"name\":\"Anja Ekstr\u00f8m\",\"@id\":\"https:\/\/anjaekstroem.dk\/#\/schema\/person\/ae301236eee86c4cc45c9a0b9b018b26\"},\"headline\":\"Vi er for h\u00e5rde ved os selv\",\"datePublished\":\"2017-11-14T15:30:53+00:00\",\"dateModified\":\"2017-11-14T15:30:53+00:00\",\"mainEntityOfPage\":{\"@id\":\"https:\/\/anjaekstroem.dk\/vi-er-for-haarde-ved-os-selv\/\"},\"wordCount\":458,\"commentCount\":24,\"publisher\":{\"@id\":\"https:\/\/anjaekstroem.dk\/#organization\"},\"image\":{\"@id\":\"https:\/\/anjaekstroem.dk\/vi-er-for-haarde-ved-os-selv\/#primaryimage\"},\"thumbnailUrl\":\"https:\/\/anjaekstroem.dk\/wp-content\/uploads\/2017\/11\/16A1502-Edit.jpg\",\"articleSection\":[\"Fotoshoots\",\"Lidt af hvert\"],\"inLanguage\":\"en-GB\",\"potentialAction\":[{\"@type\":\"CommentAction\",\"name\":\"Comment\",\"target\":[\"https:\/\/anjaekstroem.dk\/vi-er-for-haarde-ved-os-selv\/#respond\"]}]},{\"@type\":\"WebPage\",\"@id\":\"https:\/\/anjaekstroem.dk\/vi-er-for-haarde-ved-os-selv\/\",\"url\":\"https:\/\/anjaekstroem.dk\/vi-er-for-haarde-ved-os-selv\/\",\"name\":\"Vi er for h\u00e5rde ved os selv - Anja Ekstr\u00f8m Creative\",\"isPartOf\":{\"@id\":\"https:\/\/anjaekstroem.dk\/#website\"},\"primaryImageOfPage\":{\"@id\":\"https:\/\/anjaekstroem.dk\/vi-er-for-haarde-ved-os-selv\/#primaryimage\"},\"image\":{\"@id\":\"https:\/\/anjaekstroem.dk\/vi-er-for-haarde-ved-os-selv\/#primaryimage\"},\"thumbnailUrl\":\"https:\/\/anjaekstroem.dk\/wp-content\/uploads\/2017\/11\/16A1502-Edit.jpg\",\"datePublished\":\"2017-11-14T15:30:53+00:00\",\"dateModified\":\"2017-11-14T15:30:53+00:00\",\"description\":\"Vi er for h\u00e5rde ved os selv. Optur er, n\u00e5r jeg kan bruge min fotografi til at unge kvinder ser sig selv via mine \u00f8jne og kamera.\",\"breadcrumb\":{\"@id\":\"https:\/\/anjaekstroem.dk\/vi-er-for-haarde-ved-os-selv\/#breadcrumb\"},\"inLanguage\":\"en-GB\",\"potentialAction\":[{\"@type\":\"ReadAction\",\"target\":[\"https:\/\/anjaekstroem.dk\/vi-er-for-haarde-ved-os-selv\/\"]}]},{\"@type\":\"ImageObject\",\"inLanguage\":\"en-GB\",\"@id\":\"https:\/\/anjaekstroem.dk\/vi-er-for-haarde-ved-os-selv\/#primaryimage\",\"url\":\"https:\/\/anjaekstroem.dk\/wp-content\/uploads\/2017\/11\/16A1502-Edit.jpg\",\"contentUrl\":\"https:\/\/anjaekstroem.dk\/wp-content\/uploads\/2017\/11\/16A1502-Edit.jpg\",\"width\":2048,\"height\":1365,\"caption\":\"portr\u00e6tfotograf Anja Ekstr\u00f8m\"},{\"@type\":\"BreadcrumbList\",\"@id\":\"https:\/\/anjaekstroem.dk\/vi-er-for-haarde-ved-os-selv\/#breadcrumb\",\"itemListElement\":[{\"@type\":\"ListItem\",\"position\":1,\"name\":\"Hjem\",\"item\":\"https:\/\/anjaekstroem.dk\/\"},{\"@type\":\"ListItem\",\"position\":2,\"name\":\"Vi er for h\u00e5rde ved os selv\"}]},{\"@type\":\"WebSite\",\"@id\":\"https:\/\/anjaekstroem.dk\/#website\",\"url\":\"https:\/\/anjaekstroem.dk\/\",\"name\":\"Anja Ekstr\u00f8m Creative\",\"description\":\"Fotograf med sj\u00e6l\",\"publisher\":{\"@id\":\"https:\/\/anjaekstroem.dk\/#organization\"},\"potentialAction\":[{\"@type\":\"SearchAction\",\"target\":{\"@type\":\"EntryPoint\",\"urlTemplate\":\"https:\/\/anjaekstroem.dk\/?s={search_term_string}\"},\"query-input\":{\"@type\":\"PropertyValueSpecification\",\"valueRequired\":true,\"valueName\":\"search_term_string\"}}],\"inLanguage\":\"en-GB\"},{\"@type\":\"Organization\",\"@id\":\"https:\/\/anjaekstroem.dk\/#organization\",\"name\":\"Anja Ekstr\u00f8m Creative\",\"url\":\"https:\/\/anjaekstroem.dk\/\",\"logo\":{\"@type\":\"ImageObject\",\"inLanguage\":\"en-GB\",\"@id\":\"https:\/\/anjaekstroem.dk\/#\/schema\/logo\/image\/\",\"url\":\"https:\/\/anjaekstroem.dk\/wp-content\/uploads\/2021\/10\/AnjaEkstroem-03.png\",\"contentUrl\":\"https:\/\/anjaekstroem.dk\/wp-content\/uploads\/2021\/10\/AnjaEkstroem-03.png\",\"width\":2560,\"height\":662,\"caption\":\"Anja Ekstr\u00f8m Creative\"},\"image\":{\"@id\":\"https:\/\/anjaekstroem.dk\/#\/schema\/logo\/image\/\"}},{\"@type\":\"Person\",\"@id\":\"https:\/\/anjaekstroem.dk\/#\/schema\/person\/ae301236eee86c4cc45c9a0b9b018b26\",\"name\":\"Anja Ekstr\u00f8m\",\"url\":\"https:\/\/anjaekstroem.dk\/en\/author\/anja\/\"}]}<\/script>\n<!-- \/ Yoast SEO plugin. -->","yoast_head_json":{"title":"Vi er for h\u00e5rde ved os selv - Anja Ekstr\u00f8m Creative","description":"Vi er for h\u00e5rde ved os selv. Optur er, n\u00e5r jeg kan bruge min fotografi til at unge kvinder ser sig selv via mine \u00f8jne og kamera.","robots":{"index":"index","follow":"follow","max-snippet":"max-snippet:-1","max-image-preview":"max-image-preview:large","max-video-preview":"max-video-preview:-1"},"canonical":"https:\/\/anjaekstroem.dk\/en\/we-are-too-hard-on-ourselves\/","og_locale":"en_GB","og_type":"article","og_title":"Vi er for h\u00e5rde ved os selv - Anja Ekstr\u00f8m Creative","og_description":"Vi er for h\u00e5rde ved os selv. Optur er, n\u00e5r jeg kan bruge min fotografi til at unge kvinder ser sig selv via mine \u00f8jne og kamera.","og_url":"https:\/\/anjaekstroem.dk\/en\/we-are-too-hard-on-ourselves\/","og_site_name":"Anja Ekstr\u00f8m Creative","article_published_time":"2017-11-14T15:30:53+00:00","og_image":[{"width":2048,"height":1365,"url":"https:\/\/anjaekstroem.dk\/wp-content\/uploads\/2017\/11\/16A1502-Edit.jpg","type":"image\/jpeg"}],"author":"Anja Ekstr\u00f8m","twitter_card":"summary_large_image","twitter_misc":{"Written by":"Anja Ekstr\u00f8m","Estimated reading time":"3 minutes"},"schema":{"@context":"https:\/\/schema.org","@graph":[{"@type":"Article","@id":"https:\/\/anjaekstroem.dk\/vi-er-for-haarde-ved-os-selv\/#article","isPartOf":{"@id":"https:\/\/anjaekstroem.dk\/vi-er-for-haarde-ved-os-selv\/"},"author":{"name":"Anja Ekstr\u00f8m","@id":"https:\/\/anjaekstroem.dk\/#\/schema\/person\/ae301236eee86c4cc45c9a0b9b018b26"},"headline":"Vi er for h\u00e5rde ved os selv","datePublished":"2017-11-14T15:30:53+00:00","dateModified":"2017-11-14T15:30:53+00:00","mainEntityOfPage":{"@id":"https:\/\/anjaekstroem.dk\/vi-er-for-haarde-ved-os-selv\/"},"wordCount":458,"commentCount":24,"publisher":{"@id":"https:\/\/anjaekstroem.dk\/#organization"},"image":{"@id":"https:\/\/anjaekstroem.dk\/vi-er-for-haarde-ved-os-selv\/#primaryimage"},"thumbnailUrl":"https:\/\/anjaekstroem.dk\/wp-content\/uploads\/2017\/11\/16A1502-Edit.jpg","articleSection":["Fotoshoots","Lidt af hvert"],"inLanguage":"en-GB","potentialAction":[{"@type":"CommentAction","name":"Comment","target":["https:\/\/anjaekstroem.dk\/vi-er-for-haarde-ved-os-selv\/#respond"]}]},{"@type":"WebPage","@id":"https:\/\/anjaekstroem.dk\/vi-er-for-haarde-ved-os-selv\/","url":"https:\/\/anjaekstroem.dk\/vi-er-for-haarde-ved-os-selv\/","name":"Vi er for h\u00e5rde ved os selv - Anja Ekstr\u00f8m Creative","isPartOf":{"@id":"https:\/\/anjaekstroem.dk\/#website"},"primaryImageOfPage":{"@id":"https:\/\/anjaekstroem.dk\/vi-er-for-haarde-ved-os-selv\/#primaryimage"},"image":{"@id":"https:\/\/anjaekstroem.dk\/vi-er-for-haarde-ved-os-selv\/#primaryimage"},"thumbnailUrl":"https:\/\/anjaekstroem.dk\/wp-content\/uploads\/2017\/11\/16A1502-Edit.jpg","datePublished":"2017-11-14T15:30:53+00:00","dateModified":"2017-11-14T15:30:53+00:00","description":"Vi er for h\u00e5rde ved os selv. Optur er, n\u00e5r jeg kan bruge min fotografi til at unge kvinder ser sig selv via mine \u00f8jne og kamera.","breadcrumb":{"@id":"https:\/\/anjaekstroem.dk\/vi-er-for-haarde-ved-os-selv\/#breadcrumb"},"inLanguage":"en-GB","potentialAction":[{"@type":"ReadAction","target":["https:\/\/anjaekstroem.dk\/vi-er-for-haarde-ved-os-selv\/"]}]},{"@type":"ImageObject","inLanguage":"en-GB","@id":"https:\/\/anjaekstroem.dk\/vi-er-for-haarde-ved-os-selv\/#primaryimage","url":"https:\/\/anjaekstroem.dk\/wp-content\/uploads\/2017\/11\/16A1502-Edit.jpg","contentUrl":"https:\/\/anjaekstroem.dk\/wp-content\/uploads\/2017\/11\/16A1502-Edit.jpg","width":2048,"height":1365,"caption":"portr\u00e6tfotograf Anja Ekstr\u00f8m"},{"@type":"BreadcrumbList","@id":"https:\/\/anjaekstroem.dk\/vi-er-for-haarde-ved-os-selv\/#breadcrumb","itemListElement":[{"@type":"ListItem","position":1,"name":"Hjem","item":"https:\/\/anjaekstroem.dk\/"},{"@type":"ListItem","position":2,"name":"Vi er for h\u00e5rde ved os selv"}]},{"@type":"WebSite","@id":"https:\/\/anjaekstroem.dk\/#website","url":"https:\/\/anjaekstroem.dk\/","name":"Anja Ekstr\u00f8m Creative","description":"Fotograf med sj\u00e6l","publisher":{"@id":"https:\/\/anjaekstroem.dk\/#organization"},"potentialAction":[{"@type":"SearchAction","target":{"@type":"EntryPoint","urlTemplate":"https:\/\/anjaekstroem.dk\/?s={search_term_string}"},"query-input":{"@type":"PropertyValueSpecification","valueRequired":true,"valueName":"search_term_string"}}],"inLanguage":"en-GB"},{"@type":"Organization","@id":"https:\/\/anjaekstroem.dk\/#organization","name":"Anja Ekstr\u00f8m Creative","url":"https:\/\/anjaekstroem.dk\/","logo":{"@type":"ImageObject","inLanguage":"en-GB","@id":"https:\/\/anjaekstroem.dk\/#\/schema\/logo\/image\/","url":"https:\/\/anjaekstroem.dk\/wp-content\/uploads\/2021\/10\/AnjaEkstroem-03.png","contentUrl":"https:\/\/anjaekstroem.dk\/wp-content\/uploads\/2021\/10\/AnjaEkstroem-03.png","width":2560,"height":662,"caption":"Anja Ekstr\u00f8m Creative"},"image":{"@id":"https:\/\/anjaekstroem.dk\/#\/schema\/logo\/image\/"}},{"@type":"Person","@id":"https:\/\/anjaekstroem.dk\/#\/schema\/person\/ae301236eee86c4cc45c9a0b9b018b26","name":"Anja Ekstr\u00f8m","url":"https:\/\/anjaekstroem.dk\/en\/author\/anja\/"}]}},"_links":{"self":[{"href":"https:\/\/anjaekstroem.dk\/en\/wp-json\/wp\/v2\/posts\/1625","targetHints":{"allow":["GET"]}}],"collection":[{"href":"https:\/\/anjaekstroem.dk\/en\/wp-json\/wp\/v2\/posts"}],"about":[{"href":"https:\/\/anjaekstroem.dk\/en\/wp-json\/wp\/v2\/types\/post"}],"author":[{"embeddable":true,"href":"https:\/\/anjaekstroem.dk\/en\/wp-json\/wp\/v2\/users\/3"}],"replies":[{"embeddable":true,"href":"https:\/\/anjaekstroem.dk\/en\/wp-json\/wp\/v2\/comments?post=1625"}],"version-history":[{"count":0,"href":"https:\/\/anjaekstroem.dk\/en\/wp-json\/wp\/v2\/posts\/1625\/revisions"}],"wp:featuredmedia":[{"embeddable":true,"href":"https:\/\/anjaekstroem.dk\/en\/wp-json\/wp\/v2\/media\/1640"}],"wp:attachment":[{"href":"https:\/\/anjaekstroem.dk\/en\/wp-json\/wp\/v2\/media?parent=1625"}],"wp:term":[{"taxonomy":"category","embeddable":true,"href":"https:\/\/anjaekstroem.dk\/en\/wp-json\/wp\/v2\/categories?post=1625"},{"taxonomy":"post_tag","embeddable":true,"href":"https:\/\/anjaekstroem.dk\/en\/wp-json\/wp\/v2\/tags?post=1625"}],"curies":[{"name":"wp","href":"https:\/\/api.w.org\/{rel}","templated":true}]}}