{"id":11854,"date":"2025-04-07T18:05:56","date_gmt":"2025-04-07T16:05:56","guid":{"rendered":"https:\/\/anjaekstroem.dk\/?p=11854"},"modified":"2025-04-07T18:06:48","modified_gmt":"2025-04-07T16:06:48","slug":"nyhed-nu-aabner-jeg-doerene-for-kommende-modeller-modeldroemmen-kan-blive-til-virkelighed","status":"publish","type":"post","link":"https:\/\/anjaekstroem.dk\/en\/news-now-i-open-the-doors-for-upcoming-models-the-model-dream-can-come-true\/","title":{"rendered":"NEW: Now I&#039;m opening the doors to upcoming models - The model dream can come true!"},"content":{"rendered":"<p>I&#039;ve been teaching photographers for years \u2013 and I&#039;ve loved every second of it. Seeing people grow, find the courage to pursue their passion and create images they never thought possible is what drives me.<\/p><h4 class=\"wp-block-heading\">But something has been brewing for a long time\u2026<br>But what about those who stand in front of the camera? What about all of you who have a budding modeling dream in your stomach \u2013 but have no idea where to start?<\/h4><p>I have answered that:<br>I have created a fantastic and intensive 2-day workshop: <strong><a href=\"https:\/\/anjaekstroem.dk\/en\/workshop\/modeldroemme-2-dages-intensiv-workshop\/\">Model dreams \u2013 an intensive weekend workshop <\/a><\/strong>for new models who want to enter the industry with the right starting point.<\/p><p>This is not a \u201cphotoshoot for fun\u201d.<br>It&#039;s two full days in a professional studio with instruction from an experienced model and makeup artist, photoshoots with me behind the camera, and a guest presentation from a <strong>recognized modeling agency<\/strong>, where you not only gain insight \u2013 but also become <em>seen<\/em>A professional coach will also come by and give you tips and tools to best prepare you for the task ahead of you as an upcoming model.<\/p><p>You will learn how to work in front of the camera, how to pose professionally, how to apply beautiful basic makeup, how to take the best possible care of yourself and, not least, how to use social media as a platform \u2013 not as a trap. You will get 2 beautiful, fully edited photos (beauty &amp; fashion) for your first model book, but most importantly: you will get <em>insight, courage and direction<\/em>.<\/p><p>This is not for everyone.<br><strong>It is for you who want <em>something about it<\/em>.<\/strong><br>You who feel that the modeling dream is not just a thought - but a direction you want to take seriously.<\/p><p>There are only 8 spots on each team.<br>You must apply to be considered.<br>And yes \u2013 this can be the start of your journey.<\/p><p>Are you ready?<\/p><p>\ud83d\udc49 Read more and apply here: <a href=\"https:\/\/anjaekstroem.dk\/en\/workshop\/modeldroemme-2-dages-intensiv-workshop\/\"><strong>CLICK HERE<\/strong><\/a><\/p><figure class=\"wp-block-image size-large\"><img fetchpriority=\"high\" decoding=\"async\" width=\"1024\" height=\"267\" src=\"https:\/\/anjaekstroem.dk\/wp-content\/uploads\/2025\/03\/Bootcamp-chapters-2-1024x267.jpg\" alt=\"Bootcamp Chapters in Spain for photographers with Anja Ekstr\u00f8m\" class=\"wp-image-11674\" srcset=\"https:\/\/anjaekstroem.dk\/wp-content\/uploads\/2025\/03\/Bootcamp-chapters-2-1024x267.jpg 1024w, https:\/\/anjaekstroem.dk\/wp-content\/uploads\/2025\/03\/Bootcamp-chapters-2-300x78.jpg 300w, https:\/\/anjaekstroem.dk\/wp-content\/uploads\/2025\/03\/Bootcamp-chapters-2-768x200.jpg 768w, https:\/\/anjaekstroem.dk\/wp-content\/uploads\/2025\/03\/Bootcamp-chapters-2-1536x400.jpg 1536w, https:\/\/anjaekstroem.dk\/wp-content\/uploads\/2025\/03\/Bootcamp-chapters-2-2048x533.jpg 2048w, https:\/\/anjaekstroem.dk\/wp-content\/uploads\/2025\/03\/Bootcamp-chapters-2-18x5.jpg 18w, https:\/\/anjaekstroem.dk\/wp-content\/uploads\/2025\/03\/Bootcamp-chapters-2-600x156.jpg 600w\" sizes=\"(max-width: 1024px) 100vw, 1024px\" \/><\/figure><figure class=\"wp-block-gallery has-nested-images columns-default is-cropped wp-block-gallery-1 is-layout-flex wp-block-gallery-is-layout-flex\"><figure class=\"wp-block-image size-large\"><img decoding=\"async\" width=\"682\" height=\"1024\" data-id=\"11266\" src=\"https:\/\/anjaekstroem.dk\/wp-content\/uploads\/2024\/10\/20241010-20241010-_DSC2809-682x1024.jpg\" alt=\"Mentorship Photographer Photographer Bootcamp with Anja Ekstr\u00f8m\" class=\"wp-image-11266\" srcset=\"https:\/\/anjaekstroem.dk\/wp-content\/uploads\/2024\/10\/20241010-20241010-_DSC2809-682x1024.jpg 682w, https:\/\/anjaekstroem.dk\/wp-content\/uploads\/2024\/10\/20241010-20241010-_DSC2809-200x300.jpg 200w, https:\/\/anjaekstroem.dk\/wp-content\/uploads\/2024\/10\/20241010-20241010-_DSC2809-768x1152.jpg 768w, https:\/\/anjaekstroem.dk\/wp-content\/uploads\/2024\/10\/20241010-20241010-_DSC2809-1024x1536.jpg 1024w, https:\/\/anjaekstroem.dk\/wp-content\/uploads\/2024\/10\/20241010-20241010-_DSC2809-8x12.jpg 8w, https:\/\/anjaekstroem.dk\/wp-content\/uploads\/2024\/10\/20241010-20241010-_DSC2809-600x900.jpg 600w, https:\/\/anjaekstroem.dk\/wp-content\/uploads\/2024\/10\/20241010-20241010-_DSC2809.jpg 1333w\" sizes=\"(max-width: 682px) 100vw, 682px\" \/><\/figure>\n\n<figure class=\"wp-block-image size-large\"><img decoding=\"async\" width=\"682\" height=\"1024\" data-id=\"11179\" src=\"https:\/\/anjaekstroem.dk\/wp-content\/uploads\/2024\/11\/20240828-_DSC7778_web-682x1024.jpg\" alt=\"NALAH Cosmetics campaign by Beauty photographer Anja Ekstr\u00f8m\" class=\"wp-image-11179\" srcset=\"https:\/\/anjaekstroem.dk\/wp-content\/uploads\/2024\/11\/20240828-_DSC7778_web-682x1024.jpg 682w, https:\/\/anjaekstroem.dk\/wp-content\/uploads\/2024\/11\/20240828-_DSC7778_web-200x300.jpg 200w, https:\/\/anjaekstroem.dk\/wp-content\/uploads\/2024\/11\/20240828-_DSC7778_web-768x1152.jpg 768w, https:\/\/anjaekstroem.dk\/wp-content\/uploads\/2024\/11\/20240828-_DSC7778_web-1024x1536.jpg 1024w, https:\/\/anjaekstroem.dk\/wp-content\/uploads\/2024\/11\/20240828-_DSC7778_web-8x12.jpg 8w, https:\/\/anjaekstroem.dk\/wp-content\/uploads\/2024\/11\/20240828-_DSC7778_web-600x900.jpg 600w, https:\/\/anjaekstroem.dk\/wp-content\/uploads\/2024\/11\/20240828-_DSC7778_web.jpg 1333w\" sizes=\"(max-width: 682px) 100vw, 682px\" \/><\/figure>\n\n<figure class=\"wp-block-image size-large\"><img loading=\"lazy\" decoding=\"async\" width=\"682\" height=\"1024\" data-id=\"11173\" src=\"https:\/\/anjaekstroem.dk\/wp-content\/uploads\/2024\/11\/20240828-_DSC7719_web-682x1024.jpg\" alt=\"NALAH Cosmetics campaign by Beauty photographer Anja Ekstr\u00f8m\" class=\"wp-image-11173\" srcset=\"https:\/\/anjaekstroem.dk\/wp-content\/uploads\/2024\/11\/20240828-_DSC7719_web-682x1024.jpg 682w, https:\/\/anjaekstroem.dk\/wp-content\/uploads\/2024\/11\/20240828-_DSC7719_web-200x300.jpg 200w, https:\/\/anjaekstroem.dk\/wp-content\/uploads\/2024\/11\/20240828-_DSC7719_web-768x1152.jpg 768w, https:\/\/anjaekstroem.dk\/wp-content\/uploads\/2024\/11\/20240828-_DSC7719_web-1024x1536.jpg 1024w, https:\/\/anjaekstroem.dk\/wp-content\/uploads\/2024\/11\/20240828-_DSC7719_web-8x12.jpg 8w, https:\/\/anjaekstroem.dk\/wp-content\/uploads\/2024\/11\/20240828-_DSC7719_web-600x900.jpg 600w, https:\/\/anjaekstroem.dk\/wp-content\/uploads\/2024\/11\/20240828-_DSC7719_web.jpg 1333w\" sizes=\"(max-width: 682px) 100vw, 682px\" \/><\/figure>\n\n<figure class=\"wp-block-image size-large\"><img loading=\"lazy\" decoding=\"async\" width=\"682\" height=\"1024\" data-id=\"10831\" src=\"https:\/\/anjaekstroem.dk\/wp-content\/uploads\/2023\/04\/20230401-_DSC2562_web-682x1024.jpg\" alt=\"Photographer Bootcamp March and April 2023 with Anja Ekstr\u00f8m\" class=\"wp-image-10831\" srcset=\"https:\/\/anjaekstroem.dk\/wp-content\/uploads\/2023\/04\/20230401-_DSC2562_web-682x1024.jpg 682w, https:\/\/anjaekstroem.dk\/wp-content\/uploads\/2023\/04\/20230401-_DSC2562_web-200x300.jpg 200w, https:\/\/anjaekstroem.dk\/wp-content\/uploads\/2023\/04\/20230401-_DSC2562_web-768x1152.jpg 768w, https:\/\/anjaekstroem.dk\/wp-content\/uploads\/2023\/04\/20230401-_DSC2562_web-1024x1536.jpg 1024w, https:\/\/anjaekstroem.dk\/wp-content\/uploads\/2023\/04\/20230401-_DSC2562_web-8x12.jpg 8w, https:\/\/anjaekstroem.dk\/wp-content\/uploads\/2023\/04\/20230401-_DSC2562_web-600x900.jpg 600w, https:\/\/anjaekstroem.dk\/wp-content\/uploads\/2023\/04\/20230401-_DSC2562_web.jpg 1333w\" sizes=\"(max-width: 682px) 100vw, 682px\" \/><\/figure>\n\n<figure class=\"wp-block-image size-large\"><img loading=\"lazy\" decoding=\"async\" width=\"682\" height=\"1024\" data-id=\"10770\" src=\"https:\/\/anjaekstroem.dk\/wp-content\/uploads\/2023\/04\/20230329-_DSC1467_web-682x1024.jpg\" alt=\"Photographer Bootcamp March and April 2023 with Anja Ekstr\u00f8m\" class=\"wp-image-10770\" srcset=\"https:\/\/anjaekstroem.dk\/wp-content\/uploads\/2023\/04\/20230329-_DSC1467_web-682x1024.jpg 682w, https:\/\/anjaekstroem.dk\/wp-content\/uploads\/2023\/04\/20230329-_DSC1467_web-200x300.jpg 200w, https:\/\/anjaekstroem.dk\/wp-content\/uploads\/2023\/04\/20230329-_DSC1467_web-768x1152.jpg 768w, https:\/\/anjaekstroem.dk\/wp-content\/uploads\/2023\/04\/20230329-_DSC1467_web-1024x1536.jpg 1024w, https:\/\/anjaekstroem.dk\/wp-content\/uploads\/2023\/04\/20230329-_DSC1467_web-8x12.jpg 8w, https:\/\/anjaekstroem.dk\/wp-content\/uploads\/2023\/04\/20230329-_DSC1467_web-600x900.jpg 600w, https:\/\/anjaekstroem.dk\/wp-content\/uploads\/2023\/04\/20230329-_DSC1467_web.jpg 1333w\" sizes=\"(max-width: 682px) 100vw, 682px\" \/><\/figure><\/figure>","protected":false},"excerpt":{"rendered":"<p>I have been teaching photographers for years \u2013 and loved every second of it. Seeing people grow, finding the courage to pursue their passion and create images they never thought possible, is what drives me. But something has been nagging for a long time\u2026But what about those in front of the camera? What about all of you who are sitting with [\u2026]<\/p>","protected":false},"author":3,"featured_media":11276,"comment_status":"closed","ping_status":"closed","sticky":false,"template":"","format":"standard","meta":{"_acf_changed":false,"iawp_total_views":53,"footnotes":""},"categories":[52,31,71],"tags":[],"class_list":["post-11854","post","type-post","status-publish","format-standard","has-post-thumbnail","hentry","category-fotoshoots","category-inspiration","category-lidt-af-hvert"],"acf":[],"yoast_head":"<!-- This site is optimized with the Yoast SEO plugin v23.5 - https:\/\/yoast.com\/wordpress\/plugins\/seo\/ -->\n<title>NYHED: Nu \u00e5bner jeg d\u00f8rene for kommende modeller \u2013 Modeldr\u00f8mmen kan blive til virkelighed! - Anja Ekstr\u00f8m Creative<\/title>\n<meta name=\"description\" content=\"NYHED: Nu \u00e5bner jeg d\u00f8rene for kommende modeller - modeldr\u00f8mmen kan blive virkelighed for dig efter denne 2 dages intensive workshop.\" \/>\n<meta name=\"robots\" content=\"index, follow, max-snippet:-1, max-image-preview:large, max-video-preview:-1\" \/>\n<link rel=\"canonical\" href=\"https:\/\/anjaekstroem.dk\/en\/news-now-i-open-the-doors-for-upcoming-models-the-model-dream-can-come-true\/\" \/>\n<meta property=\"og:locale\" content=\"en_GB\" \/>\n<meta property=\"og:type\" content=\"article\" \/>\n<meta property=\"og:title\" content=\"NYHED: Nu \u00e5bner jeg d\u00f8rene for kommende modeller \u2013 Modeldr\u00f8mmen kan blive til virkelighed! - Anja Ekstr\u00f8m Creative\" \/>\n<meta property=\"og:description\" content=\"NYHED: Nu \u00e5bner jeg d\u00f8rene for kommende modeller - modeldr\u00f8mmen kan blive virkelighed for dig efter denne 2 dages intensive workshop.\" \/>\n<meta property=\"og:url\" content=\"https:\/\/anjaekstroem.dk\/en\/news-now-i-open-the-doors-for-upcoming-models-the-model-dream-can-come-true\/\" \/>\n<meta property=\"og:site_name\" content=\"Anja Ekstr\u00f8m Creative\" \/>\n<meta property=\"article:published_time\" content=\"2025-04-07T16:05:56+00:00\" \/>\n<meta property=\"article:modified_time\" content=\"2025-04-07T16:06:48+00:00\" \/>\n<meta property=\"og:image\" content=\"https:\/\/anjaekstroem.dk\/wp-content\/uploads\/2024\/10\/20241010-20241010-_DSC2890.jpg\" \/>\n\t<meta property=\"og:image:width\" content=\"2048\" \/>\n\t<meta property=\"og:image:height\" content=\"1365\" \/>\n\t<meta property=\"og:image:type\" content=\"image\/jpeg\" \/>\n<meta name=\"author\" content=\"Anja Ekstr\u00f8m\" \/>\n<meta name=\"twitter:card\" content=\"summary_large_image\" \/>\n<meta name=\"twitter:label1\" content=\"Written by\" \/>\n\t<meta name=\"twitter:data1\" content=\"Anja Ekstr\u00f8m\" \/>\n\t<meta name=\"twitter:label2\" content=\"Estimated reading time\" \/>\n\t<meta name=\"twitter:data2\" content=\"4 minutes\" \/>\n<script type=\"application\/ld+json\" class=\"yoast-schema-graph\">{\"@context\":\"https:\/\/schema.org\",\"@graph\":[{\"@type\":\"Article\",\"@id\":\"https:\/\/anjaekstroem.dk\/nyhed-nu-aabner-jeg-doerene-for-kommende-modeller-modeldroemmen-kan-blive-til-virkelighed\/#article\",\"isPartOf\":{\"@id\":\"https:\/\/anjaekstroem.dk\/nyhed-nu-aabner-jeg-doerene-for-kommende-modeller-modeldroemmen-kan-blive-til-virkelighed\/\"},\"author\":{\"name\":\"Anja Ekstr\u00f8m\",\"@id\":\"https:\/\/anjaekstroem.dk\/#\/schema\/person\/ae301236eee86c4cc45c9a0b9b018b26\"},\"headline\":\"NYHED: Nu \u00e5bner jeg d\u00f8rene for kommende modeller \u2013 Modeldr\u00f8mmen kan blive til virkelighed!\",\"datePublished\":\"2025-04-07T16:05:56+00:00\",\"dateModified\":\"2025-04-07T16:06:48+00:00\",\"mainEntityOfPage\":{\"@id\":\"https:\/\/anjaekstroem.dk\/nyhed-nu-aabner-jeg-doerene-for-kommende-modeller-modeldroemmen-kan-blive-til-virkelighed\/\"},\"wordCount\":337,\"publisher\":{\"@id\":\"https:\/\/anjaekstroem.dk\/#organization\"},\"image\":{\"@id\":\"https:\/\/anjaekstroem.dk\/nyhed-nu-aabner-jeg-doerene-for-kommende-modeller-modeldroemmen-kan-blive-til-virkelighed\/#primaryimage\"},\"thumbnailUrl\":\"https:\/\/anjaekstroem.dk\/wp-content\/uploads\/2024\/10\/20241010-20241010-_DSC2890.jpg\",\"articleSection\":[\"Fotoshoots\",\"Inspiration\",\"Lidt af hvert\"],\"inLanguage\":\"en-GB\"},{\"@type\":\"WebPage\",\"@id\":\"https:\/\/anjaekstroem.dk\/nyhed-nu-aabner-jeg-doerene-for-kommende-modeller-modeldroemmen-kan-blive-til-virkelighed\/\",\"url\":\"https:\/\/anjaekstroem.dk\/nyhed-nu-aabner-jeg-doerene-for-kommende-modeller-modeldroemmen-kan-blive-til-virkelighed\/\",\"name\":\"NYHED: Nu \u00e5bner jeg d\u00f8rene for kommende modeller \u2013 Modeldr\u00f8mmen kan blive til virkelighed! - Anja Ekstr\u00f8m Creative\",\"isPartOf\":{\"@id\":\"https:\/\/anjaekstroem.dk\/#website\"},\"primaryImageOfPage\":{\"@id\":\"https:\/\/anjaekstroem.dk\/nyhed-nu-aabner-jeg-doerene-for-kommende-modeller-modeldroemmen-kan-blive-til-virkelighed\/#primaryimage\"},\"image\":{\"@id\":\"https:\/\/anjaekstroem.dk\/nyhed-nu-aabner-jeg-doerene-for-kommende-modeller-modeldroemmen-kan-blive-til-virkelighed\/#primaryimage\"},\"thumbnailUrl\":\"https:\/\/anjaekstroem.dk\/wp-content\/uploads\/2024\/10\/20241010-20241010-_DSC2890.jpg\",\"datePublished\":\"2025-04-07T16:05:56+00:00\",\"dateModified\":\"2025-04-07T16:06:48+00:00\",\"description\":\"NYHED: Nu \u00e5bner jeg d\u00f8rene for kommende modeller - modeldr\u00f8mmen kan blive virkelighed for dig efter denne 2 dages intensive workshop.\",\"breadcrumb\":{\"@id\":\"https:\/\/anjaekstroem.dk\/nyhed-nu-aabner-jeg-doerene-for-kommende-modeller-modeldroemmen-kan-blive-til-virkelighed\/#breadcrumb\"},\"inLanguage\":\"en-GB\",\"potentialAction\":[{\"@type\":\"ReadAction\",\"target\":[\"https:\/\/anjaekstroem.dk\/nyhed-nu-aabner-jeg-doerene-for-kommende-modeller-modeldroemmen-kan-blive-til-virkelighed\/\"]}]},{\"@type\":\"ImageObject\",\"inLanguage\":\"en-GB\",\"@id\":\"https:\/\/anjaekstroem.dk\/nyhed-nu-aabner-jeg-doerene-for-kommende-modeller-modeldroemmen-kan-blive-til-virkelighed\/#primaryimage\",\"url\":\"https:\/\/anjaekstroem.dk\/wp-content\/uploads\/2024\/10\/20241010-20241010-_DSC2890.jpg\",\"contentUrl\":\"https:\/\/anjaekstroem.dk\/wp-content\/uploads\/2024\/10\/20241010-20241010-_DSC2890.jpg\",\"width\":2048,\"height\":1365,\"caption\":\"Mentorship Photographer Fotograf Bootcamp with Anja Ekstr\u00f8m\"},{\"@type\":\"BreadcrumbList\",\"@id\":\"https:\/\/anjaekstroem.dk\/nyhed-nu-aabner-jeg-doerene-for-kommende-modeller-modeldroemmen-kan-blive-til-virkelighed\/#breadcrumb\",\"itemListElement\":[{\"@type\":\"ListItem\",\"position\":1,\"name\":\"Hjem\",\"item\":\"https:\/\/anjaekstroem.dk\/\"},{\"@type\":\"ListItem\",\"position\":2,\"name\":\"NYHED: Nu \u00e5bner jeg d\u00f8rene for kommende modeller \u2013 Modeldr\u00f8mmen kan blive til virkelighed!\"}]},{\"@type\":\"WebSite\",\"@id\":\"https:\/\/anjaekstroem.dk\/#website\",\"url\":\"https:\/\/anjaekstroem.dk\/\",\"name\":\"Anja Ekstr\u00f8m Creative\",\"description\":\"Fotograf med sj\u00e6l\",\"publisher\":{\"@id\":\"https:\/\/anjaekstroem.dk\/#organization\"},\"potentialAction\":[{\"@type\":\"SearchAction\",\"target\":{\"@type\":\"EntryPoint\",\"urlTemplate\":\"https:\/\/anjaekstroem.dk\/?s={search_term_string}\"},\"query-input\":{\"@type\":\"PropertyValueSpecification\",\"valueRequired\":true,\"valueName\":\"search_term_string\"}}],\"inLanguage\":\"en-GB\"},{\"@type\":\"Organization\",\"@id\":\"https:\/\/anjaekstroem.dk\/#organization\",\"name\":\"Anja Ekstr\u00f8m Creative\",\"url\":\"https:\/\/anjaekstroem.dk\/\",\"logo\":{\"@type\":\"ImageObject\",\"inLanguage\":\"en-GB\",\"@id\":\"https:\/\/anjaekstroem.dk\/#\/schema\/logo\/image\/\",\"url\":\"https:\/\/anjaekstroem.dk\/wp-content\/uploads\/2021\/10\/AnjaEkstroem-03.png\",\"contentUrl\":\"https:\/\/anjaekstroem.dk\/wp-content\/uploads\/2021\/10\/AnjaEkstroem-03.png\",\"width\":2560,\"height\":662,\"caption\":\"Anja Ekstr\u00f8m Creative\"},\"image\":{\"@id\":\"https:\/\/anjaekstroem.dk\/#\/schema\/logo\/image\/\"}},{\"@type\":\"Person\",\"@id\":\"https:\/\/anjaekstroem.dk\/#\/schema\/person\/ae301236eee86c4cc45c9a0b9b018b26\",\"name\":\"Anja Ekstr\u00f8m\",\"url\":\"https:\/\/anjaekstroem.dk\/en\/author\/anja\/\"}]}<\/script>\n<!-- \/ Yoast SEO plugin. -->","yoast_head_json":{"title":"NYHED: Nu \u00e5bner jeg d\u00f8rene for kommende modeller \u2013 Modeldr\u00f8mmen kan blive til virkelighed! - Anja Ekstr\u00f8m Creative","description":"NYHED: Nu \u00e5bner jeg d\u00f8rene for kommende modeller - modeldr\u00f8mmen kan blive virkelighed for dig efter denne 2 dages intensive workshop.","robots":{"index":"index","follow":"follow","max-snippet":"max-snippet:-1","max-image-preview":"max-image-preview:large","max-video-preview":"max-video-preview:-1"},"canonical":"https:\/\/anjaekstroem.dk\/en\/news-now-i-open-the-doors-for-upcoming-models-the-model-dream-can-come-true\/","og_locale":"en_GB","og_type":"article","og_title":"NYHED: Nu \u00e5bner jeg d\u00f8rene for kommende modeller \u2013 Modeldr\u00f8mmen kan blive til virkelighed! - Anja Ekstr\u00f8m Creative","og_description":"NYHED: Nu \u00e5bner jeg d\u00f8rene for kommende modeller - modeldr\u00f8mmen kan blive virkelighed for dig efter denne 2 dages intensive workshop.","og_url":"https:\/\/anjaekstroem.dk\/en\/news-now-i-open-the-doors-for-upcoming-models-the-model-dream-can-come-true\/","og_site_name":"Anja Ekstr\u00f8m Creative","article_published_time":"2025-04-07T16:05:56+00:00","article_modified_time":"2025-04-07T16:06:48+00:00","og_image":[{"width":2048,"height":1365,"url":"https:\/\/anjaekstroem.dk\/wp-content\/uploads\/2024\/10\/20241010-20241010-_DSC2890.jpg","type":"image\/jpeg"}],"author":"Anja Ekstr\u00f8m","twitter_card":"summary_large_image","twitter_misc":{"Written by":"Anja Ekstr\u00f8m","Estimated reading time":"4 minutes"},"schema":{"@context":"https:\/\/schema.org","@graph":[{"@type":"Article","@id":"https:\/\/anjaekstroem.dk\/nyhed-nu-aabner-jeg-doerene-for-kommende-modeller-modeldroemmen-kan-blive-til-virkelighed\/#article","isPartOf":{"@id":"https:\/\/anjaekstroem.dk\/nyhed-nu-aabner-jeg-doerene-for-kommende-modeller-modeldroemmen-kan-blive-til-virkelighed\/"},"author":{"name":"Anja Ekstr\u00f8m","@id":"https:\/\/anjaekstroem.dk\/#\/schema\/person\/ae301236eee86c4cc45c9a0b9b018b26"},"headline":"NYHED: Nu \u00e5bner jeg d\u00f8rene for kommende modeller \u2013 Modeldr\u00f8mmen kan blive til virkelighed!","datePublished":"2025-04-07T16:05:56+00:00","dateModified":"2025-04-07T16:06:48+00:00","mainEntityOfPage":{"@id":"https:\/\/anjaekstroem.dk\/nyhed-nu-aabner-jeg-doerene-for-kommende-modeller-modeldroemmen-kan-blive-til-virkelighed\/"},"wordCount":337,"publisher":{"@id":"https:\/\/anjaekstroem.dk\/#organization"},"image":{"@id":"https:\/\/anjaekstroem.dk\/nyhed-nu-aabner-jeg-doerene-for-kommende-modeller-modeldroemmen-kan-blive-til-virkelighed\/#primaryimage"},"thumbnailUrl":"https:\/\/anjaekstroem.dk\/wp-content\/uploads\/2024\/10\/20241010-20241010-_DSC2890.jpg","articleSection":["Fotoshoots","Inspiration","Lidt af hvert"],"inLanguage":"en-GB"},{"@type":"WebPage","@id":"https:\/\/anjaekstroem.dk\/nyhed-nu-aabner-jeg-doerene-for-kommende-modeller-modeldroemmen-kan-blive-til-virkelighed\/","url":"https:\/\/anjaekstroem.dk\/nyhed-nu-aabner-jeg-doerene-for-kommende-modeller-modeldroemmen-kan-blive-til-virkelighed\/","name":"NYHED: Nu \u00e5bner jeg d\u00f8rene for kommende modeller \u2013 Modeldr\u00f8mmen kan blive til virkelighed! - Anja Ekstr\u00f8m Creative","isPartOf":{"@id":"https:\/\/anjaekstroem.dk\/#website"},"primaryImageOfPage":{"@id":"https:\/\/anjaekstroem.dk\/nyhed-nu-aabner-jeg-doerene-for-kommende-modeller-modeldroemmen-kan-blive-til-virkelighed\/#primaryimage"},"image":{"@id":"https:\/\/anjaekstroem.dk\/nyhed-nu-aabner-jeg-doerene-for-kommende-modeller-modeldroemmen-kan-blive-til-virkelighed\/#primaryimage"},"thumbnailUrl":"https:\/\/anjaekstroem.dk\/wp-content\/uploads\/2024\/10\/20241010-20241010-_DSC2890.jpg","datePublished":"2025-04-07T16:05:56+00:00","dateModified":"2025-04-07T16:06:48+00:00","description":"NYHED: Nu \u00e5bner jeg d\u00f8rene for kommende modeller - modeldr\u00f8mmen kan blive virkelighed for dig efter denne 2 dages intensive workshop.","breadcrumb":{"@id":"https:\/\/anjaekstroem.dk\/nyhed-nu-aabner-jeg-doerene-for-kommende-modeller-modeldroemmen-kan-blive-til-virkelighed\/#breadcrumb"},"inLanguage":"en-GB","potentialAction":[{"@type":"ReadAction","target":["https:\/\/anjaekstroem.dk\/nyhed-nu-aabner-jeg-doerene-for-kommende-modeller-modeldroemmen-kan-blive-til-virkelighed\/"]}]},{"@type":"ImageObject","inLanguage":"en-GB","@id":"https:\/\/anjaekstroem.dk\/nyhed-nu-aabner-jeg-doerene-for-kommende-modeller-modeldroemmen-kan-blive-til-virkelighed\/#primaryimage","url":"https:\/\/anjaekstroem.dk\/wp-content\/uploads\/2024\/10\/20241010-20241010-_DSC2890.jpg","contentUrl":"https:\/\/anjaekstroem.dk\/wp-content\/uploads\/2024\/10\/20241010-20241010-_DSC2890.jpg","width":2048,"height":1365,"caption":"Mentorship Photographer Fotograf Bootcamp with Anja Ekstr\u00f8m"},{"@type":"BreadcrumbList","@id":"https:\/\/anjaekstroem.dk\/nyhed-nu-aabner-jeg-doerene-for-kommende-modeller-modeldroemmen-kan-blive-til-virkelighed\/#breadcrumb","itemListElement":[{"@type":"ListItem","position":1,"name":"Hjem","item":"https:\/\/anjaekstroem.dk\/"},{"@type":"ListItem","position":2,"name":"NYHED: Nu \u00e5bner jeg d\u00f8rene for kommende modeller \u2013 Modeldr\u00f8mmen kan blive til virkelighed!"}]},{"@type":"WebSite","@id":"https:\/\/anjaekstroem.dk\/#website","url":"https:\/\/anjaekstroem.dk\/","name":"Anja Ekstr\u00f8m Creative","description":"Fotograf med sj\u00e6l","publisher":{"@id":"https:\/\/anjaekstroem.dk\/#organization"},"potentialAction":[{"@type":"SearchAction","target":{"@type":"EntryPoint","urlTemplate":"https:\/\/anjaekstroem.dk\/?s={search_term_string}"},"query-input":{"@type":"PropertyValueSpecification","valueRequired":true,"valueName":"search_term_string"}}],"inLanguage":"en-GB"},{"@type":"Organization","@id":"https:\/\/anjaekstroem.dk\/#organization","name":"Anja Ekstr\u00f8m Creative","url":"https:\/\/anjaekstroem.dk\/","logo":{"@type":"ImageObject","inLanguage":"en-GB","@id":"https:\/\/anjaekstroem.dk\/#\/schema\/logo\/image\/","url":"https:\/\/anjaekstroem.dk\/wp-content\/uploads\/2021\/10\/AnjaEkstroem-03.png","contentUrl":"https:\/\/anjaekstroem.dk\/wp-content\/uploads\/2021\/10\/AnjaEkstroem-03.png","width":2560,"height":662,"caption":"Anja Ekstr\u00f8m Creative"},"image":{"@id":"https:\/\/anjaekstroem.dk\/#\/schema\/logo\/image\/"}},{"@type":"Person","@id":"https:\/\/anjaekstroem.dk\/#\/schema\/person\/ae301236eee86c4cc45c9a0b9b018b26","name":"Anja Ekstr\u00f8m","url":"https:\/\/anjaekstroem.dk\/en\/author\/anja\/"}]}},"_links":{"self":[{"href":"https:\/\/anjaekstroem.dk\/en\/wp-json\/wp\/v2\/posts\/11854","targetHints":{"allow":["GET"]}}],"collection":[{"href":"https:\/\/anjaekstroem.dk\/en\/wp-json\/wp\/v2\/posts"}],"about":[{"href":"https:\/\/anjaekstroem.dk\/en\/wp-json\/wp\/v2\/types\/post"}],"author":[{"embeddable":true,"href":"https:\/\/anjaekstroem.dk\/en\/wp-json\/wp\/v2\/users\/3"}],"replies":[{"embeddable":true,"href":"https:\/\/anjaekstroem.dk\/en\/wp-json\/wp\/v2\/comments?post=11854"}],"version-history":[{"count":1,"href":"https:\/\/anjaekstroem.dk\/en\/wp-json\/wp\/v2\/posts\/11854\/revisions"}],"predecessor-version":[{"id":11855,"href":"https:\/\/anjaekstroem.dk\/en\/wp-json\/wp\/v2\/posts\/11854\/revisions\/11855"}],"wp:featuredmedia":[{"embeddable":true,"href":"https:\/\/anjaekstroem.dk\/en\/wp-json\/wp\/v2\/media\/11276"}],"wp:attachment":[{"href":"https:\/\/anjaekstroem.dk\/en\/wp-json\/wp\/v2\/media?parent=11854"}],"wp:term":[{"taxonomy":"category","embeddable":true,"href":"https:\/\/anjaekstroem.dk\/en\/wp-json\/wp\/v2\/categories?post=11854"},{"taxonomy":"post_tag","embeddable":true,"href":"https:\/\/anjaekstroem.dk\/en\/wp-json\/wp\/v2\/tags?post=11854"}],"curies":[{"name":"wp","href":"https:\/\/api.w.org\/{rel}","templated":true}]}}